{"id":49783,"date":"2014-08-07T09:14:58","date_gmt":"2014-08-07T13:14:58","guid":{"rendered":"http:\/\/www.eltrabajo.cl\/portal\/?p=49783"},"modified":"2014-08-07T09:14:58","modified_gmt":"2014-08-07T13:14:58","slug":"familia-podrian-perder-subsidio-del-agua-por-negativa-del-apr","status":"publish","type":"post","link":"https:\/\/eltrabajo.cl\/portal\/familia-podrian-perder-subsidio-del-agua-por-negativa-del-apr\/","title":{"rendered":"Familia podr\u00edan perder subsidio del agua por negativa del APR"},"content":{"rendered":"<figure id=\"attachment_49784\" aria-describedby=\"caption-attachment-49784\" style=\"width: 317px\" class=\"wp-caption alignleft\"><a href=\"https:\/\/i0.wp.com\/www.eltrabajo.cl\/portal\/wp-content\/uploads\/2014\/08\/Daniel-Zamora.jpg\"><img data-recalc-dims=\"1\" loading=\"lazy\" decoding=\"async\" class=\" wp-image-49784 \" alt=\"Daniel Zamora, vecino afectado.\" src=\"https:\/\/i0.wp.com\/www.eltrabajo.cl\/portal\/wp-content\/uploads\/2014\/08\/Daniel-Zamora.jpg?resize=317%2C215\" width=\"317\" height=\"215\" srcset=\"https:\/\/i0.wp.com\/eltrabajo.cl\/portal\/wp-content\/uploads\/2014\/08\/Daniel-Zamora.jpg?w=529&amp;ssl=1 529w, https:\/\/i0.wp.com\/eltrabajo.cl\/portal\/wp-content\/uploads\/2014\/08\/Daniel-Zamora.jpg?resize=200%2C135&amp;ssl=1 200w, https:\/\/i0.wp.com\/eltrabajo.cl\/portal\/wp-content\/uploads\/2014\/08\/Daniel-Zamora.jpg?resize=300%2C203&amp;ssl=1 300w, https:\/\/i0.wp.com\/eltrabajo.cl\/portal\/wp-content\/uploads\/2014\/08\/Daniel-Zamora.jpg?resize=150%2C101&amp;ssl=1 150w, https:\/\/i0.wp.com\/eltrabajo.cl\/portal\/wp-content\/uploads\/2014\/08\/Daniel-Zamora.jpg?resize=400%2C270&amp;ssl=1 400w\" sizes=\"auto, (max-width: 317px) 100vw, 317px\" \/><\/a><figcaption id=\"caption-attachment-49784\" class=\"wp-caption-text\">Daniel Zamora, vecino afectado.<\/figcaption><\/figure>\n<p><strong>PUTAENDO<\/strong>.- Un grupo de vecinos del sector de Las Coimas, acudi\u00f3 hasta el Concejo Municipal de Putaendo, para solicitar la ayuda de las autoridades comunales, a fin que puedan intervenir ante el APR de Las Coimas y as\u00ed no perder los subsidios del agua potable.<\/p>\n<p>Sebasti\u00e1n S\u00e1nchez en representaci\u00f3n de quienes acudieron al concejo municipal, indic\u00f3 que el problema radica en que han sido beneficiados con el subsidio de agua potable rural entregado por el Serviu, pero que al no tener regularizados los arranques domiciliarios no pueden optar a este beneficio, pues la presidente del APR de Las Coimas se niega entregar nuevos medidores, aduciendo que dicho comit\u00e9 no puede entregar m\u00e1s arranques domiciliarios.<\/p>\n<p>Ante la imposibilidad de seguir dialogando con la presidente del APR, S\u00e1nchez indic\u00f3 que decidieron acudir al concejo municipal, pues a su juicio en entregar dos o tres medidores nuevos no significar\u00e1 un problema para el APR, por lo que espera que las autoridades les puedan ayudar en este delicado asunto.<\/p>\n<p><strong>MUY HUMILLADOS<\/strong><\/p>\n<p>En este mismo sentido, Daniel Zamora dijo que hoy un grupo importante de clientes del APR de Las Coimas que por diferentes motivos manten\u00eda y mantiene deudas en el pago del suministro de agua potable, se sienten humillados por la decisi\u00f3n arbitraria que tom\u00f3 la presidente del APR de las Coimas, de publicar una lista con los nombres de los morosos, que trat\u00e1ndose de un tema privado y muy personal, no tuvo ning\u00fan respeto por la dignidad de las personas que por diferentes motivos no han podido pagar sus deudas.<\/p>\n<p>Zamora dijo que hoy la presidente del APR les niega medidores y arranques a estas esforzadas familias y s\u00ed autoriz\u00f3 otros arranques en el sector de La Punta del olivo, y a un empresario que ha instalado un centro deportivo a orilla de carretera, agregando que la prepotencia con que act\u00faa la presidente del APR hace imposible mantener un di\u00e1logo coherente y respetuoso.<\/p>\n<p>Las personas que solicitan estos arranques domiciliarios aseguran tener documentos de la Direcci\u00f3n de Obras Hidr\u00e1ulicas Regional, que se\u00f1alar\u00edan que dicho APR tiene factibilidad t\u00e9cnica para entregar nuevos arranques domiciliarios.<\/p>\n<p>Patricio Gallardo M.<\/p>\n","protected":false},"excerpt":{"rendered":"<p>PUTAENDO.- Un grupo de vecinos del sector de Las Coimas, acudi\u00f3 hasta el Concejo Municipal de Putaendo, para solicitar la ayuda de las autoridades comunales, a fin que puedan intervenir ante el&#8230;<\/p>\n","protected":false},"author":482,"featured_media":49784,"comment_status":"open","ping_status":"closed","sticky":false,"template":"","format":"standard","meta":{"advanced_seo_description":"","jetpack_seo_html_title":"","jetpack_seo_noindex":false,"_jetpack_memberships_contains_paid_content":false,"footnotes":""},"categories":[15],"tags":[],"class_list":["post-49783","post","type-post","status-publish","format-standard","has-post-thumbnail","hentry","category-comunidad"],"jetpack_featured_media_url":"https:\/\/i0.wp.com\/eltrabajo.cl\/portal\/wp-content\/uploads\/2014\/08\/Daniel-Zamora.jpg?fit=529%2C358&ssl=1","jetpack_sharing_enabled":true,"jetpack_likes_enabled":true,"jetpack-related-posts":[],"_links":{"self":[{"href":"https:\/\/eltrabajo.cl\/portal\/wp-json\/wp\/v2\/posts\/49783","targetHints":{"allow":["GET"]}}],"collection":[{"href":"https:\/\/eltrabajo.cl\/portal\/wp-json\/wp\/v2\/posts"}],"about":[{"href":"https:\/\/eltrabajo.cl\/portal\/wp-json\/wp\/v2\/types\/post"}],"author":[{"embeddable":true,"href":"https:\/\/eltrabajo.cl\/portal\/wp-json\/wp\/v2\/users\/482"}],"replies":[{"embeddable":true,"href":"https:\/\/eltrabajo.cl\/portal\/wp-json\/wp\/v2\/comments?post=49783"}],"version-history":[{"count":0,"href":"https:\/\/eltrabajo.cl\/portal\/wp-json\/wp\/v2\/posts\/49783\/revisions"}],"wp:featuredmedia":[{"embeddable":true,"href":"https:\/\/eltrabajo.cl\/portal\/wp-json\/wp\/v2\/media\/49784"}],"wp:attachment":[{"href":"https:\/\/eltrabajo.cl\/portal\/wp-json\/wp\/v2\/media?parent=49783"}],"wp:term":[{"taxonomy":"category","embeddable":true,"href":"https:\/\/eltrabajo.cl\/portal\/wp-json\/wp\/v2\/categories?post=49783"},{"taxonomy":"post_tag","embeddable":true,"href":"https:\/\/eltrabajo.cl\/portal\/wp-json\/wp\/v2\/tags?post=49783"}],"curies":[{"name":"wp","href":"https:\/\/api.w.org\/{rel}","templated":true}]}}