{"id":49787,"date":"2014-08-07T09:16:42","date_gmt":"2014-08-07T13:16:42","guid":{"rendered":"http:\/\/www.eltrabajo.cl\/portal\/?p=49787"},"modified":"2014-08-07T09:16:42","modified_gmt":"2014-08-07T13:16:42","slug":"orquesta-juvenil-e-infantil-de-santa-maria-brillan-en-juegos-binacionales","status":"publish","type":"post","link":"https:\/\/eltrabajo.cl\/portal\/orquesta-juvenil-e-infantil-de-santa-maria-brillan-en-juegos-binacionales\/","title":{"rendered":"Orquesta Juvenil e Infantil de Santa Mar\u00eda brillan en Juegos Binacionales"},"content":{"rendered":"<figure id=\"attachment_49788\" aria-describedby=\"caption-attachment-49788\" style=\"width: 529px\" class=\"wp-caption alignnone\"><a href=\"https:\/\/i0.wp.com\/www.eltrabajo.cl\/portal\/wp-content\/uploads\/2014\/08\/Orquesta1.jpg\"><img data-recalc-dims=\"1\" loading=\"lazy\" decoding=\"async\" class=\"size-full wp-image-49788\" alt=\"La Orquesta Juvenil e Infantil de Santa Mar\u00eda fue la Invitada de Honor a la ceremonia de inauguraci\u00f3n de los XVII Juegos Binacionales Cristo Redentor Valpara\u00edso 2014.\" src=\"https:\/\/i0.wp.com\/www.eltrabajo.cl\/portal\/wp-content\/uploads\/2014\/08\/Orquesta1.jpg?resize=529%2C281\" width=\"529\" height=\"281\" srcset=\"https:\/\/i0.wp.com\/eltrabajo.cl\/portal\/wp-content\/uploads\/2014\/08\/Orquesta1.jpg?w=529&amp;ssl=1 529w, https:\/\/i0.wp.com\/eltrabajo.cl\/portal\/wp-content\/uploads\/2014\/08\/Orquesta1.jpg?resize=200%2C106&amp;ssl=1 200w, https:\/\/i0.wp.com\/eltrabajo.cl\/portal\/wp-content\/uploads\/2014\/08\/Orquesta1.jpg?resize=300%2C159&amp;ssl=1 300w, https:\/\/i0.wp.com\/eltrabajo.cl\/portal\/wp-content\/uploads\/2014\/08\/Orquesta1.jpg?resize=150%2C79&amp;ssl=1 150w, https:\/\/i0.wp.com\/eltrabajo.cl\/portal\/wp-content\/uploads\/2014\/08\/Orquesta1.jpg?resize=400%2C212&amp;ssl=1 400w\" sizes=\"auto, (max-width: 529px) 100vw, 529px\" \/><\/a><figcaption id=\"caption-attachment-49788\" class=\"wp-caption-text\">La Orquesta Juvenil e Infantil de Santa Mar\u00eda fue la Invitada de Honor a la ceremonia de inauguraci\u00f3n de los XVII Juegos Binacionales Cristo Redentor Valpara\u00edso 2014.<\/figcaption><\/figure>\n<p>La Orquesta Juvenil e Infantil de Santa Mar\u00eda fue la Invitada de Honor a la ceremonia de inauguraci\u00f3n de los XVII Juegos Binacionales Cristo Redentor Valpara\u00edso 2014, actividad realizada en el Hotel O\u2019Higgins de la ciudad de Vi\u00f1a del Mar.<\/p>\n<figure id=\"attachment_49789\" aria-describedby=\"caption-attachment-49789\" style=\"width: 370px\" class=\"wp-caption alignright\"><a href=\"https:\/\/i0.wp.com\/www.eltrabajo.cl\/portal\/wp-content\/uploads\/2014\/08\/Ministra1.jpg\"><img data-recalc-dims=\"1\" loading=\"lazy\" decoding=\"async\" class=\" wp-image-49789 \" alt=\"El Alcalde Claudio Zurita posa junto a la Ministra del Deporte Natalia Rifo para las c\u00e1maras de Diario El Trabajo.\" src=\"https:\/\/i0.wp.com\/www.eltrabajo.cl\/portal\/wp-content\/uploads\/2014\/08\/Ministra1.jpg?resize=370%2C249\" width=\"370\" height=\"249\" srcset=\"https:\/\/i0.wp.com\/eltrabajo.cl\/portal\/wp-content\/uploads\/2014\/08\/Ministra1.jpg?w=529&amp;ssl=1 529w, https:\/\/i0.wp.com\/eltrabajo.cl\/portal\/wp-content\/uploads\/2014\/08\/Ministra1.jpg?resize=200%2C134&amp;ssl=1 200w, https:\/\/i0.wp.com\/eltrabajo.cl\/portal\/wp-content\/uploads\/2014\/08\/Ministra1.jpg?resize=300%2C201&amp;ssl=1 300w, https:\/\/i0.wp.com\/eltrabajo.cl\/portal\/wp-content\/uploads\/2014\/08\/Ministra1.jpg?resize=150%2C100&amp;ssl=1 150w, https:\/\/i0.wp.com\/eltrabajo.cl\/portal\/wp-content\/uploads\/2014\/08\/Ministra1.jpg?resize=400%2C269&amp;ssl=1 400w\" sizes=\"auto, (max-width: 370px) 100vw, 370px\" \/><\/a><figcaption id=\"caption-attachment-49789\" class=\"wp-caption-text\">El Alcalde Claudio Zurita posa junto a la Ministra del Deporte Natalia Rifo para las c\u00e1maras de Diario El Trabajo.<\/figcaption><\/figure>\n<p>Con lo mejor de su repertorio, incluida la extraordinaria ejecuci\u00f3n oficial del Himno Nacional, esta prestigiosa agrupaci\u00f3n deleit\u00f3 a los presentes con una variada colecci\u00f3n de temas, entre los que destacan El cautivo de Til-Til; Por una cabeza y el reconocido \u00e9xito de Los Jaivas, Todos juntos, interpretado especialmente para destacar el sentido de uni\u00f3n de Chile y Argentina en torno a esta actividad deportiva.<\/p>\n<p>El alcalde de la comuna, Claudio Zurita Ibarra, manifest\u00f3 su satisfacci\u00f3n y orgullo, no s\u00f3lo por esta presentaci\u00f3n sino que por el importante avance experimentado por estos ni\u00f1os y j\u00f3venes que los han hecho ser reconocidos a nivel nacional, \u201cde verdad que me siento emocionado, este proyecto comenz\u00f3 bajo la base de potenciar a todos nuestros talentos, para que lograran aprender nuevas t\u00e9cnicas y profesionalizarse, para ello, con el apoyo del concejo municipal, hemos invertido en profesores de m\u00fasica de excelencia, les hemos otorgado los espacios necesarios para que crezcan y tambi\u00e9n instrumentos de calidad para sus actividades. Sin duda es un orgullo que sean los invitados de honor de esta importante actividad deportiva y en lo personal agradezco la oportunidad de participar de presentaciones como esta, que dejan tan en alto en nombre de nuestra hermosa comuna y de su gente\u201d.<\/p>\n<p>La actividad cont\u00f3 con la presencia de la Ministra del Deporte Natalia Rifo y el Intendente de la Regi\u00f3n de Valpara\u00edso, Ricardo Bravo, acompa\u00f1ados de autoridades regionales y deportivas.<\/p>\n<p>Como informaci\u00f3n adicional es importante se\u00f1alar que la presente edici\u00f3n de los XVII Juegos Binacionales Cristo Redentor se desarrollar\u00e1 entre el 30 de septiembre al 5 de octubre en Valpara\u00edso, Vi\u00f1a del Mar, Villa Alemana y Casablanca, contemplando las disciplinas de b\u00e1squetbol, v\u00f3leibol, balonmano, nataci\u00f3n, ciclismo ruta y pista, tenis de mesa, atletismo y tenis, tanto en damas como varones, con un total de 1.500 j\u00f3venes deportistas chilenos y argentinos.<\/p>\n<p>&nbsp;<\/p>\n","protected":false},"excerpt":{"rendered":"<p>La Orquesta Juvenil e Infantil de Santa Mar\u00eda fue la Invitada de Honor a la ceremonia de inauguraci\u00f3n de los XVII Juegos Binacionales Cristo Redentor Valpara\u00edso 2014, actividad realizada en el Hotel&#8230;<\/p>\n","protected":false},"author":482,"featured_media":49788,"comment_status":"open","ping_status":"closed","sticky":false,"template":"","format":"standard","meta":{"advanced_seo_description":"","jetpack_seo_html_title":"","jetpack_seo_noindex":false,"_jetpack_memberships_contains_paid_content":false,"footnotes":""},"categories":[15],"tags":[],"class_list":["post-49787","post","type-post","status-publish","format-standard","has-post-thumbnail","hentry","category-comunidad"],"jetpack_featured_media_url":"https:\/\/i0.wp.com\/eltrabajo.cl\/portal\/wp-content\/uploads\/2014\/08\/Orquesta1.jpg?fit=529%2C281&ssl=1","jetpack_sharing_enabled":true,"jetpack_likes_enabled":true,"jetpack-related-posts":[],"_links":{"self":[{"href":"https:\/\/eltrabajo.cl\/portal\/wp-json\/wp\/v2\/posts\/49787","targetHints":{"allow":["GET"]}}],"collection":[{"href":"https:\/\/eltrabajo.cl\/portal\/wp-json\/wp\/v2\/posts"}],"about":[{"href":"https:\/\/eltrabajo.cl\/portal\/wp-json\/wp\/v2\/types\/post"}],"author":[{"embeddable":true,"href":"https:\/\/eltrabajo.cl\/portal\/wp-json\/wp\/v2\/users\/482"}],"replies":[{"embeddable":true,"href":"https:\/\/eltrabajo.cl\/portal\/wp-json\/wp\/v2\/comments?post=49787"}],"version-history":[{"count":0,"href":"https:\/\/eltrabajo.cl\/portal\/wp-json\/wp\/v2\/posts\/49787\/revisions"}],"wp:featuredmedia":[{"embeddable":true,"href":"https:\/\/eltrabajo.cl\/portal\/wp-json\/wp\/v2\/media\/49788"}],"wp:attachment":[{"href":"https:\/\/eltrabajo.cl\/portal\/wp-json\/wp\/v2\/media?parent=49787"}],"wp:term":[{"taxonomy":"category","embeddable":true,"href":"https:\/\/eltrabajo.cl\/portal\/wp-json\/wp\/v2\/categories?post=49787"},{"taxonomy":"post_tag","embeddable":true,"href":"https:\/\/eltrabajo.cl\/portal\/wp-json\/wp\/v2\/tags?post=49787"}],"curies":[{"name":"wp","href":"https:\/\/api.w.org\/{rel}","templated":true}]}}