{"id":49796,"date":"2014-08-07T09:19:07","date_gmt":"2014-08-07T13:19:07","guid":{"rendered":"http:\/\/www.eltrabajo.cl\/portal\/?p=49796"},"modified":"2014-08-07T09:19:07","modified_gmt":"2014-08-07T13:19:07","slug":"%ef%bb%bfcomunidad-escolar-participa-en-el-2o-encuentro-de-padres-y-apoderados","status":"publish","type":"post","link":"https:\/\/eltrabajo.cl\/portal\/%ef%bb%bfcomunidad-escolar-participa-en-el-2o-encuentro-de-padres-y-apoderados\/","title":{"rendered":"\ufeffComunidad escolar participa en el 2\u00ba encuentro de padres y apoderados"},"content":{"rendered":"<figure id=\"attachment_49797\" aria-describedby=\"caption-attachment-49797\" style=\"width: 529px\" class=\"wp-caption alignnone\"><a href=\"https:\/\/i0.wp.com\/www.eltrabajo.cl\/portal\/wp-content\/uploads\/2014\/08\/Galletas1.jpg\"><img data-recalc-dims=\"1\" loading=\"lazy\" decoding=\"async\" class=\"size-full wp-image-49797\" alt=\"La Direcci\u00f3n de la Escuela Almendral llev\u00f3 a cabo el segundo encuentro de la comunidad escolar con los padres y apoderados.\" src=\"https:\/\/i0.wp.com\/www.eltrabajo.cl\/portal\/wp-content\/uploads\/2014\/08\/Galletas1.jpg?resize=529%2C313\" width=\"529\" height=\"313\" srcset=\"https:\/\/i0.wp.com\/eltrabajo.cl\/portal\/wp-content\/uploads\/2014\/08\/Galletas1.jpg?w=529&amp;ssl=1 529w, https:\/\/i0.wp.com\/eltrabajo.cl\/portal\/wp-content\/uploads\/2014\/08\/Galletas1.jpg?resize=200%2C118&amp;ssl=1 200w, https:\/\/i0.wp.com\/eltrabajo.cl\/portal\/wp-content\/uploads\/2014\/08\/Galletas1.jpg?resize=300%2C177&amp;ssl=1 300w, https:\/\/i0.wp.com\/eltrabajo.cl\/portal\/wp-content\/uploads\/2014\/08\/Galletas1.jpg?resize=150%2C88&amp;ssl=1 150w, https:\/\/i0.wp.com\/eltrabajo.cl\/portal\/wp-content\/uploads\/2014\/08\/Galletas1.jpg?resize=400%2C236&amp;ssl=1 400w\" sizes=\"auto, (max-width: 529px) 100vw, 529px\" \/><\/a><figcaption id=\"caption-attachment-49797\" class=\"wp-caption-text\">La Direcci\u00f3n de la Escuela Almendral llev\u00f3 a cabo el segundo encuentro de la comunidad escolar con los padres y apoderados.<\/figcaption><\/figure>\n<p>Dentro del contexto del fortalecimiento del Programa de Convivencia escolar, mismo que busca mejorar la relaci\u00f3n entre los alumnos al interior del establecimiento, es que la Direcci\u00f3n de la Escuela Almendral llev\u00f3 a cabo el segundo encuentro de la comunidad escolar con los padres y apoderados. La finalidad de esta actividad es entregar un recuento de lo realizado durante el primer semestre de este a\u00f1o, sobre todo a aquellas enfocadas a la convivencia escolar, e incentivarlos a que puedan insertarse al acontecer diario al interior de la escuela, y a ser part\u00edcipes en la relaci\u00f3n armoniosa entre los estudiantes.<\/p>\n<p>Wilta Berrios Oyanedel, directora del establecimiento, calific\u00f3 como muy positivos los resultados de estas convocatorias, esto debido al alto inter\u00e9s demostrado por los padres, en intervenir en la educaci\u00f3n de sus ni\u00f1os, se\u00f1alando que \u201cla participaci\u00f3n ha sido casi a un 100%, la han tomado de manera muy positiva, lo que incluso nos ha sorprendido, y lo mejor de todo, es que ellos han ido entendiendo que es parte de la pol\u00edtica de acci\u00f3n de la escuela, la participaci\u00f3n integral, y que no se trate de solo ir a dejarlos en las ma\u00f1anas, sino que ellos puedan participar, teniendo la posibilidad de compartir con los profesores jefes, los directivos, d\u00e1ndole un contexto m\u00e1s de cercan\u00eda, por lo que para ellos tambi\u00e9n ha sido muy positivo\u201d, enfatiz\u00f3 la directora.<\/p>\n<p>Con estas actividades se ha visto una mejora sustancial en la convivencia escolar, asegurando la docente que por esta raz\u00f3n, continuar\u00e1n en esta senda de reuniones, reforzando el trabajo que mensualmente realizan los sub centros con cada profesor y sus respectivos apoderados, por lo que a final de a\u00f1o nuevamente se realizar\u00e1 una convocatoria similar, la que busca replicar la encuesta de satisfacci\u00f3n respecto de las expectativas de los padres y apoderados, para poder avanzar hacia una mejora en la calidad del establecimiento.<\/p>\n<p>&nbsp;<\/p>\n","protected":false},"excerpt":{"rendered":"<p>Dentro del contexto del fortalecimiento del Programa de Convivencia escolar, mismo que busca mejorar la relaci\u00f3n entre los alumnos al interior del establecimiento, es que la Direcci\u00f3n de la Escuela Almendral llev\u00f3&#8230;<\/p>\n","protected":false},"author":482,"featured_media":49797,"comment_status":"open","ping_status":"closed","sticky":false,"template":"","format":"standard","meta":{"advanced_seo_description":"","jetpack_seo_html_title":"","jetpack_seo_noindex":false,"_jetpack_memberships_contains_paid_content":false,"footnotes":""},"categories":[15],"tags":[],"class_list":["post-49796","post","type-post","status-publish","format-standard","has-post-thumbnail","hentry","category-comunidad"],"jetpack_featured_media_url":"https:\/\/i0.wp.com\/eltrabajo.cl\/portal\/wp-content\/uploads\/2014\/08\/Galletas1.jpg?fit=529%2C313&ssl=1","jetpack_sharing_enabled":true,"jetpack_likes_enabled":true,"jetpack-related-posts":[],"_links":{"self":[{"href":"https:\/\/eltrabajo.cl\/portal\/wp-json\/wp\/v2\/posts\/49796","targetHints":{"allow":["GET"]}}],"collection":[{"href":"https:\/\/eltrabajo.cl\/portal\/wp-json\/wp\/v2\/posts"}],"about":[{"href":"https:\/\/eltrabajo.cl\/portal\/wp-json\/wp\/v2\/types\/post"}],"author":[{"embeddable":true,"href":"https:\/\/eltrabajo.cl\/portal\/wp-json\/wp\/v2\/users\/482"}],"replies":[{"embeddable":true,"href":"https:\/\/eltrabajo.cl\/portal\/wp-json\/wp\/v2\/comments?post=49796"}],"version-history":[{"count":0,"href":"https:\/\/eltrabajo.cl\/portal\/wp-json\/wp\/v2\/posts\/49796\/revisions"}],"wp:featuredmedia":[{"embeddable":true,"href":"https:\/\/eltrabajo.cl\/portal\/wp-json\/wp\/v2\/media\/49797"}],"wp:attachment":[{"href":"https:\/\/eltrabajo.cl\/portal\/wp-json\/wp\/v2\/media?parent=49796"}],"wp:term":[{"taxonomy":"category","embeddable":true,"href":"https:\/\/eltrabajo.cl\/portal\/wp-json\/wp\/v2\/categories?post=49796"},{"taxonomy":"post_tag","embeddable":true,"href":"https:\/\/eltrabajo.cl\/portal\/wp-json\/wp\/v2\/tags?post=49796"}],"curies":[{"name":"wp","href":"https:\/\/api.w.org\/{rel}","templated":true}]}}