{"id":49802,"date":"2014-08-07T09:21:46","date_gmt":"2014-08-07T13:21:46","guid":{"rendered":"http:\/\/www.eltrabajo.cl\/portal\/?p=49802"},"modified":"2014-08-07T09:21:46","modified_gmt":"2014-08-07T13:21:46","slug":"inauguran-maquinas-de-ejercicios-en-plazuela-de-villa-aconcagua","status":"publish","type":"post","link":"https:\/\/eltrabajo.cl\/portal\/inauguran-maquinas-de-ejercicios-en-plazuela-de-villa-aconcagua\/","title":{"rendered":"Inauguran m\u00e1quinas de ejercicios en Plazuela de Villa Aconcagua"},"content":{"rendered":"<figure id=\"attachment_49803\" aria-describedby=\"caption-attachment-49803\" style=\"width: 529px\" class=\"wp-caption alignnone\"><a href=\"https:\/\/i0.wp.com\/www.eltrabajo.cl\/portal\/wp-content\/uploads\/2014\/08\/Cinta1.jpg\"><img data-recalc-dims=\"1\" loading=\"lazy\" decoding=\"async\" class=\"size-full wp-image-49803\" alt=\"Junto al alcalde Patricio Freire y diversas autoridades, se procedi\u00f3 al tradicional corte de cinta de esta iniciativa que ciertamente, permitir\u00e1 fomentar la actividad f\u00edsica entre quienes habitan este lugar y otros aleda\u00f1os.\" src=\"https:\/\/i0.wp.com\/www.eltrabajo.cl\/portal\/wp-content\/uploads\/2014\/08\/Cinta1.jpg?resize=529%2C358\" width=\"529\" height=\"358\" srcset=\"https:\/\/i0.wp.com\/eltrabajo.cl\/portal\/wp-content\/uploads\/2014\/08\/Cinta1.jpg?w=529&amp;ssl=1 529w, https:\/\/i0.wp.com\/eltrabajo.cl\/portal\/wp-content\/uploads\/2014\/08\/Cinta1.jpg?resize=200%2C135&amp;ssl=1 200w, https:\/\/i0.wp.com\/eltrabajo.cl\/portal\/wp-content\/uploads\/2014\/08\/Cinta1.jpg?resize=300%2C203&amp;ssl=1 300w, https:\/\/i0.wp.com\/eltrabajo.cl\/portal\/wp-content\/uploads\/2014\/08\/Cinta1.jpg?resize=150%2C101&amp;ssl=1 150w, https:\/\/i0.wp.com\/eltrabajo.cl\/portal\/wp-content\/uploads\/2014\/08\/Cinta1.jpg?resize=400%2C270&amp;ssl=1 400w\" sizes=\"auto, (max-width: 529px) 100vw, 529px\" \/><\/a><figcaption id=\"caption-attachment-49803\" class=\"wp-caption-text\">Junto al alcalde Patricio Freire y diversas autoridades, se procedi\u00f3 al tradicional corte de cinta de esta iniciativa que ciertamente, permitir\u00e1 fomentar la actividad f\u00edsica entre quienes habitan este lugar y otros aleda\u00f1os.<\/figcaption><\/figure>\n<p>Tras mucho tiempo esperando por m\u00e1quinas de ejercicios para su sector, finalmente los vecinos de Villa Aconcagua de San Felipe vieron cristalizado este anhelo, al inaugurar este proyecto postulado por la municipalidad. Junto al alcalde Patricio Freire y diversas autoridades, se procedi\u00f3 al tradicional corte de cinta de esta iniciativa que ciertamente, permitir\u00e1 fomentar la actividad f\u00edsica entre quienes habitan este lugar y otros aleda\u00f1os.<\/p>\n<figure id=\"attachment_49804\" aria-describedby=\"caption-attachment-49804\" style=\"width: 370px\" class=\"wp-caption alignright\"><a href=\"https:\/\/i0.wp.com\/www.eltrabajo.cl\/portal\/wp-content\/uploads\/2014\/08\/Mecanicos1.jpg\"><img data-recalc-dims=\"1\" loading=\"lazy\" decoding=\"async\" class=\" wp-image-49804 \" alt=\"El proyecto en todo caso, es mucho m\u00e1s integral, ya que el municipio adem\u00e1s atendi\u00f3 otra sentida necesidad de los pobladores en t\u00e9rminos de dotar de luminarias la plazuela.\" src=\"https:\/\/i0.wp.com\/www.eltrabajo.cl\/portal\/wp-content\/uploads\/2014\/08\/Mecanicos1.jpg?resize=370%2C251\" width=\"370\" height=\"251\" srcset=\"https:\/\/i0.wp.com\/eltrabajo.cl\/portal\/wp-content\/uploads\/2014\/08\/Mecanicos1.jpg?w=529&amp;ssl=1 529w, https:\/\/i0.wp.com\/eltrabajo.cl\/portal\/wp-content\/uploads\/2014\/08\/Mecanicos1.jpg?resize=200%2C135&amp;ssl=1 200w, https:\/\/i0.wp.com\/eltrabajo.cl\/portal\/wp-content\/uploads\/2014\/08\/Mecanicos1.jpg?resize=300%2C203&amp;ssl=1 300w, https:\/\/i0.wp.com\/eltrabajo.cl\/portal\/wp-content\/uploads\/2014\/08\/Mecanicos1.jpg?resize=150%2C101&amp;ssl=1 150w, https:\/\/i0.wp.com\/eltrabajo.cl\/portal\/wp-content\/uploads\/2014\/08\/Mecanicos1.jpg?resize=400%2C270&amp;ssl=1 400w\" sizes=\"auto, (max-width: 370px) 100vw, 370px\" \/><\/a><figcaption id=\"caption-attachment-49804\" class=\"wp-caption-text\">El proyecto en todo caso, es mucho m\u00e1s integral, ya que el municipio adem\u00e1s atendi\u00f3 otra sentida necesidad de los pobladores en t\u00e9rminos de dotar de luminarias la plazuela.<\/figcaption><\/figure>\n<p>En la oportunidad, la Presidente de la Junta de Vecinos de Villa Aconcagua, Blanca Salgado Salinas, reconoci\u00f3 que los pobladores de este sector est\u00e1n felices por la materializaci\u00f3n de este proyecto, explicando que hace mucho tiempo que estaban solicitando a las autoridades que pudiesen apoyarles con m\u00e1quinas de ejercicios.<\/p>\n<p>El proyecto en todo caso, es mucho m\u00e1s integral, ya que el municipio adem\u00e1s atendi\u00f3 otra sentida necesidad de los pobladores en t\u00e9rminos de dotar de luminarias la plazuela, la que se convert\u00eda seg\u00fan aseguran en una verdadera \u2018boca de lobo\u2019, con todas las implicancias de inseguridad para quienes viven en este sector.<\/p>\n<p>\u201cAnoche, salt\u00e1bamos de alegr\u00eda, porque se ve todo clarito y la verdad es que est\u00e1 precioso, entonces ahora ya dejamos de tener un espacio que nos generaba preocupaci\u00f3n, porque era oscur\u00edsimo, prest\u00e1ndose para muchas cosas. Pero ahora, con las luces nuevas, anoche ya no hab\u00eda nadie\u201d, coment\u00f3 Blanca Salgado.<\/p>\n<p>Respecto de las m\u00e1quinas de ejercicio, Salgado manifest\u00f3 que \u201cera un proyecto que est\u00e1bamos pidiendo hace dos a\u00f1os aproximadamente y lograr que se concrete, nos pone muy contentos\u201d. En este sentido, el Alcalde Freire manifest\u00f3 su satisfacci\u00f3n por este proyecto, que es parte de una serie de catorce iniciativas similares que estar\u00e1 inaugurando la municipalidad de San Felipe durante el mes de agosto, mes aniversario de la ciudad.<\/p>\n<p>\u201cEste es un proyecto que viene de mucho tiempo, por lo que estamos cumpliendo un compromiso que ten\u00edamos con los vecinos, no s\u00f3lo en lo que dice relaci\u00f3n con las m\u00e1quinas de ejercicios, sino tambi\u00e9n en lo que dice relaci\u00f3n con la iluminaci\u00f3n de la plazuela de Villa Aconcagua\u201d, se\u00f1al\u00f3 el alcalde de San Felipe.<\/p>\n<p>\u201cEstamos muy contentos de inaugurar estas m\u00e1quinas, que totalizan catorce juegos que inauguraremos en los pr\u00f3ximos d\u00edas, pero tenemos otro proyecto m\u00e1s para beneficiar a otros veinte sectores de la comuna con una iniciativa similar\u201d, agreg\u00f3 el jefe comunal.<\/p>\n<p>En la ceremonia se dieron cita con el alcalde, los concejales y el Consejero Regional Iv\u00e1n Reyes, quien ha sido uno de los promotores de estas iniciativas de implementar los distintos sectores con m\u00e1quinas de ejercicios. El Core destac\u00f3 esta iniciativa al mismo tiempo que se comprometi\u00f3 a continuar apoyando al municipio de San Felipe para continuar en esta l\u00ednea de desarrollar proyectos que fomenten la actividad f\u00edsica y la vida saludable.<\/p>\n<p>&nbsp;<\/p>\n","protected":false},"excerpt":{"rendered":"<p>Tras mucho tiempo esperando por m\u00e1quinas de ejercicios para su sector, finalmente los vecinos de Villa Aconcagua de San Felipe vieron cristalizado este anhelo, al inaugurar este proyecto postulado por la municipalidad&#8230;.<\/p>\n","protected":false},"author":482,"featured_media":49803,"comment_status":"open","ping_status":"closed","sticky":false,"template":"","format":"standard","meta":{"advanced_seo_description":"","jetpack_seo_html_title":"","jetpack_seo_noindex":false,"_jetpack_memberships_contains_paid_content":false,"footnotes":""},"categories":[15],"tags":[],"class_list":["post-49802","post","type-post","status-publish","format-standard","has-post-thumbnail","hentry","category-comunidad"],"jetpack_featured_media_url":"https:\/\/i0.wp.com\/eltrabajo.cl\/portal\/wp-content\/uploads\/2014\/08\/Cinta1.jpg?fit=529%2C358&ssl=1","jetpack_sharing_enabled":true,"jetpack_likes_enabled":true,"jetpack-related-posts":[],"_links":{"self":[{"href":"https:\/\/eltrabajo.cl\/portal\/wp-json\/wp\/v2\/posts\/49802","targetHints":{"allow":["GET"]}}],"collection":[{"href":"https:\/\/eltrabajo.cl\/portal\/wp-json\/wp\/v2\/posts"}],"about":[{"href":"https:\/\/eltrabajo.cl\/portal\/wp-json\/wp\/v2\/types\/post"}],"author":[{"embeddable":true,"href":"https:\/\/eltrabajo.cl\/portal\/wp-json\/wp\/v2\/users\/482"}],"replies":[{"embeddable":true,"href":"https:\/\/eltrabajo.cl\/portal\/wp-json\/wp\/v2\/comments?post=49802"}],"version-history":[{"count":0,"href":"https:\/\/eltrabajo.cl\/portal\/wp-json\/wp\/v2\/posts\/49802\/revisions"}],"wp:featuredmedia":[{"embeddable":true,"href":"https:\/\/eltrabajo.cl\/portal\/wp-json\/wp\/v2\/media\/49803"}],"wp:attachment":[{"href":"https:\/\/eltrabajo.cl\/portal\/wp-json\/wp\/v2\/media?parent=49802"}],"wp:term":[{"taxonomy":"category","embeddable":true,"href":"https:\/\/eltrabajo.cl\/portal\/wp-json\/wp\/v2\/categories?post=49802"},{"taxonomy":"post_tag","embeddable":true,"href":"https:\/\/eltrabajo.cl\/portal\/wp-json\/wp\/v2\/tags?post=49802"}],"curies":[{"name":"wp","href":"https:\/\/api.w.org\/{rel}","templated":true}]}}