{"id":49825,"date":"2014-08-07T09:35:14","date_gmt":"2014-08-07T13:35:14","guid":{"rendered":"http:\/\/www.eltrabajo.cl\/portal\/?p=49825"},"modified":"2014-08-07T09:35:14","modified_gmt":"2014-08-07T13:35:14","slug":"bomberos-aun-lucha-contra-gigantesco-incendio-en-exportadora-baika","status":"publish","type":"post","link":"https:\/\/eltrabajo.cl\/portal\/bomberos-aun-lucha-contra-gigantesco-incendio-en-exportadora-baika\/","title":{"rendered":"Bomberos a\u00fan lucha contra gigantesco incendio en exportadora Baika"},"content":{"rendered":"<figure id=\"attachment_49826\" aria-describedby=\"caption-attachment-49826\" style=\"width: 529px\" class=\"wp-caption alignnone\"><a href=\"https:\/\/i0.wp.com\/www.eltrabajo.cl\/portal\/wp-content\/uploads\/2014\/08\/Fuego11.jpg\"><img data-recalc-dims=\"1\" loading=\"lazy\" decoding=\"async\" class=\"size-full wp-image-49826\" alt=\"INFERNAL.- Un voraz incendio se desat\u00f3 alrededor de las 22:30 horas de este martes en Exportadora Baika, ex-Aconex, ubicada en la entrada poniente de San Felipe. (Fotos Flavia Vera).\" src=\"https:\/\/i0.wp.com\/www.eltrabajo.cl\/portal\/wp-content\/uploads\/2014\/08\/Fuego11.jpg?resize=529%2C401\" width=\"529\" height=\"401\" srcset=\"https:\/\/i0.wp.com\/eltrabajo.cl\/portal\/wp-content\/uploads\/2014\/08\/Fuego11.jpg?w=529&amp;ssl=1 529w, https:\/\/i0.wp.com\/eltrabajo.cl\/portal\/wp-content\/uploads\/2014\/08\/Fuego11.jpg?resize=197%2C150&amp;ssl=1 197w, https:\/\/i0.wp.com\/eltrabajo.cl\/portal\/wp-content\/uploads\/2014\/08\/Fuego11.jpg?resize=300%2C227&amp;ssl=1 300w, https:\/\/i0.wp.com\/eltrabajo.cl\/portal\/wp-content\/uploads\/2014\/08\/Fuego11.jpg?resize=150%2C113&amp;ssl=1 150w, https:\/\/i0.wp.com\/eltrabajo.cl\/portal\/wp-content\/uploads\/2014\/08\/Fuego11.jpg?resize=400%2C303&amp;ssl=1 400w\" sizes=\"auto, (max-width: 529px) 100vw, 529px\" \/><\/a><figcaption id=\"caption-attachment-49826\" class=\"wp-caption-text\">INFERNAL.- Un voraz incendio se desat\u00f3 alrededor de las 22:30 horas de este martes en Exportadora Baika, ex-Aconex, ubicada en la entrada poniente de San Felipe.<br \/>(Fotos Flavia Vera).<\/figcaption><\/figure>\n<p>Un voraz incendio se desat\u00f3 alrededor de las 22:30 horas de este martes en Exportadora Baika, ex-Aconex, ubicada en la entrada poniente de San Felipe, propiamente en Calle Jos\u00e9 Manso de Velasco.<\/p>\n<p>El siniestro alarm\u00f3 a los vecinos de las poblaciones aleda\u00f1as como La Nacional y Juli\u00e1n Gumi\u00e9l; las \u00faltimas, colindantes directos con las bodegas incendiadas. Estos vecinos en varios momentos a lo largo de la noche, vieron con gran preocupaci\u00f3n c\u00f3mo las llamas amenazaban con alcanzar tambi\u00e9n sus viviendas.<\/p>\n<p><strong>ALGUNAS SOSPECHAS<\/strong><\/p>\n<p>El fuego, seg\u00fan testigos, se habr\u00eda iniciado en la parte posterior de la bodega de la empresa, la cual colinda con la l\u00ednea f\u00e9rrea y en donde seg\u00fan la versi\u00f3n de los vecinos, se encontraba una especie de \u201cruco\u201d, el cual era habitado por personas en condici\u00f3n de calle y que al parecer, seg\u00fan las declaraciones de los pobladores, habr\u00eda sido el lugar en donde se habr\u00eda originado este incendio.<\/p>\n<p>Las llamas avanzaron r\u00e1pidamente debido a la gran cantidad de material combustible existente en ese sector de la exportadora, tales como palets, cartones, bins y varias toneladas de nueces, entre otros elementos acelerantes que permitieron que en tan s\u00f3lo minutos el siniestro alcanzara una gran superficie, abarcando el patio y bodegas de la empresa.<\/p>\n<p>El Gobernador Provincial de San Felipe, Eduardo Le\u00f3n, se constituy\u00f3 en el sitio del suceso a pocos minutos iniciado el siniestro, y resalt\u00f3 que el trabajo de Bomberos impidi\u00f3 que las p\u00e9rdidas fueran mayores para la exportadora y evitaron que el fuego se propagara\u00a0a casas colindantes de Poblaci\u00f3n Juli\u00e1n Gumiel.<\/p>\n<p><strong>MUY PELIGROSO<\/strong><\/p>\n<p>Consultado sobre el siniestro, Cristian Palma, Comandante del Cuerpo de Bomberos de San Felipe, indic\u00f3 que \u201clo que m\u00e1s peligroso y lo que m\u00e1s nos concentr\u00f3 en el trabajo fue una bombona de gas de 10 metros c\u00fabicos, lo cual nos mantuvo al borde de una gran explosi\u00f3n.\u201d<\/p>\n<p>La magnitud del siniestro oblig\u00f3 al Cuerpo de Bomberos de San Felipe, solicitar el apoyo de unidades y voluntarios de Panquehue, Curim\u00f3n, 21 de Mayo, Rinconada y Los Andes entre otros, as\u00ed como el apoyo de camiones aljibes tanto de bomberos como\u00a0municipales, para paliar la baja presi\u00f3n de los grifos con la cual se tuvieron que enfrentar.<\/p>\n<p>Bomberos se mantuvo en el lugar por alrededor de tres horas atendiendo a varios rebrotes del fuego y realizando las pericias necesarias para el esclarecimiento de los or\u00edgenes del siniestro, sobre lo cual Palma expuso que \u201ccuando las unidades llegaron las llamas estaban pr\u00e1cticamente distribuidas por toda la bodega, as\u00ed que espec\u00edficamente un punto de fuego no hay por el momento\u201d.<\/p>\n<p>Asimismo, agreg\u00f3 que \u201cpor el momento desconocemos (el origen del fuego). Se solicit\u00f3 la unidad de investigaci\u00f3n de la PDI y tambi\u00e9n nuestra brigada de investigaci\u00f3n de incendios, de nuestro departamento, los cuales van a trabajar en conjunto.\u201d<\/p>\n<p>Bomberos sigui\u00f3 trabajando a lo largo de toda la noche y todo el d\u00eda mi\u00e9rcoles en controlar los diversos rebrotes y en la remoci\u00f3n de escombros. Al cierre de nuestra edici\u00f3n a\u00fan se pod\u00eda apreciar abundante humo hacia el poniente.<\/p>\n<p>Flavia Vera<\/p>\n<div class=\"tiled-gallery type-rectangular tiled-gallery-unresized\" data-original-width=\"640\" data-carousel-extra='null' itemscope itemtype=\"http:\/\/schema.org\/ImageGallery\" > <div class=\"gallery-row\" style=\"width: 640px; height: 325px;\" data-original-width=\"640\" data-original-height=\"325\" > <div class=\"gallery-group images-1\" style=\"width: 427px; height: 325px;\" data-original-width=\"427\" data-original-height=\"325\" > <div class=\"tiled-gallery-item tiled-gallery-item-large\" itemprop=\"associatedMedia\" itemscope itemtype=\"http:\/\/schema.org\/ImageObject\"> <a href=\"https:\/\/eltrabajo.cl\/portal\/bomberos-aun-lucha-contra-gigantesco-incendio-en-exportadora-baika\/fuego2-12\/\" border=\"0\" itemprop=\"url\"> <meta itemprop=\"width\" content=\"423\"> <meta itemprop=\"height\" content=\"321\"> <img decoding=\"async\" class=\"\" data-attachment-id=\"49827\" data-orig-file=\"https:\/\/eltrabajo.cl\/portal\/wp-content\/uploads\/2014\/08\/Fuego21.jpg\" data-orig-size=\"529,401\" data-comments-opened=\"1\" data-image-meta=\"{&quot;aperture&quot;:&quot;3.2&quot;,&quot;credit&quot;:&quot;&quot;,&quot;camera&quot;:&quot;DSC-H200&quot;,&quot;caption&quot;:&quot;&quot;,&quot;created_timestamp&quot;:&quot;1407282880&quot;,&quot;copyright&quot;:&quot;Copyright 2009&quot;,&quot;focal_length&quot;:&quot;4.8&quot;,&quot;iso&quot;:&quot;250&quot;,&quot;shutter_speed&quot;:&quot;0.033333333333333&quot;,&quot;title&quot;:&quot;&quot;}\" data-image-title=\"Fuego2\" data-image-description=\"&lt;p&gt;MUCHO TRABAJO.- El siniestro alarm\u00f3 a los vecinos de las poblaciones aleda\u00f1as como La Nacional y Juli\u00e1n Gumi\u00e9l; las \u00faltimas, colindantes directos con las bodegas incendiadas.&lt;\/p&gt; \" data-medium-file=\"https:\/\/i0.wp.com\/eltrabajo.cl\/portal\/wp-content\/uploads\/2014\/08\/Fuego21.jpg?fit=300%2C227&#038;ssl=1\" data-large-file=\"https:\/\/i0.wp.com\/eltrabajo.cl\/portal\/wp-content\/uploads\/2014\/08\/Fuego21.jpg?fit=529%2C401&#038;ssl=1\" src=\"https:\/\/i0.wp.com\/eltrabajo.cl\/portal\/wp-content\/uploads\/2014\/08\/Fuego21.jpg?w=423&#038;h=321&#038;ssl=1\" srcset=\"https:\/\/i0.wp.com\/eltrabajo.cl\/portal\/wp-content\/uploads\/2014\/08\/Fuego21.jpg?w=529&amp;ssl=1 529w, https:\/\/i0.wp.com\/eltrabajo.cl\/portal\/wp-content\/uploads\/2014\/08\/Fuego21.jpg?resize=197%2C150&amp;ssl=1 197w, https:\/\/i0.wp.com\/eltrabajo.cl\/portal\/wp-content\/uploads\/2014\/08\/Fuego21.jpg?resize=300%2C227&amp;ssl=1 300w, https:\/\/i0.wp.com\/eltrabajo.cl\/portal\/wp-content\/uploads\/2014\/08\/Fuego21.jpg?resize=150%2C113&amp;ssl=1 150w, https:\/\/i0.wp.com\/eltrabajo.cl\/portal\/wp-content\/uploads\/2014\/08\/Fuego21.jpg?resize=400%2C303&amp;ssl=1 400w\" width=\"423\" height=\"321\" loading=\"lazy\" data-original-width=\"423\" data-original-height=\"321\" itemprop=\"http:\/\/schema.org\/image\" title=\"Fuego2\" alt=\"MUCHO TRABAJO.- El siniestro alarm\u00f3 a los vecinos de las poblaciones aleda\u00f1as como La Nacional y Juli\u00e1n Gumi\u00e9l; las \u00faltimas, colindantes directos con las bodegas incendiadas.\" style=\"width: 423px; height: 321px;\" \/> <\/a> <div class=\"tiled-gallery-caption\" itemprop=\"caption description\"> MUCHO TRABAJO.- El siniestro alarm\u00f3 a los vecinos de las poblaciones aleda\u00f1as como La Nacional y Juli\u00e1n Gumi\u00e9l; las \u00faltimas, colindantes directos con las bodegas incendiadas. <\/div> <\/div> <\/div> <!-- close group --> <div class=\"gallery-group images-2\" style=\"width: 213px; height: 325px;\" data-original-width=\"213\" data-original-height=\"325\" > <div class=\"tiled-gallery-item tiled-gallery-item-small\" itemprop=\"associatedMedia\" itemscope itemtype=\"http:\/\/schema.org\/ImageObject\"> <a href=\"https:\/\/eltrabajo.cl\/portal\/bomberos-aun-lucha-contra-gigantesco-incendio-en-exportadora-baika\/fuego3-7\/\" border=\"0\" itemprop=\"url\"> <meta itemprop=\"width\" content=\"209\"> <meta itemprop=\"height\" content=\"158\"> <img decoding=\"async\" class=\"\" data-attachment-id=\"49828\" data-orig-file=\"https:\/\/eltrabajo.cl\/portal\/wp-content\/uploads\/2014\/08\/Fuego3.jpg\" data-orig-size=\"529,401\" data-comments-opened=\"1\" data-image-meta=\"{&quot;aperture&quot;:&quot;3.1&quot;,&quot;credit&quot;:&quot;&quot;,&quot;camera&quot;:&quot;DSC-H200&quot;,&quot;caption&quot;:&quot;&quot;,&quot;created_timestamp&quot;:&quot;1407282972&quot;,&quot;copyright&quot;:&quot;Copyright 2009&quot;,&quot;focal_length&quot;:&quot;4&quot;,&quot;iso&quot;:&quot;400&quot;,&quot;shutter_speed&quot;:&quot;0.1&quot;,&quot;title&quot;:&quot;&quot;}\" data-image-title=\"Fuego3\" data-image-description=\"&lt;p&gt;CASI EXPLOTA.- Lo que m\u00e1s peligr\u00f3 y lo que m\u00e1s se concentr\u00f3 en el trabajo de Bomberos, fue una bombona de gas de 10 metros c\u00fabicos, lo cual nos mantuvo al borde de una gran explosi\u00f3n.&lt;\/p&gt; \" data-medium-file=\"https:\/\/i0.wp.com\/eltrabajo.cl\/portal\/wp-content\/uploads\/2014\/08\/Fuego3.jpg?fit=300%2C227&#038;ssl=1\" data-large-file=\"https:\/\/i0.wp.com\/eltrabajo.cl\/portal\/wp-content\/uploads\/2014\/08\/Fuego3.jpg?fit=529%2C401&#038;ssl=1\" src=\"https:\/\/i0.wp.com\/eltrabajo.cl\/portal\/wp-content\/uploads\/2014\/08\/Fuego3.jpg?w=209&#038;h=158&#038;ssl=1\" srcset=\"https:\/\/i0.wp.com\/eltrabajo.cl\/portal\/wp-content\/uploads\/2014\/08\/Fuego3.jpg?w=529&amp;ssl=1 529w, https:\/\/i0.wp.com\/eltrabajo.cl\/portal\/wp-content\/uploads\/2014\/08\/Fuego3.jpg?resize=197%2C150&amp;ssl=1 197w, https:\/\/i0.wp.com\/eltrabajo.cl\/portal\/wp-content\/uploads\/2014\/08\/Fuego3.jpg?resize=300%2C227&amp;ssl=1 300w, https:\/\/i0.wp.com\/eltrabajo.cl\/portal\/wp-content\/uploads\/2014\/08\/Fuego3.jpg?resize=150%2C113&amp;ssl=1 150w, https:\/\/i0.wp.com\/eltrabajo.cl\/portal\/wp-content\/uploads\/2014\/08\/Fuego3.jpg?resize=400%2C303&amp;ssl=1 400w\" width=\"209\" height=\"158\" loading=\"lazy\" data-original-width=\"209\" data-original-height=\"158\" itemprop=\"http:\/\/schema.org\/image\" title=\"Fuego3\" alt=\"CASI EXPLOTA.- Lo que m\u00e1s peligr\u00f3 y lo que m\u00e1s se concentr\u00f3 en el trabajo de Bomberos, fue una bombona de gas de 10 metros c\u00fabicos, lo cual nos mantuvo al borde de una gran explosi\u00f3n.\" style=\"width: 209px; height: 158px;\" \/> <\/a> <div class=\"tiled-gallery-caption\" itemprop=\"caption description\"> CASI EXPLOTA.- Lo que m\u00e1s peligr\u00f3 y lo que m\u00e1s se concentr\u00f3 en el trabajo de Bomberos, fue una bombona de gas de 10 metros c\u00fabicos, lo cual nos mantuvo al borde de una gran explosi\u00f3n. <\/div> <\/div> <div class=\"tiled-gallery-item tiled-gallery-item-small\" itemprop=\"associatedMedia\" itemscope itemtype=\"http:\/\/schema.org\/ImageObject\"> <a href=\"https:\/\/eltrabajo.cl\/portal\/bomberos-aun-lucha-contra-gigantesco-incendio-en-exportadora-baika\/fuego4-3\/\" border=\"0\" itemprop=\"url\"> <meta itemprop=\"width\" content=\"209\"> <meta itemprop=\"height\" content=\"159\"> <img decoding=\"async\" class=\"\" data-attachment-id=\"49829\" data-orig-file=\"https:\/\/eltrabajo.cl\/portal\/wp-content\/uploads\/2014\/08\/Fuego4.jpg\" data-orig-size=\"528,401\" data-comments-opened=\"1\" data-image-meta=\"{&quot;aperture&quot;:&quot;5.6&quot;,&quot;credit&quot;:&quot;&quot;,&quot;camera&quot;:&quot;DSC-H200&quot;,&quot;caption&quot;:&quot;&quot;,&quot;created_timestamp&quot;:&quot;1407283845&quot;,&quot;copyright&quot;:&quot;Copyright 2009&quot;,&quot;focal_length&quot;:&quot;42.3&quot;,&quot;iso&quot;:&quot;800&quot;,&quot;shutter_speed&quot;:&quot;0.00625&quot;,&quot;title&quot;:&quot;&quot;}\" data-image-title=\"Fuego4\" data-image-description=\"&lt;p&gt;Bomberos se mantuvo en el lugar por alrededor de tres horas atendiendo a varios rebrotes del fuego y realizando las pericias necesarias para el esclarecimiento de los or\u00edgenes del siniestro.&lt;\/p&gt; \" data-medium-file=\"https:\/\/i0.wp.com\/eltrabajo.cl\/portal\/wp-content\/uploads\/2014\/08\/Fuego4.jpg?fit=300%2C227&#038;ssl=1\" data-large-file=\"https:\/\/i0.wp.com\/eltrabajo.cl\/portal\/wp-content\/uploads\/2014\/08\/Fuego4.jpg?fit=528%2C401&#038;ssl=1\" src=\"https:\/\/i0.wp.com\/eltrabajo.cl\/portal\/wp-content\/uploads\/2014\/08\/Fuego4.jpg?w=209&#038;h=159&#038;ssl=1\" srcset=\"https:\/\/i0.wp.com\/eltrabajo.cl\/portal\/wp-content\/uploads\/2014\/08\/Fuego4.jpg?w=528&amp;ssl=1 528w, https:\/\/i0.wp.com\/eltrabajo.cl\/portal\/wp-content\/uploads\/2014\/08\/Fuego4.jpg?resize=197%2C150&amp;ssl=1 197w, https:\/\/i0.wp.com\/eltrabajo.cl\/portal\/wp-content\/uploads\/2014\/08\/Fuego4.jpg?resize=300%2C227&amp;ssl=1 300w, https:\/\/i0.wp.com\/eltrabajo.cl\/portal\/wp-content\/uploads\/2014\/08\/Fuego4.jpg?resize=150%2C113&amp;ssl=1 150w, https:\/\/i0.wp.com\/eltrabajo.cl\/portal\/wp-content\/uploads\/2014\/08\/Fuego4.jpg?resize=400%2C303&amp;ssl=1 400w\" width=\"209\" height=\"159\" loading=\"lazy\" data-original-width=\"209\" data-original-height=\"159\" itemprop=\"http:\/\/schema.org\/image\" title=\"Fuego4\" alt=\"Bomberos se mantuvo en el lugar por alrededor de tres horas atendiendo a varios rebrotes del fuego y realizando las pericias necesarias para el esclarecimiento de los or\u00edgenes del siniestro.\" style=\"width: 209px; height: 159px;\" \/> <\/a> <div class=\"tiled-gallery-caption\" itemprop=\"caption description\"> Bomberos se mantuvo en el lugar por alrededor de tres horas atendiendo a varios rebrotes del fuego y realizando las pericias necesarias para el esclarecimiento de los or\u00edgenes del siniestro. <\/div> <\/div> <\/div> <!-- close group --> <\/div> <!-- close row --> <div class=\"gallery-row\" style=\"width: 640px; height: 228px;\" data-original-width=\"640\" data-original-height=\"228\" > <div class=\"gallery-group images-1\" style=\"width: 341px; height: 228px;\" data-original-width=\"341\" data-original-height=\"228\" > <div class=\"tiled-gallery-item tiled-gallery-item-large\" itemprop=\"associatedMedia\" itemscope itemtype=\"http:\/\/schema.org\/ImageObject\"> <a href=\"https:\/\/eltrabajo.cl\/portal\/bomberos-aun-lucha-contra-gigantesco-incendio-en-exportadora-baika\/fuego5\/\" border=\"0\" itemprop=\"url\"> <meta itemprop=\"width\" content=\"337\"> <meta itemprop=\"height\" content=\"224\"> <img decoding=\"async\" class=\"\" data-attachment-id=\"49830\" data-orig-file=\"https:\/\/eltrabajo.cl\/portal\/wp-content\/uploads\/2014\/08\/Fuego5.jpg\" data-orig-size=\"529,351\" data-comments-opened=\"1\" data-image-meta=\"{&quot;aperture&quot;:&quot;3.1&quot;,&quot;credit&quot;:&quot;&quot;,&quot;camera&quot;:&quot;DSC-H200&quot;,&quot;caption&quot;:&quot;&quot;,&quot;created_timestamp&quot;:&quot;1407284042&quot;,&quot;copyright&quot;:&quot;Copyright 2009&quot;,&quot;focal_length&quot;:&quot;4&quot;,&quot;iso&quot;:&quot;400&quot;,&quot;shutter_speed&quot;:&quot;0.125&quot;,&quot;title&quot;:&quot;&quot;}\" data-image-title=\"Fuego5\" data-image-description=\"&lt;p&gt;VECINOS ASUSTADOS.- El fuego, seg\u00fan testigos, se habr\u00eda iniciado en la parte posterior de la bodega de la empresa, la cual colinda con la l\u00ednea f\u00e9rrea.&lt;\/p&gt; \" data-medium-file=\"https:\/\/i0.wp.com\/eltrabajo.cl\/portal\/wp-content\/uploads\/2014\/08\/Fuego5.jpg?fit=300%2C199&#038;ssl=1\" data-large-file=\"https:\/\/i0.wp.com\/eltrabajo.cl\/portal\/wp-content\/uploads\/2014\/08\/Fuego5.jpg?fit=529%2C351&#038;ssl=1\" src=\"https:\/\/i0.wp.com\/eltrabajo.cl\/portal\/wp-content\/uploads\/2014\/08\/Fuego5.jpg?w=337&#038;h=224&#038;ssl=1\" srcset=\"https:\/\/i0.wp.com\/eltrabajo.cl\/portal\/wp-content\/uploads\/2014\/08\/Fuego5.jpg?w=529&amp;ssl=1 529w, https:\/\/i0.wp.com\/eltrabajo.cl\/portal\/wp-content\/uploads\/2014\/08\/Fuego5.jpg?resize=200%2C132&amp;ssl=1 200w, https:\/\/i0.wp.com\/eltrabajo.cl\/portal\/wp-content\/uploads\/2014\/08\/Fuego5.jpg?resize=300%2C199&amp;ssl=1 300w, https:\/\/i0.wp.com\/eltrabajo.cl\/portal\/wp-content\/uploads\/2014\/08\/Fuego5.jpg?resize=150%2C99&amp;ssl=1 150w, https:\/\/i0.wp.com\/eltrabajo.cl\/portal\/wp-content\/uploads\/2014\/08\/Fuego5.jpg?resize=400%2C265&amp;ssl=1 400w\" width=\"337\" height=\"224\" loading=\"lazy\" data-original-width=\"337\" data-original-height=\"224\" itemprop=\"http:\/\/schema.org\/image\" title=\"Fuego5\" alt=\"VECINOS ASUSTADOS.- El fuego, seg\u00fan testigos, se habr\u00eda iniciado en la parte posterior de la bodega de la empresa, la cual colinda con la l\u00ednea f\u00e9rrea.\" style=\"width: 337px; height: 224px;\" \/> <\/a> <div class=\"tiled-gallery-caption\" itemprop=\"caption description\"> VECINOS ASUSTADOS.- El fuego, seg\u00fan testigos, se habr\u00eda iniciado en la parte posterior de la bodega de la empresa, la cual colinda con la l\u00ednea f\u00e9rrea. <\/div> <\/div> <\/div> <!-- close group --> <div class=\"gallery-group images-1\" style=\"width: 299px; height: 228px;\" data-original-width=\"299\" data-original-height=\"228\" > <div class=\"tiled-gallery-item tiled-gallery-item-large\" itemprop=\"associatedMedia\" itemscope itemtype=\"http:\/\/schema.org\/ImageObject\"> <a href=\"https:\/\/eltrabajo.cl\/portal\/bomberos-aun-lucha-contra-gigantesco-incendio-en-exportadora-baika\/fuego6\/\" border=\"0\" itemprop=\"url\"> <meta itemprop=\"width\" content=\"295\"> <meta itemprop=\"height\" content=\"224\"> <img decoding=\"async\" class=\"\" data-attachment-id=\"49831\" data-orig-file=\"https:\/\/eltrabajo.cl\/portal\/wp-content\/uploads\/2014\/08\/Fuego6.jpg\" data-orig-size=\"529,401\" data-comments-opened=\"1\" data-image-meta=\"{&quot;aperture&quot;:&quot;3.1&quot;,&quot;credit&quot;:&quot;&quot;,&quot;camera&quot;:&quot;DSC-H200&quot;,&quot;caption&quot;:&quot;&quot;,&quot;created_timestamp&quot;:&quot;1407285559&quot;,&quot;copyright&quot;:&quot;Copyright 2009&quot;,&quot;focal_length&quot;:&quot;4&quot;,&quot;iso&quot;:&quot;400&quot;,&quot;shutter_speed&quot;:&quot;0.25&quot;,&quot;title&quot;:&quot;&quot;}\" data-image-title=\"Fuego6\" data-image-description=\"&lt;p&gt;MILLONARIAS P\u00c9RDIDAS.- Las llamas avanzaron r\u00e1pidamente debido a la gran cantidad de material combustible existente en ese sector de la exportadora, tales como palets, cartones, bins y varias toneladas de nueces.&lt;\/p&gt; \" data-medium-file=\"https:\/\/i0.wp.com\/eltrabajo.cl\/portal\/wp-content\/uploads\/2014\/08\/Fuego6.jpg?fit=300%2C227&#038;ssl=1\" data-large-file=\"https:\/\/i0.wp.com\/eltrabajo.cl\/portal\/wp-content\/uploads\/2014\/08\/Fuego6.jpg?fit=529%2C401&#038;ssl=1\" src=\"https:\/\/i0.wp.com\/eltrabajo.cl\/portal\/wp-content\/uploads\/2014\/08\/Fuego6.jpg?w=295&#038;h=224&#038;ssl=1\" srcset=\"https:\/\/i0.wp.com\/eltrabajo.cl\/portal\/wp-content\/uploads\/2014\/08\/Fuego6.jpg?w=529&amp;ssl=1 529w, https:\/\/i0.wp.com\/eltrabajo.cl\/portal\/wp-content\/uploads\/2014\/08\/Fuego6.jpg?resize=197%2C150&amp;ssl=1 197w, https:\/\/i0.wp.com\/eltrabajo.cl\/portal\/wp-content\/uploads\/2014\/08\/Fuego6.jpg?resize=300%2C227&amp;ssl=1 300w, https:\/\/i0.wp.com\/eltrabajo.cl\/portal\/wp-content\/uploads\/2014\/08\/Fuego6.jpg?resize=150%2C113&amp;ssl=1 150w, https:\/\/i0.wp.com\/eltrabajo.cl\/portal\/wp-content\/uploads\/2014\/08\/Fuego6.jpg?resize=400%2C303&amp;ssl=1 400w\" width=\"295\" height=\"224\" loading=\"lazy\" data-original-width=\"295\" data-original-height=\"224\" itemprop=\"http:\/\/schema.org\/image\" title=\"Fuego6\" alt=\"MILLONARIAS P\u00c9RDIDAS.- Las llamas avanzaron r\u00e1pidamente debido a la gran cantidad de material combustible existente en ese sector de la exportadora, tales como palets, cartones, bins y varias toneladas de nueces.\" style=\"width: 295px; height: 224px;\" \/> <\/a> <div class=\"tiled-gallery-caption\" itemprop=\"caption description\"> MILLONARIAS P\u00c9RDIDAS.- Las llamas avanzaron r\u00e1pidamente debido a la gran cantidad de material combustible existente en ese sector de la exportadora, tales como palets, cartones, bins y varias toneladas de nueces. <\/div> <\/div> <\/div> <!-- close group --> <\/div> <!-- close row --> <\/div>\n<p>&nbsp;<\/p>\n","protected":false},"excerpt":{"rendered":"<p>Un voraz incendio se desat\u00f3 alrededor de las 22:30 horas de este martes en Exportadora Baika, ex-Aconex, ubicada en la entrada poniente de San Felipe, propiamente en Calle Jos\u00e9 Manso de Velasco&#8230;.<\/p>\n","protected":false},"author":482,"featured_media":49826,"comment_status":"open","ping_status":"closed","sticky":false,"template":"","format":"standard","meta":{"advanced_seo_description":"","jetpack_seo_html_title":"","jetpack_seo_noindex":false,"_jetpack_memberships_contains_paid_content":false,"footnotes":""},"categories":[21],"tags":[],"class_list":["post-49825","post","type-post","status-publish","format-standard","has-post-thumbnail","hentry","category-policial"],"jetpack_featured_media_url":"https:\/\/i0.wp.com\/eltrabajo.cl\/portal\/wp-content\/uploads\/2014\/08\/Fuego11.jpg?fit=529%2C401&ssl=1","jetpack_sharing_enabled":true,"jetpack_likes_enabled":true,"jetpack-related-posts":[],"_links":{"self":[{"href":"https:\/\/eltrabajo.cl\/portal\/wp-json\/wp\/v2\/posts\/49825","targetHints":{"allow":["GET"]}}],"collection":[{"href":"https:\/\/eltrabajo.cl\/portal\/wp-json\/wp\/v2\/posts"}],"about":[{"href":"https:\/\/eltrabajo.cl\/portal\/wp-json\/wp\/v2\/types\/post"}],"author":[{"embeddable":true,"href":"https:\/\/eltrabajo.cl\/portal\/wp-json\/wp\/v2\/users\/482"}],"replies":[{"embeddable":true,"href":"https:\/\/eltrabajo.cl\/portal\/wp-json\/wp\/v2\/comments?post=49825"}],"version-history":[{"count":0,"href":"https:\/\/eltrabajo.cl\/portal\/wp-json\/wp\/v2\/posts\/49825\/revisions"}],"wp:featuredmedia":[{"embeddable":true,"href":"https:\/\/eltrabajo.cl\/portal\/wp-json\/wp\/v2\/media\/49826"}],"wp:attachment":[{"href":"https:\/\/eltrabajo.cl\/portal\/wp-json\/wp\/v2\/media?parent=49825"}],"wp:term":[{"taxonomy":"category","embeddable":true,"href":"https:\/\/eltrabajo.cl\/portal\/wp-json\/wp\/v2\/categories?post=49825"},{"taxonomy":"post_tag","embeddable":true,"href":"https:\/\/eltrabajo.cl\/portal\/wp-json\/wp\/v2\/tags?post=49825"}],"curies":[{"name":"wp","href":"https:\/\/api.w.org\/{rel}","templated":true}]}}