{"id":49851,"date":"2014-08-08T09:12:15","date_gmt":"2014-08-08T13:12:15","guid":{"rendered":"http:\/\/www.eltrabajo.cl\/portal\/?p=49851"},"modified":"2014-08-08T09:12:15","modified_gmt":"2014-08-08T13:12:15","slug":"hacen-aporte-economico-para-reconstruir-capilla-en-el-mirador","status":"publish","type":"post","link":"https:\/\/eltrabajo.cl\/portal\/hacen-aporte-economico-para-reconstruir-capilla-en-el-mirador\/","title":{"rendered":"Hacen aporte econ\u00f3mico para reconstruir capilla en El Mirador"},"content":{"rendered":"<figure id=\"attachment_49852\" aria-describedby=\"caption-attachment-49852\" style=\"width: 529px\" class=\"wp-caption alignnone\"><a href=\"https:\/\/i0.wp.com\/www.eltrabajo.cl\/portal\/wp-content\/uploads\/2014\/08\/Capilla1.jpg\"><img data-recalc-dims=\"1\" loading=\"lazy\" decoding=\"async\" class=\"size-full wp-image-49852\" alt=\"El edil acompa\u00f1ado de la Concejal Elvira Ahumada, hicieron entrega de un aporte econ\u00f3mico a nombre del concejo municipal, para apoyar el t\u00e9rmino de las obras de la capilla.\" src=\"https:\/\/i0.wp.com\/www.eltrabajo.cl\/portal\/wp-content\/uploads\/2014\/08\/Capilla1.jpg?resize=529%2C273\" width=\"529\" height=\"273\" srcset=\"https:\/\/i0.wp.com\/eltrabajo.cl\/portal\/wp-content\/uploads\/2014\/08\/Capilla1.jpg?w=529&amp;ssl=1 529w, https:\/\/i0.wp.com\/eltrabajo.cl\/portal\/wp-content\/uploads\/2014\/08\/Capilla1.jpg?resize=200%2C103&amp;ssl=1 200w, https:\/\/i0.wp.com\/eltrabajo.cl\/portal\/wp-content\/uploads\/2014\/08\/Capilla1.jpg?resize=300%2C154&amp;ssl=1 300w, https:\/\/i0.wp.com\/eltrabajo.cl\/portal\/wp-content\/uploads\/2014\/08\/Capilla1.jpg?resize=150%2C77&amp;ssl=1 150w, https:\/\/i0.wp.com\/eltrabajo.cl\/portal\/wp-content\/uploads\/2014\/08\/Capilla1.jpg?resize=400%2C206&amp;ssl=1 400w\" sizes=\"auto, (max-width: 529px) 100vw, 529px\" \/><\/a><figcaption id=\"caption-attachment-49852\" class=\"wp-caption-text\">El edil acompa\u00f1ado de la Concejal Elvira Ahumada, hicieron entrega de un aporte econ\u00f3mico a nombre del concejo municipal, para apoyar el t\u00e9rmino de las obras de la capilla.<\/figcaption><\/figure>\n<p><strong>PANQUEHUE.<\/strong>&#8211; Un aporte econ\u00f3mico a nombre del Concejo Municipal de Panquehue, hizo el Alcalde Luis Pradenas en compa\u00f1\u00eda de la Concejal Elvira Ahumada, a la Presidente de la Junta de Vecinos del Mirador, Mar\u00eda Gonz\u00e1lez Herrera, con el fin de apoyar las obras de terminaci\u00f3n de la construcci\u00f3n de la capilla del sector. Se trata de una estructura de madera de 56 metros cuadrados, financiada por los vecinos de El Mirador, cuyos recursos se han logrado con aportes y la realizaci\u00f3n de actividades.<\/p>\n<p>Junto al Alcalde Pradenas y la Concejal Ahumada, estuvo el p\u00e1rroco de la comuna, Omar Orellana, quien agradeci\u00f3 el aporte realizado por la municipalidad. \u201cMuy agradecido y contento de ver c\u00f3mo en tan corto tiempo se ha llevado afecto la construcci\u00f3n de esta capilla. Ahora ver el aporte material por parte del alcalde y la municipalidad de Panquehue, es una alegr\u00eda inmensa.<\/p>\n<p>Se ha avanzado mucho, sin embargo y de acuerdo a lo que me han informado los maestros a cargo de la obra, faltan los artefactos de la iluminaci\u00f3n, vidrios y la implementaci\u00f3n lit\u00fargica\u201d, dijo el religioso.<\/p>\n<p>Mar\u00eda Gonz\u00e1lez Herrera por su parte, explic\u00f3 que \u201cha sido un proyecto que costado bastante, en primer lugar fue una idea que se lanz\u00f3, la gente estaba de acuerdo y contenta, y empezamos a enviar cartas a empresarios y como comunidad hicimos una cuota mensual de $2.000 por casa, lo que nos permiti\u00f3 reunir los recursos para la compra de esta capilla\u201d.<\/p>\n","protected":false},"excerpt":{"rendered":"<p>PANQUEHUE.&#8211; Un aporte econ\u00f3mico a nombre del Concejo Municipal de Panquehue, hizo el Alcalde Luis Pradenas en compa\u00f1\u00eda de la Concejal Elvira Ahumada, a la Presidente de la Junta de Vecinos del&#8230;<\/p>\n","protected":false},"author":482,"featured_media":49852,"comment_status":"open","ping_status":"closed","sticky":false,"template":"","format":"standard","meta":{"advanced_seo_description":"","jetpack_seo_html_title":"","jetpack_seo_noindex":false,"_jetpack_memberships_contains_paid_content":false,"footnotes":""},"categories":[15],"tags":[],"class_list":["post-49851","post","type-post","status-publish","format-standard","has-post-thumbnail","hentry","category-comunidad"],"jetpack_featured_media_url":"https:\/\/i0.wp.com\/eltrabajo.cl\/portal\/wp-content\/uploads\/2014\/08\/Capilla1.jpg?fit=529%2C273&ssl=1","jetpack_sharing_enabled":true,"jetpack_likes_enabled":true,"jetpack-related-posts":[],"_links":{"self":[{"href":"https:\/\/eltrabajo.cl\/portal\/wp-json\/wp\/v2\/posts\/49851","targetHints":{"allow":["GET"]}}],"collection":[{"href":"https:\/\/eltrabajo.cl\/portal\/wp-json\/wp\/v2\/posts"}],"about":[{"href":"https:\/\/eltrabajo.cl\/portal\/wp-json\/wp\/v2\/types\/post"}],"author":[{"embeddable":true,"href":"https:\/\/eltrabajo.cl\/portal\/wp-json\/wp\/v2\/users\/482"}],"replies":[{"embeddable":true,"href":"https:\/\/eltrabajo.cl\/portal\/wp-json\/wp\/v2\/comments?post=49851"}],"version-history":[{"count":0,"href":"https:\/\/eltrabajo.cl\/portal\/wp-json\/wp\/v2\/posts\/49851\/revisions"}],"wp:featuredmedia":[{"embeddable":true,"href":"https:\/\/eltrabajo.cl\/portal\/wp-json\/wp\/v2\/media\/49852"}],"wp:attachment":[{"href":"https:\/\/eltrabajo.cl\/portal\/wp-json\/wp\/v2\/media?parent=49851"}],"wp:term":[{"taxonomy":"category","embeddable":true,"href":"https:\/\/eltrabajo.cl\/portal\/wp-json\/wp\/v2\/categories?post=49851"},{"taxonomy":"post_tag","embeddable":true,"href":"https:\/\/eltrabajo.cl\/portal\/wp-json\/wp\/v2\/tags?post=49851"}],"curies":[{"name":"wp","href":"https:\/\/api.w.org\/{rel}","templated":true}]}}