{"id":49854,"date":"2014-08-08T09:13:42","date_gmt":"2014-08-08T13:13:42","guid":{"rendered":"http:\/\/www.eltrabajo.cl\/portal\/?p=49854"},"modified":"2014-08-08T09:13:42","modified_gmt":"2014-08-08T13:13:42","slug":"este-sabado-es-la-segunda-version-de-la-ruta-de-la-picada-patrimonial","status":"publish","type":"post","link":"https:\/\/eltrabajo.cl\/portal\/este-sabado-es-la-segunda-version-de-la-ruta-de-la-picada-patrimonial\/","title":{"rendered":"Este s\u00e1bado es la segunda versi\u00f3n de la Ruta de la picada patrimonial"},"content":{"rendered":"<figure id=\"attachment_49855\" aria-describedby=\"caption-attachment-49855\" style=\"width: 529px\" class=\"wp-caption alignnone\"><a href=\"https:\/\/i0.wp.com\/www.eltrabajo.cl\/portal\/wp-content\/uploads\/2014\/08\/Ruta1.jpg\"><img data-recalc-dims=\"1\" loading=\"lazy\" decoding=\"async\" class=\"size-full wp-image-49855\" alt=\"En el marco de las actividades por el aniversario N\u00b0274 de la ciudad de San Felipe, este s\u00e1bado 9 de agosto entre las 11:00 y las 13:00 horas, se realizar\u00e1 la actividad denominada Ruta de la picada patrimonial.\" src=\"https:\/\/i0.wp.com\/www.eltrabajo.cl\/portal\/wp-content\/uploads\/2014\/08\/Ruta1.jpg?resize=529%2C360\" width=\"529\" height=\"360\" srcset=\"https:\/\/i0.wp.com\/eltrabajo.cl\/portal\/wp-content\/uploads\/2014\/08\/Ruta1.jpg?w=529&amp;ssl=1 529w, https:\/\/i0.wp.com\/eltrabajo.cl\/portal\/wp-content\/uploads\/2014\/08\/Ruta1.jpg?resize=200%2C136&amp;ssl=1 200w, https:\/\/i0.wp.com\/eltrabajo.cl\/portal\/wp-content\/uploads\/2014\/08\/Ruta1.jpg?resize=300%2C204&amp;ssl=1 300w, https:\/\/i0.wp.com\/eltrabajo.cl\/portal\/wp-content\/uploads\/2014\/08\/Ruta1.jpg?resize=150%2C102&amp;ssl=1 150w, https:\/\/i0.wp.com\/eltrabajo.cl\/portal\/wp-content\/uploads\/2014\/08\/Ruta1.jpg?resize=400%2C272&amp;ssl=1 400w\" sizes=\"auto, (max-width: 529px) 100vw, 529px\" \/><\/a><figcaption id=\"caption-attachment-49855\" class=\"wp-caption-text\">En el marco de las actividades por el aniversario N\u00b0274 de la ciudad de San Felipe, este s\u00e1bado 9 de agosto entre las 11:00 y las 13:00 horas, se realizar\u00e1 la actividad denominada Ruta de la picada patrimonial.<\/figcaption><\/figure>\n<p>En el marco de las actividades por el aniversario N\u00b0274 de la ciudad de San Felipe, este s\u00e1bado 9 de agosto entre las 11:00 y las 13:00 horas, se realizar\u00e1 por segundo a\u00f1o consecutivo la actividad denominada \u00abRuta de la picada patrimonial\u00bb por diferentes locales de la comuna.<\/p>\n<p>Esta iniciativa busca rescatar el patrimonio gastron\u00f3mico presente en San Felipe, en especial el de ra\u00edz popular, as\u00ed como la gastronom\u00eda extranjera. \u00abCreemos que es importante que la comuna conozca estos restaurantes y picadas populares ya que as\u00ed se mantienen tambi\u00e9n vivas las recetas y preparaciones que nos dan cuenta de nuestros or\u00edgenes\u00bb, sostuvo Ricardo Ruiz, Coordinador Comunal de Cultura.<\/p>\n<p>Por su parte, el coordinador de cultura-patrimonio, Manuel Z\u00fa\u00f1iga, explic\u00f3 que \u00aben la oportunidad, los locales adheridos lucir\u00e1n en su entrada el s\u00edmbolo que acredita el ser parte de la iniciativa. Los visitantes podr\u00e1n degustar gratuitamente, conocer la historia del lugar o de los due\u00f1os de la empresa. Adem\u00e1s, el local tendr\u00e1 de forma especial un men\u00fa patrimonial del d\u00eda para que las familias visitantes opten por almorzar en el local de su elecci\u00f3n\u00bb.<\/p>\n<p>La Ruta de la picada patrimonial considera visitas a restoranes como Sonia la \u00fanica, La Trattoria, Club Social San Felipe, Bien Hecho y Las L\u00edneas de Nazca.<\/p>\n<p>El representante de este \u00faltimo local, que ofrece comida peruana, Bryan Alejos, manifest\u00f3 que en el restor\u00e1n de propiedad de su familia, habr\u00e1 adem\u00e1s de degustaciones de exquisitos platos, la posibilidad de presenciar la preparaci\u00f3n de algunas recetas por parte de los chefs de \u00abLas L\u00edneas de Nazca\u00bb. \u00abSe va a preparar ah\u00ed mismo los platos, como papas a la huanca\u00edna, lomo saltado y tragos como el pisco sour\u00bb, coment\u00f3.<\/p>\n<p>Adicionalmente, se realizar\u00e1n sorpresivas visitas de parte de poetas y cantantes populares los que efectuar\u00e1n breves intervenciones mostrando su arte y recordando a escritores nacionales que tuvieron en sus textos tem\u00e1ticos relacionadas con lo culinario.La actividad cuenta con el respaldo de la Asociaci\u00f3n de Comercio y Turismo de Aconcagua Acta, cuyo presidente Max Navas formul\u00f3 una invitaci\u00f3n a toda la comunidad a disfrutar de la comida con historia y ra\u00edces, a visitar los locales, muchos de ellos con dilatada trayectoria y a pasar una agradable ma\u00f1ana este s\u00e1bado 9 de agosto.<\/p>\n<p>&nbsp;<\/p>\n","protected":false},"excerpt":{"rendered":"<p>En el marco de las actividades por el aniversario N\u00b0274 de la ciudad de San Felipe, este s\u00e1bado 9 de agosto entre las 11:00 y las 13:00 horas, se realizar\u00e1 por segundo&#8230;<\/p>\n","protected":false},"author":482,"featured_media":49855,"comment_status":"open","ping_status":"closed","sticky":false,"template":"","format":"standard","meta":{"advanced_seo_description":"","jetpack_seo_html_title":"","jetpack_seo_noindex":false,"_jetpack_memberships_contains_paid_content":false,"footnotes":""},"categories":[15],"tags":[],"class_list":["post-49854","post","type-post","status-publish","format-standard","has-post-thumbnail","hentry","category-comunidad"],"jetpack_featured_media_url":"https:\/\/i0.wp.com\/eltrabajo.cl\/portal\/wp-content\/uploads\/2014\/08\/Ruta1.jpg?fit=529%2C360&ssl=1","jetpack_sharing_enabled":true,"jetpack_likes_enabled":true,"jetpack-related-posts":[],"_links":{"self":[{"href":"https:\/\/eltrabajo.cl\/portal\/wp-json\/wp\/v2\/posts\/49854","targetHints":{"allow":["GET"]}}],"collection":[{"href":"https:\/\/eltrabajo.cl\/portal\/wp-json\/wp\/v2\/posts"}],"about":[{"href":"https:\/\/eltrabajo.cl\/portal\/wp-json\/wp\/v2\/types\/post"}],"author":[{"embeddable":true,"href":"https:\/\/eltrabajo.cl\/portal\/wp-json\/wp\/v2\/users\/482"}],"replies":[{"embeddable":true,"href":"https:\/\/eltrabajo.cl\/portal\/wp-json\/wp\/v2\/comments?post=49854"}],"version-history":[{"count":0,"href":"https:\/\/eltrabajo.cl\/portal\/wp-json\/wp\/v2\/posts\/49854\/revisions"}],"wp:featuredmedia":[{"embeddable":true,"href":"https:\/\/eltrabajo.cl\/portal\/wp-json\/wp\/v2\/media\/49855"}],"wp:attachment":[{"href":"https:\/\/eltrabajo.cl\/portal\/wp-json\/wp\/v2\/media?parent=49854"}],"wp:term":[{"taxonomy":"category","embeddable":true,"href":"https:\/\/eltrabajo.cl\/portal\/wp-json\/wp\/v2\/categories?post=49854"},{"taxonomy":"post_tag","embeddable":true,"href":"https:\/\/eltrabajo.cl\/portal\/wp-json\/wp\/v2\/tags?post=49854"}],"curies":[{"name":"wp","href":"https:\/\/api.w.org\/{rel}","templated":true}]}}