{"id":49871,"date":"2014-08-08T09:21:53","date_gmt":"2014-08-08T13:21:53","guid":{"rendered":"http:\/\/www.eltrabajo.cl\/portal\/?p=49871"},"modified":"2014-08-08T09:22:24","modified_gmt":"2014-08-08T13:22:24","slug":"una-mujer-lesionada-fue-resultado-de-colision-por-alcance-en-las-coimas","status":"publish","type":"post","link":"https:\/\/eltrabajo.cl\/portal\/una-mujer-lesionada-fue-resultado-de-colision-por-alcance-en-las-coimas\/","title":{"rendered":"Una mujer lesionada fue resultado de colisi\u00f3n por alcance en Las Coimas"},"content":{"rendered":"<figure id=\"attachment_49872\" aria-describedby=\"caption-attachment-49872\" style=\"width: 529px\" class=\"wp-caption alignnone\"><a href=\"https:\/\/i0.wp.com\/www.eltrabajo.cl\/portal\/wp-content\/uploads\/2014\/08\/FOTO_ACCIDENTE.jpg\"><img data-recalc-dims=\"1\" loading=\"lazy\" decoding=\"async\" class=\"size-full wp-image-49872\" alt=\"La esposa del conductor de uno de los veh\u00edculos presentaba un fuerte dolor en su cuello por lo que fue necesaria la presencia del SAMU.\" src=\"https:\/\/i0.wp.com\/www.eltrabajo.cl\/portal\/wp-content\/uploads\/2014\/08\/FOTO_ACCIDENTE.jpg?resize=529%2C288\" width=\"529\" height=\"288\" srcset=\"https:\/\/i0.wp.com\/eltrabajo.cl\/portal\/wp-content\/uploads\/2014\/08\/FOTO_ACCIDENTE.jpg?w=529&amp;ssl=1 529w, https:\/\/i0.wp.com\/eltrabajo.cl\/portal\/wp-content\/uploads\/2014\/08\/FOTO_ACCIDENTE.jpg?resize=200%2C108&amp;ssl=1 200w, https:\/\/i0.wp.com\/eltrabajo.cl\/portal\/wp-content\/uploads\/2014\/08\/FOTO_ACCIDENTE.jpg?resize=300%2C163&amp;ssl=1 300w, https:\/\/i0.wp.com\/eltrabajo.cl\/portal\/wp-content\/uploads\/2014\/08\/FOTO_ACCIDENTE.jpg?resize=150%2C81&amp;ssl=1 150w, https:\/\/i0.wp.com\/eltrabajo.cl\/portal\/wp-content\/uploads\/2014\/08\/FOTO_ACCIDENTE.jpg?resize=400%2C217&amp;ssl=1 400w\" sizes=\"auto, (max-width: 529px) 100vw, 529px\" \/><\/a><figcaption id=\"caption-attachment-49872\" class=\"wp-caption-text\">La esposa del conductor de uno de los veh\u00edculos presentaba un fuerte dolor en su cuello por lo que fue necesaria la presencia del SAMU.<\/figcaption><\/figure>\n<p><strong>PUTAENDO.-<\/strong> Una mujer result\u00f3 lesionada luego de registrarse una colisi\u00f3n por alcance entre dos veh\u00edculos a la altura del paradero 25 de Las Coimas, en la carretera E-71.<\/p>\n<p>A eso de las 17:10 horas aproximadamente, Francisco Silva transitaba desde San Felipe a Putaendo a bordo del veh\u00edculo Subaru, patente KZ 34 -36, cuando al llegar al lugar antes nombrado y frente a una empresa agr\u00edcola, un cami\u00f3n se detuvo para virar a la izquierda, momento en el cual, asegura, fue impactado por la parte posterior de su veh\u00edculo por el Nissan patente RP 57-73.<\/p>\n<p>A consecuencia del impacto, la esposa del conductor del primer veh\u00edculo, identificada como Patricia Bernal, result\u00f3 lesionada y presentaba un fuerte dolor en su cuello, por lo que fue necesario que una ambulancia del SAMU se trasladara al lugar y luego llevara a la mujer hasta el Hospital San Antonio de Putaendo, donde le diagnosticaron lesiones de car\u00e1cter leve.<\/p>\n<p>Carabineros de Putaendo, que arrib\u00f3 al lugar, adopt\u00f3 el procedimiento de rigor para este tipo de accidentes.<\/p>\n<p>Patricio Gallardo M.<\/p>\n<p>&nbsp;<\/p>\n","protected":false},"excerpt":{"rendered":"<p>PUTAENDO.- Una mujer result\u00f3 lesionada luego de registrarse una colisi\u00f3n por alcance entre dos veh\u00edculos a la altura del paradero 25 de Las Coimas, en la carretera E-71. A eso de las&#8230;<\/p>\n","protected":false},"author":482,"featured_media":49872,"comment_status":"open","ping_status":"closed","sticky":false,"template":"","format":"standard","meta":{"advanced_seo_description":"","jetpack_seo_html_title":"","jetpack_seo_noindex":false,"_jetpack_memberships_contains_paid_content":false,"footnotes":""},"categories":[21],"tags":[],"class_list":["post-49871","post","type-post","status-publish","format-standard","has-post-thumbnail","hentry","category-policial"],"jetpack_featured_media_url":"https:\/\/i0.wp.com\/eltrabajo.cl\/portal\/wp-content\/uploads\/2014\/08\/FOTO_ACCIDENTE.jpg?fit=529%2C288&ssl=1","jetpack_sharing_enabled":true,"jetpack_likes_enabled":true,"jetpack-related-posts":[],"_links":{"self":[{"href":"https:\/\/eltrabajo.cl\/portal\/wp-json\/wp\/v2\/posts\/49871","targetHints":{"allow":["GET"]}}],"collection":[{"href":"https:\/\/eltrabajo.cl\/portal\/wp-json\/wp\/v2\/posts"}],"about":[{"href":"https:\/\/eltrabajo.cl\/portal\/wp-json\/wp\/v2\/types\/post"}],"author":[{"embeddable":true,"href":"https:\/\/eltrabajo.cl\/portal\/wp-json\/wp\/v2\/users\/482"}],"replies":[{"embeddable":true,"href":"https:\/\/eltrabajo.cl\/portal\/wp-json\/wp\/v2\/comments?post=49871"}],"version-history":[{"count":0,"href":"https:\/\/eltrabajo.cl\/portal\/wp-json\/wp\/v2\/posts\/49871\/revisions"}],"wp:featuredmedia":[{"embeddable":true,"href":"https:\/\/eltrabajo.cl\/portal\/wp-json\/wp\/v2\/media\/49872"}],"wp:attachment":[{"href":"https:\/\/eltrabajo.cl\/portal\/wp-json\/wp\/v2\/media?parent=49871"}],"wp:term":[{"taxonomy":"category","embeddable":true,"href":"https:\/\/eltrabajo.cl\/portal\/wp-json\/wp\/v2\/categories?post=49871"},{"taxonomy":"post_tag","embeddable":true,"href":"https:\/\/eltrabajo.cl\/portal\/wp-json\/wp\/v2\/tags?post=49871"}],"curies":[{"name":"wp","href":"https:\/\/api.w.org\/{rel}","templated":true}]}}