{"id":49875,"date":"2014-08-08T09:24:26","date_gmt":"2014-08-08T13:24:26","guid":{"rendered":"http:\/\/www.eltrabajo.cl\/portal\/?p=49875"},"modified":"2014-08-08T09:24:26","modified_gmt":"2014-08-08T13:24:26","slug":"fuego-consumio-antigua-micro-en-parcela-de-santa-maria","status":"publish","type":"post","link":"https:\/\/eltrabajo.cl\/portal\/fuego-consumio-antigua-micro-en-parcela-de-santa-maria\/","title":{"rendered":"Fuego consumi\u00f3 antigua micro en parcela de Santa Mar\u00eda"},"content":{"rendered":"<figure id=\"attachment_49876\" aria-describedby=\"caption-attachment-49876\" style=\"width: 528px\" class=\"wp-caption alignnone\"><a href=\"https:\/\/i0.wp.com\/www.eltrabajo.cl\/portal\/wp-content\/uploads\/2014\/08\/Micro-1.jpg\"><img data-recalc-dims=\"1\" loading=\"lazy\" decoding=\"async\" class=\"size-full wp-image-49876\" alt=\"Bomberos de la comuna de Santa Mar\u00eda sofocaron las llamas que se originaron al interior de un microb\u00fas en desuso que se encontraba estacionado al interior de una parcela en el sector de San Fernando. (@italovaldivia)\" src=\"https:\/\/i0.wp.com\/www.eltrabajo.cl\/portal\/wp-content\/uploads\/2014\/08\/Micro-1.jpg?resize=528%2C304\" width=\"528\" height=\"304\" srcset=\"https:\/\/i0.wp.com\/eltrabajo.cl\/portal\/wp-content\/uploads\/2014\/08\/Micro-1.jpg?w=528&amp;ssl=1 528w, https:\/\/i0.wp.com\/eltrabajo.cl\/portal\/wp-content\/uploads\/2014\/08\/Micro-1.jpg?resize=200%2C115&amp;ssl=1 200w, https:\/\/i0.wp.com\/eltrabajo.cl\/portal\/wp-content\/uploads\/2014\/08\/Micro-1.jpg?resize=300%2C172&amp;ssl=1 300w, https:\/\/i0.wp.com\/eltrabajo.cl\/portal\/wp-content\/uploads\/2014\/08\/Micro-1.jpg?resize=150%2C86&amp;ssl=1 150w, https:\/\/i0.wp.com\/eltrabajo.cl\/portal\/wp-content\/uploads\/2014\/08\/Micro-1.jpg?resize=400%2C230&amp;ssl=1 400w\" sizes=\"auto, (max-width: 528px) 100vw, 528px\" \/><\/a><figcaption id=\"caption-attachment-49876\" class=\"wp-caption-text\">Bomberos de la comuna de Santa Mar\u00eda sofocaron las llamas que se originaron al interior de un microb\u00fas en desuso que se encontraba estacionado al interior de una parcela en el sector de San Fernando. (@italovaldivia)<\/figcaption><\/figure>\n<p>Personal de Bomberos de la Primera y Segunda compa\u00f1\u00edas debieron sofocar las llamas que se originaron al interior de un antiguo microb\u00fas que se encontraba en desuso al interior de una parcela en el sector de San Fernando en la comuna de Santa Mar\u00eda.<\/p>\n<p>El siniestro ocurri\u00f3 pasadas las 15:30 horas de ayer jueves, cuando las llamas consumieron por completo el veh\u00edculo, debiendo ser asistido por Bomberos que concurri\u00f3 al lugar logrando apagar el fuego en breves minutos, sin provocarse otros da\u00f1os a la propiedad ni personas heridas.<\/p>\n<figure id=\"attachment_49877\" aria-describedby=\"caption-attachment-49877\" style=\"width: 370px\" class=\"wp-caption alignright\"><a href=\"https:\/\/i0.wp.com\/www.eltrabajo.cl\/portal\/wp-content\/uploads\/2014\/08\/Micro-2.jpg\"><img data-recalc-dims=\"1\" loading=\"lazy\" decoding=\"async\" class=\" wp-image-49877 \" alt=\"Pese a que las llamas consumieron toda la estructura del microb\u00fas, no se registraron otros da\u00f1os a la propiedad ni personas heridas. (@italovaldivia)\" src=\"https:\/\/i0.wp.com\/www.eltrabajo.cl\/portal\/wp-content\/uploads\/2014\/08\/Micro-2.jpg?resize=370%2C213\" width=\"370\" height=\"213\" srcset=\"https:\/\/i0.wp.com\/eltrabajo.cl\/portal\/wp-content\/uploads\/2014\/08\/Micro-2.jpg?w=528&amp;ssl=1 528w, https:\/\/i0.wp.com\/eltrabajo.cl\/portal\/wp-content\/uploads\/2014\/08\/Micro-2.jpg?resize=200%2C115&amp;ssl=1 200w, https:\/\/i0.wp.com\/eltrabajo.cl\/portal\/wp-content\/uploads\/2014\/08\/Micro-2.jpg?resize=300%2C172&amp;ssl=1 300w, https:\/\/i0.wp.com\/eltrabajo.cl\/portal\/wp-content\/uploads\/2014\/08\/Micro-2.jpg?resize=150%2C86&amp;ssl=1 150w, https:\/\/i0.wp.com\/eltrabajo.cl\/portal\/wp-content\/uploads\/2014\/08\/Micro-2.jpg?resize=400%2C230&amp;ssl=1 400w\" sizes=\"auto, (max-width: 370px) 100vw, 370px\" \/><\/a><figcaption id=\"caption-attachment-49877\" class=\"wp-caption-text\">Pese a que las llamas consumieron toda la estructura del microb\u00fas, no se registraron otros da\u00f1os a la propiedad ni personas heridas. (@italovaldivia)<\/figcaption><\/figure>\n<p>El propietario del lugar, identificado con las iniciales E.E.F.L. de 52 a\u00f1os de edad, indic\u00f3 a Carabineros y personal especializado de Bomberos que la micro estaba en desuso desde hace cuatro a\u00f1os, desconociendo el origen del fuego, agregando que su due\u00f1o se percat\u00f3 de las llamas mientras realizaba podas al interior de la parcela.<\/p>\n<p>\u201cNo se sabe a\u00fan el origen del fuego porque estaba abandonada, porque era muy antigua, pero se quem\u00f3 completa, el propietario indic\u00f3 que no la utilizaba. Concurrieron las dos compa\u00f1\u00edas a sofocar el fuego, no se propag\u00f3 el fuego hacia otros lugares\u201d, precis\u00f3 el Segundo Comandante de Bomberos, Bernardo Cuevas a Diario El Trabajo.<\/p>\n<p>Pablo Salinas Sald\u00edas<\/p>\n","protected":false},"excerpt":{"rendered":"<p>Personal de Bomberos de la Primera y Segunda compa\u00f1\u00edas debieron sofocar las llamas que se originaron al interior de un antiguo microb\u00fas que se encontraba en desuso al interior de una parcela&#8230;<\/p>\n","protected":false},"author":482,"featured_media":49876,"comment_status":"open","ping_status":"closed","sticky":false,"template":"","format":"standard","meta":{"advanced_seo_description":"","jetpack_seo_html_title":"","jetpack_seo_noindex":false,"_jetpack_memberships_contains_paid_content":false,"footnotes":""},"categories":[21],"tags":[],"class_list":["post-49875","post","type-post","status-publish","format-standard","has-post-thumbnail","hentry","category-policial"],"jetpack_featured_media_url":"https:\/\/i0.wp.com\/eltrabajo.cl\/portal\/wp-content\/uploads\/2014\/08\/Micro-1.jpg?fit=528%2C304&ssl=1","jetpack_sharing_enabled":true,"jetpack_likes_enabled":true,"jetpack-related-posts":[],"_links":{"self":[{"href":"https:\/\/eltrabajo.cl\/portal\/wp-json\/wp\/v2\/posts\/49875","targetHints":{"allow":["GET"]}}],"collection":[{"href":"https:\/\/eltrabajo.cl\/portal\/wp-json\/wp\/v2\/posts"}],"about":[{"href":"https:\/\/eltrabajo.cl\/portal\/wp-json\/wp\/v2\/types\/post"}],"author":[{"embeddable":true,"href":"https:\/\/eltrabajo.cl\/portal\/wp-json\/wp\/v2\/users\/482"}],"replies":[{"embeddable":true,"href":"https:\/\/eltrabajo.cl\/portal\/wp-json\/wp\/v2\/comments?post=49875"}],"version-history":[{"count":0,"href":"https:\/\/eltrabajo.cl\/portal\/wp-json\/wp\/v2\/posts\/49875\/revisions"}],"wp:featuredmedia":[{"embeddable":true,"href":"https:\/\/eltrabajo.cl\/portal\/wp-json\/wp\/v2\/media\/49876"}],"wp:attachment":[{"href":"https:\/\/eltrabajo.cl\/portal\/wp-json\/wp\/v2\/media?parent=49875"}],"wp:term":[{"taxonomy":"category","embeddable":true,"href":"https:\/\/eltrabajo.cl\/portal\/wp-json\/wp\/v2\/categories?post=49875"},{"taxonomy":"post_tag","embeddable":true,"href":"https:\/\/eltrabajo.cl\/portal\/wp-json\/wp\/v2\/tags?post=49875"}],"curies":[{"name":"wp","href":"https:\/\/api.w.org\/{rel}","templated":true}]}}