{"id":4989,"date":"2011-10-20T08:27:10","date_gmt":"2011-10-20T12:27:10","guid":{"rendered":"http:\/\/www.eltrabajo.cl\/portal\/?p=4989"},"modified":"2011-10-20T08:27:10","modified_gmt":"2011-10-20T12:27:10","slug":"viernes-y-sabado-es-el-primer-encuentro-nacional-de-cultores-de-cueca","status":"publish","type":"post","link":"https:\/\/eltrabajo.cl\/portal\/viernes-y-sabado-es-el-primer-encuentro-nacional-de-cultores-de-cueca\/","title":{"rendered":"Viernes y s\u00e1bado es el Primer Encuentro Nacional de Cultores de Cueca"},"content":{"rendered":"<figure id=\"attachment_4990\" aria-describedby=\"caption-attachment-4990\" style=\"width: 600px\" class=\"wp-caption alignnone\"><a href=\"http:\/\/www.eltrabajo.cl\/portal\/archives\/4989\/conferencia-encuentro-cultores-de-cueca\" rel=\"attachment wp-att-4990\"><img data-recalc-dims=\"1\" loading=\"lazy\" decoding=\"async\" class=\"size-full wp-image-4990\" title=\"Conferencia Encuentro Cultores de Cueca\" src=\"https:\/\/i0.wp.com\/www.eltrabajo.cl\/portal\/wp-content\/uploads\/2011\/10\/Conferencia-Encuentro-Cultores-de-Cueca.jpg?resize=600%2C450\" alt=\"\" width=\"600\" height=\"450\" srcset=\"https:\/\/i0.wp.com\/eltrabajo.cl\/portal\/wp-content\/uploads\/2011\/10\/Conferencia-Encuentro-Cultores-de-Cueca.jpg?w=600&amp;ssl=1 600w, https:\/\/i0.wp.com\/eltrabajo.cl\/portal\/wp-content\/uploads\/2011\/10\/Conferencia-Encuentro-Cultores-de-Cueca.jpg?resize=200%2C150&amp;ssl=1 200w, https:\/\/i0.wp.com\/eltrabajo.cl\/portal\/wp-content\/uploads\/2011\/10\/Conferencia-Encuentro-Cultores-de-Cueca.jpg?resize=300%2C225&amp;ssl=1 300w, https:\/\/i0.wp.com\/eltrabajo.cl\/portal\/wp-content\/uploads\/2011\/10\/Conferencia-Encuentro-Cultores-de-Cueca.jpg?resize=150%2C112&amp;ssl=1 150w, https:\/\/i0.wp.com\/eltrabajo.cl\/portal\/wp-content\/uploads\/2011\/10\/Conferencia-Encuentro-Cultores-de-Cueca.jpg?resize=400%2C300&amp;ssl=1 400w\" sizes=\"auto, (max-width: 600px) 100vw, 600px\" \/><\/a><figcaption id=\"caption-attachment-4990\" class=\"wp-caption-text\">El alcalde Jaime Amar junto a la la presidenta del Club de Cueca, Ruth Garc\u00eda, entregaron los detalles del evento.<\/figcaption><\/figure>\n<p><strong>Representantes de las quince regiones del pa\u00eds se dar\u00e1n cita en la Plaza C\u00edvica los d\u00edas viernes y s\u00e1bado, para dar vida a este encuentro nacional<\/strong>.<\/p>\n<p>Este viernes y s\u00e1bado, en la Plaza C\u00edvica de San Felipe, se realizar\u00e1 el primer encuentro nacional de cultores de cueca, actividad organizada por la municipalidad de San Felipe, el Club de Cueca Tierra Querida y respaldada por la Corporaci\u00f3n Nacional de la Cultura y Tradiciones de Chile.<\/p>\n<p>Seg\u00fan explic\u00f3 la presidenta del Club de Cueca, Ruth Garc\u00eda, esta iniciativa se realiza en San Felipe dado el alto nivel de organizaci\u00f3n que se ha visualizado en otras actividades cuequeras, por lo que se decidi\u00f3 que en su primera edici\u00f3n, este encuentro se efect\u00fae en esta ciudad.<\/p>\n<p>\u00abLa realizaci\u00f3n de este encuentro en San Felipe fue una suerte de premio para nosotros, porque a lo largo de Chile se dice que somos los que mejores eventos folcl\u00f3ricos organizamos\u00bb, se\u00f1al\u00f3 Ruth Garc\u00eda.<\/p>\n<p>El programa se inicia el viernes a las 19.30 horas con la presentaci\u00f3n de los 15 representantes de las distintas regiones del pa\u00eds. \u00abVamos a tener la presentaci\u00f3n de las quince parejas representantes del territorio nacional, en una expresi\u00f3n de la cueca que viene de las ra\u00edces, tal como naci\u00f3, sin coreograf\u00eda y sin adornos, esta es la cueca pura y cada regi\u00f3n va a representar la cueca que all\u00ed se baila con sus trajes t\u00edpicos de la zona\u00bb, explic\u00f3.<\/p>\n<p>La animaci\u00f3n del evento estar\u00e1 a cargo de Gonzalo \u201cTorito\u201d Mart\u00ednez. En la oportunidad, saludar\u00e1n a los presentes el alcalde Jaime Amar y el presidente de la Corporaci\u00f3n Nacional de la Cultura y Tradiciones de Chile, Sebasti\u00e1n Ponce.<\/p>\n<p>La presidenta del Club de Cueca \u00abTierra Querida\u00bb, indic\u00f3 que la realizaci\u00f3n de este encuentro es el resultado de un convenio suscrito entre la Corporaci\u00f3n y la municipalidad de San Felipe.<\/p>\n<p>\u00abVamos a tener la presentaci\u00f3n de las 15 parejas, va a bailar el primer grupo de la muestra de cultores, seguidamente los vicecampeones nacionales de cueca categor\u00eda adulto mayor, Silvia Bustamante y Jorge Mardones, que representaron a San Felipe. Despu\u00e9s viene la actuaci\u00f3n de Gonzalo \u201cTorito\u201d Mart\u00ednez; le sigue el segundo grupo de la muestra de cultores y el cierre, todo esto durante la primera noche\u00bb, detall\u00f3 Ruth Garc\u00eda.<\/p>\n<p>Para la segunda noche se contempla tambi\u00e9n la presentaci\u00f3n de los cultores, as\u00ed como tambi\u00e9n el show de \u201cLos Chacareros de Paine\u201d. Ese d\u00eda adem\u00e1s se har\u00e1 entrega de diplomas a los participantes y la despedida de la muestra.<\/p>\n<p>No obstante, para el d\u00eda domingo est\u00e1 contemplada una misa a la chilena, amenizada por el grupo Los Roblerinos de Linares, que se efectuar\u00e1 en la Iglesia San Antonio de Padua de Almendral.<\/p>\n","protected":false},"excerpt":{"rendered":"<p>Representantes de las quince regiones del pa\u00eds se dar\u00e1n cita en la Plaza C\u00edvica los d\u00edas viernes y s\u00e1bado, para dar vida a este encuentro nacional. Este viernes y s\u00e1bado, en la&#8230;<\/p>\n","protected":false},"author":482,"featured_media":4990,"comment_status":"open","ping_status":"open","sticky":false,"template":"","format":"standard","meta":{"advanced_seo_description":"","jetpack_seo_html_title":"","jetpack_seo_noindex":false,"_jetpack_memberships_contains_paid_content":false,"footnotes":""},"categories":[1],"tags":[],"class_list":["post-4989","post","type-post","status-publish","format-standard","has-post-thumbnail","hentry","category-cronica"],"jetpack_featured_media_url":"https:\/\/i0.wp.com\/eltrabajo.cl\/portal\/wp-content\/uploads\/2011\/10\/Conferencia-Encuentro-Cultores-de-Cueca.jpg?fit=600%2C450&ssl=1","jetpack_sharing_enabled":true,"jetpack_likes_enabled":true,"jetpack-related-posts":[],"_links":{"self":[{"href":"https:\/\/eltrabajo.cl\/portal\/wp-json\/wp\/v2\/posts\/4989","targetHints":{"allow":["GET"]}}],"collection":[{"href":"https:\/\/eltrabajo.cl\/portal\/wp-json\/wp\/v2\/posts"}],"about":[{"href":"https:\/\/eltrabajo.cl\/portal\/wp-json\/wp\/v2\/types\/post"}],"author":[{"embeddable":true,"href":"https:\/\/eltrabajo.cl\/portal\/wp-json\/wp\/v2\/users\/482"}],"replies":[{"embeddable":true,"href":"https:\/\/eltrabajo.cl\/portal\/wp-json\/wp\/v2\/comments?post=4989"}],"version-history":[{"count":0,"href":"https:\/\/eltrabajo.cl\/portal\/wp-json\/wp\/v2\/posts\/4989\/revisions"}],"wp:featuredmedia":[{"embeddable":true,"href":"https:\/\/eltrabajo.cl\/portal\/wp-json\/wp\/v2\/media\/4990"}],"wp:attachment":[{"href":"https:\/\/eltrabajo.cl\/portal\/wp-json\/wp\/v2\/media?parent=4989"}],"wp:term":[{"taxonomy":"category","embeddable":true,"href":"https:\/\/eltrabajo.cl\/portal\/wp-json\/wp\/v2\/categories?post=4989"},{"taxonomy":"post_tag","embeddable":true,"href":"https:\/\/eltrabajo.cl\/portal\/wp-json\/wp\/v2\/tags?post=4989"}],"curies":[{"name":"wp","href":"https:\/\/api.w.org\/{rel}","templated":true}]}}