{"id":49901,"date":"2014-08-11T09:17:26","date_gmt":"2014-08-11T13:17:26","guid":{"rendered":"http:\/\/www.eltrabajo.cl\/portal\/?p=49901"},"modified":"2014-08-11T09:17:26","modified_gmt":"2014-08-11T13:17:26","slug":"convocan-a-estudiantes-a-participar-de-concurso-de-poesia","status":"publish","type":"post","link":"https:\/\/eltrabajo.cl\/portal\/convocan-a-estudiantes-a-participar-de-concurso-de-poesia\/","title":{"rendered":"Convocan a estudiantes a participar de concurso de poes\u00eda"},"content":{"rendered":"<figure id=\"attachment_49902\" aria-describedby=\"caption-attachment-49902\" style=\"width: 529px\" class=\"wp-caption alignnone\"><a href=\"https:\/\/i0.wp.com\/www.eltrabajo.cl\/portal\/wp-content\/uploads\/2014\/08\/Fiesta1.jpg\"><img data-recalc-dims=\"1\" loading=\"lazy\" decoding=\"async\" class=\"size-full wp-image-49902\" alt=\"El Concejal Arellano invit\u00f3 a los alumnos de todos los colegios de la ciudad a presentar sus obras hasta el d\u00eda 29 de agosto, las cuales deben estar escritas en  hojas de block de dibujo.\" src=\"https:\/\/i0.wp.com\/www.eltrabajo.cl\/portal\/wp-content\/uploads\/2014\/08\/Fiesta1.jpg?resize=529%2C359\" width=\"529\" height=\"359\" srcset=\"https:\/\/i0.wp.com\/eltrabajo.cl\/portal\/wp-content\/uploads\/2014\/08\/Fiesta1.jpg?w=529&amp;ssl=1 529w, https:\/\/i0.wp.com\/eltrabajo.cl\/portal\/wp-content\/uploads\/2014\/08\/Fiesta1.jpg?resize=200%2C135&amp;ssl=1 200w, https:\/\/i0.wp.com\/eltrabajo.cl\/portal\/wp-content\/uploads\/2014\/08\/Fiesta1.jpg?resize=300%2C203&amp;ssl=1 300w, https:\/\/i0.wp.com\/eltrabajo.cl\/portal\/wp-content\/uploads\/2014\/08\/Fiesta1.jpg?resize=150%2C101&amp;ssl=1 150w, https:\/\/i0.wp.com\/eltrabajo.cl\/portal\/wp-content\/uploads\/2014\/08\/Fiesta1.jpg?resize=400%2C271&amp;ssl=1 400w\" sizes=\"auto, (max-width: 529px) 100vw, 529px\" \/><\/a><figcaption id=\"caption-attachment-49902\" class=\"wp-caption-text\">El Concejal Arellano invit\u00f3 a los alumnos de todos los colegios de la ciudad a presentar sus obras hasta el d\u00eda 29 de agosto, las cuales deben estar escritas en hojas de block de dibujo.<\/figcaption><\/figure>\n<p><strong>LOS ANDES.-<\/strong> El municipio en conjunto con el Departamento de Educaci\u00f3n Municipal de Los Andes, est\u00e1n convocando a los alumnos de colegios municipalizados, subvencionados y particulares, a participar de un concurso de poes\u00eda con motivo central de la presencia de Gabriela Mistral en nuestra ciudad. Uno de los impulsores de esta iniciativa, el Concejal Octavio Arellano record\u00f3 que justamente el a\u00f1o 1914 durante su estad\u00eda en Los Andes, Lucila Godoy escribi\u00f3 su obra \u2018Los sonetos de la muerte, ocasi\u00f3n en que naci\u00f3 a la vida literaria su pseud\u00f3nimo de Gabriela Mistral. Es por ello que al cumplirse este 2014 los 100 a\u00f1os de esta obra cumbre de la poetisa, se quiso llevar adelante este concurso que estar\u00e1 inserto dentro del III Festival Costumbrista de Los Andes.<\/p>\n<p>Arellano indic\u00f3 que el concurso estar\u00e1 dividido en dos categor\u00edas, ense\u00f1anza b\u00e1sica y ense\u00f1anza media y en cada una de ellas se premiar\u00e1 a los tres primeros lugares, adem\u00e1s de entregar siete menciones honrosas. Adem\u00e1s, todos los poemas ser\u00e1n colocados en un \u00e1rbol en el parque urbano durante el Festival Costumbrista, a fin de dar un sentido de que la poes\u00eda revive en la primavera.<\/p>\n<p>Por ello el Concejal Arellano invit\u00f3 a los alumnos de todos los colegios de la ciudad a presentar sus obras hasta el d\u00eda 29 de agosto, las cuales deben estar escritas en hojas de block de dibujo para dar un sentido art\u00edstico y poder colocarlas en el \u00e1rbol po\u00e9tico. \u00abLa idea es poder tener un homenaje pr\u00e1ctico y visual a Gabriela Mistral, motivando as\u00ed la celebraci\u00f3n de estos 100 a\u00f1os de Los sonetos de la muerte\u00bb, expres\u00f3 el edil.<\/p>\n<p>Por su parte, uno de los integrantes de la comisi\u00f3n organizadora de este concurso, Ricardo Serrat, afirm\u00f3 que Los Andes tiene una gran deuda con Gabriela Mistral, no obstante que ella siempre dijo sentirse nativa de esta tierra, \u00abnosotros le hemos dado muy poca importancia, no solamente desde el punto de vista cultural, sino que tambi\u00e9n de lo que es el turismo y lo que son nuestras ra\u00edces, y por eso debemos trabajar en forma conjunta todas las autoridades\u00bb.<\/p>\n<p>Serrat dijo que en los colegios no se toca la importancia de Gabriela Mistral en su paso por nuestra ciudad, incluso habiendo vivido no s\u00f3lo en Coquimbito, sino en dos casas del centro de la ciudad que a\u00fan existen.<\/p>\n","protected":false},"excerpt":{"rendered":"<p>LOS ANDES.- El municipio en conjunto con el Departamento de Educaci\u00f3n Municipal de Los Andes, est\u00e1n convocando a los alumnos de colegios municipalizados, subvencionados y particulares, a participar de un concurso de&#8230;<\/p>\n","protected":false},"author":482,"featured_media":49902,"comment_status":"open","ping_status":"closed","sticky":false,"template":"","format":"standard","meta":{"advanced_seo_description":"","jetpack_seo_html_title":"","jetpack_seo_noindex":false,"_jetpack_memberships_contains_paid_content":false,"footnotes":""},"categories":[15],"tags":[],"class_list":["post-49901","post","type-post","status-publish","format-standard","has-post-thumbnail","hentry","category-comunidad"],"jetpack_featured_media_url":"https:\/\/i0.wp.com\/eltrabajo.cl\/portal\/wp-content\/uploads\/2014\/08\/Fiesta1.jpg?fit=529%2C359&ssl=1","jetpack_sharing_enabled":true,"jetpack_likes_enabled":true,"jetpack-related-posts":[],"_links":{"self":[{"href":"https:\/\/eltrabajo.cl\/portal\/wp-json\/wp\/v2\/posts\/49901","targetHints":{"allow":["GET"]}}],"collection":[{"href":"https:\/\/eltrabajo.cl\/portal\/wp-json\/wp\/v2\/posts"}],"about":[{"href":"https:\/\/eltrabajo.cl\/portal\/wp-json\/wp\/v2\/types\/post"}],"author":[{"embeddable":true,"href":"https:\/\/eltrabajo.cl\/portal\/wp-json\/wp\/v2\/users\/482"}],"replies":[{"embeddable":true,"href":"https:\/\/eltrabajo.cl\/portal\/wp-json\/wp\/v2\/comments?post=49901"}],"version-history":[{"count":0,"href":"https:\/\/eltrabajo.cl\/portal\/wp-json\/wp\/v2\/posts\/49901\/revisions"}],"wp:featuredmedia":[{"embeddable":true,"href":"https:\/\/eltrabajo.cl\/portal\/wp-json\/wp\/v2\/media\/49902"}],"wp:attachment":[{"href":"https:\/\/eltrabajo.cl\/portal\/wp-json\/wp\/v2\/media?parent=49901"}],"wp:term":[{"taxonomy":"category","embeddable":true,"href":"https:\/\/eltrabajo.cl\/portal\/wp-json\/wp\/v2\/categories?post=49901"},{"taxonomy":"post_tag","embeddable":true,"href":"https:\/\/eltrabajo.cl\/portal\/wp-json\/wp\/v2\/tags?post=49901"}],"curies":[{"name":"wp","href":"https:\/\/api.w.org\/{rel}","templated":true}]}}