{"id":49904,"date":"2014-08-11T09:18:14","date_gmt":"2014-08-11T13:18:14","guid":{"rendered":"http:\/\/www.eltrabajo.cl\/portal\/?p=49904"},"modified":"2014-08-11T09:18:14","modified_gmt":"2014-08-11T13:18:14","slug":"ya-viene-el-campeonato-comunal-de-cueca-del-adulto-mayor","status":"publish","type":"post","link":"https:\/\/eltrabajo.cl\/portal\/ya-viene-el-campeonato-comunal-de-cueca-del-adulto-mayor\/","title":{"rendered":"Ya viene el Campeonato Comunal de Cueca del Adulto Mayor"},"content":{"rendered":"<figure id=\"attachment_49905\" aria-describedby=\"caption-attachment-49905\" style=\"width: 529px\" class=\"wp-caption alignnone\"><a href=\"https:\/\/i0.wp.com\/www.eltrabajo.cl\/portal\/wp-content\/uploads\/2014\/08\/Cueca1.jpg\"><img data-recalc-dims=\"1\" loading=\"lazy\" decoding=\"async\" class=\"size-full wp-image-49905\" alt=\"Ruth Garc\u00eda, del Club de Cueca Tierra Querida, junto a Silvia Bustamante y Jorge Mardones, campeones nacionales 2013 y Silvia Sep\u00falveda, campeona nacional del a\u00f1o 2002.\" src=\"https:\/\/i0.wp.com\/www.eltrabajo.cl\/portal\/wp-content\/uploads\/2014\/08\/Cueca1.jpg?resize=529%2C358\" width=\"529\" height=\"358\" srcset=\"https:\/\/i0.wp.com\/eltrabajo.cl\/portal\/wp-content\/uploads\/2014\/08\/Cueca1.jpg?w=529&amp;ssl=1 529w, https:\/\/i0.wp.com\/eltrabajo.cl\/portal\/wp-content\/uploads\/2014\/08\/Cueca1.jpg?resize=200%2C135&amp;ssl=1 200w, https:\/\/i0.wp.com\/eltrabajo.cl\/portal\/wp-content\/uploads\/2014\/08\/Cueca1.jpg?resize=300%2C203&amp;ssl=1 300w, https:\/\/i0.wp.com\/eltrabajo.cl\/portal\/wp-content\/uploads\/2014\/08\/Cueca1.jpg?resize=150%2C101&amp;ssl=1 150w, https:\/\/i0.wp.com\/eltrabajo.cl\/portal\/wp-content\/uploads\/2014\/08\/Cueca1.jpg?resize=400%2C270&amp;ssl=1 400w\" sizes=\"auto, (max-width: 529px) 100vw, 529px\" \/><\/a><figcaption id=\"caption-attachment-49905\" class=\"wp-caption-text\">Ruth Garc\u00eda, del Club de Cueca Tierra Querida, junto a Silvia Bustamante y Jorge Mardones, campeones nacionales 2013 y Silvia Sep\u00falveda, campeona nacional del a\u00f1o 2002.<\/figcaption><\/figure>\n<p>Para este s\u00e1bado 16 de agosto, a partir de las 15:00 horas en el Teatro Municipal de San Felipe, est\u00e1 contemplada la realizaci\u00f3n del Campeonato Comunal de Cueca categor\u00eda Adulto Mayor, actividad a la que se invita a participar a todos los amantes de nuestra danza nacional.<\/p>\n<p>La informaci\u00f3n la entreg\u00f3 la representante del Club de Cueca Tierra Querida, Ruth Garc\u00eda, quien acompa\u00f1ada de los campeones nacionales a\u00f1o 2013 Silvia Bustamante y Jorge Mardones, adem\u00e1s de la campeona nacional 2002, Silvia Sep\u00falveda, manifestaron su optimismo no s\u00f3lo en t\u00e9rminos de lograr la inscripci\u00f3n de un n\u00famero importante de parejas competidoras, sino tambi\u00e9n en cuanto a alcanzar una masiva asistencia de p\u00fablico.<\/p>\n<p>Seg\u00fan se\u00f1al\u00f3 Ruth Garc\u00eda, esta actividad es organizada por la Municipalidad de San Felipe, en conjunto con el Club Tierra Querida, y pueden participar todas las personas que al d\u00eda del campeonato tengan cumplidos los sesenta a\u00f1os de edad, que sean auto-valentes y con domicilio en la comuna.<\/p>\n<p>\u201cEn este campeonato se baila la cueca centrina, de 48 compases, con la \u00fanica diferencia que en aqu\u00ed se bailan dos pies de cueca y no tres como ocurre con otras categor\u00edas. Tienen que vestir el traje t\u00edpico y la verdad es que ser\u00e1 una actividad muy entretenida, porque vamos a tener al conjunto folcl\u00f3rico Las Colchag\u00fcinas amenizando el campeonato y la animaci\u00f3n de Jos\u00e9 Manuel Covarrubias\u201d, se\u00f1al\u00f3 la representante del club cuequero.<\/p>\n<p>Los campeones de cueca, formularon una invitaci\u00f3n a los adultos mayores para que participen, ya sea en la competencia o bien como p\u00fablico, aun cuando resaltaron que la oportunidad de participar en el torneo, explicando que se trata de una experiencia \u00fanica e inolvidable. \u201cLa idea es que se atrevan a subirse al escenario a bailar, a bailar la cueca, porque es una experiencia maravillosa y en verdad, un sue\u00f1o para un cuequero, llegar a Tom\u00e9, para participar del torneo nacional\u201d, manifest\u00f3 Silvia Bustamante, quien junto a su esposo Jorge Mardones, se coronaron campeones nacionales el a\u00f1o reci\u00e9n pasado.<\/p>\n","protected":false},"excerpt":{"rendered":"<p>Para este s\u00e1bado 16 de agosto, a partir de las 15:00 horas en el Teatro Municipal de San Felipe, est\u00e1 contemplada la realizaci\u00f3n del Campeonato Comunal de Cueca categor\u00eda Adulto Mayor, actividad&#8230;<\/p>\n","protected":false},"author":482,"featured_media":49905,"comment_status":"open","ping_status":"closed","sticky":false,"template":"","format":"standard","meta":{"advanced_seo_description":"","jetpack_seo_html_title":"","jetpack_seo_noindex":false,"_jetpack_memberships_contains_paid_content":false,"footnotes":""},"categories":[15],"tags":[],"class_list":["post-49904","post","type-post","status-publish","format-standard","has-post-thumbnail","hentry","category-comunidad"],"jetpack_featured_media_url":"https:\/\/i0.wp.com\/eltrabajo.cl\/portal\/wp-content\/uploads\/2014\/08\/Cueca1.jpg?fit=529%2C358&ssl=1","jetpack_sharing_enabled":true,"jetpack_likes_enabled":true,"jetpack-related-posts":[],"_links":{"self":[{"href":"https:\/\/eltrabajo.cl\/portal\/wp-json\/wp\/v2\/posts\/49904","targetHints":{"allow":["GET"]}}],"collection":[{"href":"https:\/\/eltrabajo.cl\/portal\/wp-json\/wp\/v2\/posts"}],"about":[{"href":"https:\/\/eltrabajo.cl\/portal\/wp-json\/wp\/v2\/types\/post"}],"author":[{"embeddable":true,"href":"https:\/\/eltrabajo.cl\/portal\/wp-json\/wp\/v2\/users\/482"}],"replies":[{"embeddable":true,"href":"https:\/\/eltrabajo.cl\/portal\/wp-json\/wp\/v2\/comments?post=49904"}],"version-history":[{"count":0,"href":"https:\/\/eltrabajo.cl\/portal\/wp-json\/wp\/v2\/posts\/49904\/revisions"}],"wp:featuredmedia":[{"embeddable":true,"href":"https:\/\/eltrabajo.cl\/portal\/wp-json\/wp\/v2\/media\/49905"}],"wp:attachment":[{"href":"https:\/\/eltrabajo.cl\/portal\/wp-json\/wp\/v2\/media?parent=49904"}],"wp:term":[{"taxonomy":"category","embeddable":true,"href":"https:\/\/eltrabajo.cl\/portal\/wp-json\/wp\/v2\/categories?post=49904"},{"taxonomy":"post_tag","embeddable":true,"href":"https:\/\/eltrabajo.cl\/portal\/wp-json\/wp\/v2\/tags?post=49904"}],"curies":[{"name":"wp","href":"https:\/\/api.w.org\/{rel}","templated":true}]}}