{"id":49907,"date":"2014-08-11T09:19:28","date_gmt":"2014-08-11T13:19:28","guid":{"rendered":"http:\/\/www.eltrabajo.cl\/portal\/?p=49907"},"modified":"2014-08-11T09:19:28","modified_gmt":"2014-08-11T13:19:28","slug":"satisfaccion-en-villa-industrial-por-recuperacion-de-sede-comunitaria","status":"publish","type":"post","link":"https:\/\/eltrabajo.cl\/portal\/satisfaccion-en-villa-industrial-por-recuperacion-de-sede-comunitaria\/","title":{"rendered":"Satisfacci\u00f3n en Villa Industrial por recuperaci\u00f3n de sede comunitaria"},"content":{"rendered":"<figure id=\"attachment_49908\" aria-describedby=\"caption-attachment-49908\" style=\"width: 529px\" class=\"wp-caption alignnone\"><a href=\"https:\/\/i0.wp.com\/www.eltrabajo.cl\/portal\/wp-content\/uploads\/2014\/08\/Sede1.jpg\"><img data-recalc-dims=\"1\" loading=\"lazy\" decoding=\"async\" class=\"size-full wp-image-49908\" alt=\"Felices est\u00e1n los vecinos y vecinas de Villa Industrial de San Felipe, por la recuperaci\u00f3n y habilitaci\u00f3n de la sede comunitaria de ese sector poblacional.\" src=\"https:\/\/i0.wp.com\/www.eltrabajo.cl\/portal\/wp-content\/uploads\/2014\/08\/Sede1.jpg?resize=529%2C330\" width=\"529\" height=\"330\" srcset=\"https:\/\/i0.wp.com\/eltrabajo.cl\/portal\/wp-content\/uploads\/2014\/08\/Sede1.jpg?w=529&amp;ssl=1 529w, https:\/\/i0.wp.com\/eltrabajo.cl\/portal\/wp-content\/uploads\/2014\/08\/Sede1.jpg?resize=200%2C124&amp;ssl=1 200w, https:\/\/i0.wp.com\/eltrabajo.cl\/portal\/wp-content\/uploads\/2014\/08\/Sede1.jpg?resize=300%2C187&amp;ssl=1 300w, https:\/\/i0.wp.com\/eltrabajo.cl\/portal\/wp-content\/uploads\/2014\/08\/Sede1.jpg?resize=150%2C93&amp;ssl=1 150w, https:\/\/i0.wp.com\/eltrabajo.cl\/portal\/wp-content\/uploads\/2014\/08\/Sede1.jpg?resize=400%2C249&amp;ssl=1 400w\" sizes=\"auto, (max-width: 529px) 100vw, 529px\" \/><\/a><figcaption id=\"caption-attachment-49908\" class=\"wp-caption-text\">Felices est\u00e1n los vecinos y vecinas de Villa Industrial de San Felipe, por la recuperaci\u00f3n y habilitaci\u00f3n de la sede comunitaria de ese sector poblacional.<\/figcaption><\/figure>\n<p>Felices est\u00e1n los vecinos y vecinas de Villa Industrial de San Felipe, por la recuperaci\u00f3n y habilitaci\u00f3n de la sede comunitaria de ese sector poblacional, la que por a\u00f1os estuvo en muy deficitarias condiciones y pr\u00e1cticamente abandonada. Gracias a una l\u00ednea de financiamiento de Fosis, llamada Acci\u00f3n en Comunidad, se logr\u00f3 contar con los recursos para recuperar esta sede y mejorarla, lo que permitir\u00e1 la realizaci\u00f3n de actividades de participaci\u00f3n ciudadana, como es el funcionamiento de algunos talleres.<\/p>\n<p>El Director Regional de Fosis, Marcelo Aguilar, afirm\u00f3 en la oportunidad que iniciativas como \u00e9sta son fundamentales para el tejido social que busca fortalecer el gobierno de la Presidente Michelle Bachelet. \u201cHoy d\u00eda estamos proyectando este trabajo, el objetivo de Fosis es liderar procesos contra la pobreza y la desigualdad, en eso estamos hoy d\u00eda. Entonces, iniciativas como esta van a generar este tejido social que trabaje y que luche por sectores que est\u00e1n discriminados y estigmatizados\u201d, manifest\u00f3 el personero regional.<\/p>\n<p>En este mismo sentido, el Alcalde Patricio Freire manifest\u00f3 que resulta fundamental este trabajo de Fosis en Villa Industrial, recalcando que en su administraci\u00f3n municipal y tambi\u00e9n en la gesti\u00f3n de la Presidente Bachelet, ha quedado en claro y existe la plena convicci\u00f3n de sumar esfuerzos para demostrar que la ciudad de San Felipe no termina en la l\u00ednea del tren.<\/p>\n<p>\u201cEsta obra es un compromiso tambi\u00e9n de nuestra gesti\u00f3n. Cuando asumimos, vinimos a ver c\u00f3mo estaban estos sectores y le prometimos a los vecinos que har\u00edamos todo lo que estuviera a nuestro alcance para que se avanzara con la zona de equipamiento comunitario, entre muchas otras cosas. Es as\u00ed que hoy d\u00eda tenemos una sede recuperada, dando un gran salto en la calidad de vida para ellos\u201d, precis\u00f3 la autoridad comunal.<\/p>\n<p>La Presidente de la Junta de Vecinos de Villa Industrial, Ver\u00f3nica Mondaca, destac\u00f3 que fue gracias al trabajo conjunto con Fosis y la municipalidad, como se logr\u00f3 recuperar esta sede comunitaria para los pobladores y as\u00ed, poder aprovecharla y realizar actividades. \u201cNosotros tenemos dos talleres femeninos, que podr\u00e1n trabajar en este lugar que qued\u00f3 muy bonito, por eso le damos las gracias al Fosis y a la municipalidad, sobre todo a la gente de Dideco, que se port\u00f3 muy bien\u201d, se\u00f1al\u00f3 la dirigente.<\/p>\n<p>En este mismo sentido, el Gobernador Eduardo Le\u00f3n relev\u00f3 el trabajo que ha realizado el Alcalde Freire junto a los vecinos, no s\u00f3lo de esta villa, sino tambi\u00e9n con otros sectores como Villa 250 A\u00f1os, Renacer y Sol Naciente, las que ser\u00e1n intervenidas integralmente por el gobierno, pero donde el municipio de San Felipe ya inici\u00f3 una labor que permitir\u00e1 fortalecer a la comunidad del sector.<\/p>\n<p>&nbsp;<\/p>\n","protected":false},"excerpt":{"rendered":"<p>Felices est\u00e1n los vecinos y vecinas de Villa Industrial de San Felipe, por la recuperaci\u00f3n y habilitaci\u00f3n de la sede comunitaria de ese sector poblacional, la que por a\u00f1os estuvo en muy&#8230;<\/p>\n","protected":false},"author":482,"featured_media":49908,"comment_status":"open","ping_status":"closed","sticky":false,"template":"","format":"standard","meta":{"advanced_seo_description":"","jetpack_seo_html_title":"","jetpack_seo_noindex":false,"_jetpack_memberships_contains_paid_content":false,"footnotes":""},"categories":[15],"tags":[],"class_list":["post-49907","post","type-post","status-publish","format-standard","has-post-thumbnail","hentry","category-comunidad"],"jetpack_featured_media_url":"https:\/\/i0.wp.com\/eltrabajo.cl\/portal\/wp-content\/uploads\/2014\/08\/Sede1.jpg?fit=529%2C330&ssl=1","jetpack_sharing_enabled":true,"jetpack_likes_enabled":true,"jetpack-related-posts":[],"_links":{"self":[{"href":"https:\/\/eltrabajo.cl\/portal\/wp-json\/wp\/v2\/posts\/49907","targetHints":{"allow":["GET"]}}],"collection":[{"href":"https:\/\/eltrabajo.cl\/portal\/wp-json\/wp\/v2\/posts"}],"about":[{"href":"https:\/\/eltrabajo.cl\/portal\/wp-json\/wp\/v2\/types\/post"}],"author":[{"embeddable":true,"href":"https:\/\/eltrabajo.cl\/portal\/wp-json\/wp\/v2\/users\/482"}],"replies":[{"embeddable":true,"href":"https:\/\/eltrabajo.cl\/portal\/wp-json\/wp\/v2\/comments?post=49907"}],"version-history":[{"count":0,"href":"https:\/\/eltrabajo.cl\/portal\/wp-json\/wp\/v2\/posts\/49907\/revisions"}],"wp:featuredmedia":[{"embeddable":true,"href":"https:\/\/eltrabajo.cl\/portal\/wp-json\/wp\/v2\/media\/49908"}],"wp:attachment":[{"href":"https:\/\/eltrabajo.cl\/portal\/wp-json\/wp\/v2\/media?parent=49907"}],"wp:term":[{"taxonomy":"category","embeddable":true,"href":"https:\/\/eltrabajo.cl\/portal\/wp-json\/wp\/v2\/categories?post=49907"},{"taxonomy":"post_tag","embeddable":true,"href":"https:\/\/eltrabajo.cl\/portal\/wp-json\/wp\/v2\/tags?post=49907"}],"curies":[{"name":"wp","href":"https:\/\/api.w.org\/{rel}","templated":true}]}}