{"id":49914,"date":"2014-08-11T09:25:15","date_gmt":"2014-08-11T13:25:15","guid":{"rendered":"http:\/\/www.eltrabajo.cl\/portal\/?p=49914"},"modified":"2014-08-11T09:25:15","modified_gmt":"2014-08-11T13:25:15","slug":"mas-de-40-escolares-se-certificaron-como-lideres-juveniles","status":"publish","type":"post","link":"https:\/\/eltrabajo.cl\/portal\/mas-de-40-escolares-se-certificaron-como-lideres-juveniles\/","title":{"rendered":"M\u00e1s de 40 escolares se certificaron como l\u00edderes juveniles"},"content":{"rendered":"<figure id=\"attachment_49916\" aria-describedby=\"caption-attachment-49916\" style=\"width: 529px\" class=\"wp-caption alignnone\"><a href=\"https:\/\/i0.wp.com\/www.eltrabajo.cl\/portal\/wp-content\/uploads\/2014\/08\/Panoramica1111.jpg\"><img data-recalc-dims=\"1\" loading=\"lazy\" decoding=\"async\" class=\"size-full wp-image-49916\" alt=\"M\u00e1s de 40 estudiantes de distintos establecimientos de Aconcagua, recibieron sus certificados.\" src=\"https:\/\/i0.wp.com\/www.eltrabajo.cl\/portal\/wp-content\/uploads\/2014\/08\/Panoramica1111.jpg?resize=529%2C231\" width=\"529\" height=\"231\" srcset=\"https:\/\/i0.wp.com\/eltrabajo.cl\/portal\/wp-content\/uploads\/2014\/08\/Panoramica1111.jpg?w=529&amp;ssl=1 529w, https:\/\/i0.wp.com\/eltrabajo.cl\/portal\/wp-content\/uploads\/2014\/08\/Panoramica1111.jpg?resize=200%2C87&amp;ssl=1 200w, https:\/\/i0.wp.com\/eltrabajo.cl\/portal\/wp-content\/uploads\/2014\/08\/Panoramica1111.jpg?resize=300%2C131&amp;ssl=1 300w, https:\/\/i0.wp.com\/eltrabajo.cl\/portal\/wp-content\/uploads\/2014\/08\/Panoramica1111.jpg?resize=150%2C65&amp;ssl=1 150w, https:\/\/i0.wp.com\/eltrabajo.cl\/portal\/wp-content\/uploads\/2014\/08\/Panoramica1111.jpg?resize=400%2C174&amp;ssl=1 400w\" sizes=\"auto, (max-width: 529px) 100vw, 529px\" \/><\/a><figcaption id=\"caption-attachment-49916\" class=\"wp-caption-text\">M\u00e1s de 40 estudiantes de distintos establecimientos de Aconcagua, recibieron sus certificados.<\/figcaption><\/figure>\n<p>En una emotiva ceremonia realizada en el auditorio de la Universidad de Valpara\u00edso Campus San Felipe, m\u00e1s de 40 estudiantes de distintos establecimientos de Aconcagua, recibieron sus certificados por la activa participaci\u00f3n que tuvieron en la Cuarta Escuela de L\u00edderes Juveniles, organizada por la OPD San Felipe, junto a esta casa de estudios superiores.<\/p>\n<p>Durante diez semanas, todos los d\u00edas viernes, los alumnos de las comunas de San Felipe, Putaendo, Los Andes y Calle Larga, asistieron a clases te\u00f3ricas y pr\u00e1cticas, donde fueron capacitados en temas tales como movimientos sociales, juventud y liderazgo, participaci\u00f3n y democracia, opini\u00f3n p\u00fablica y estrategias comunicacionales, oratoria, organizaci\u00f3n de eventos acad\u00e9micos, sensibilizaci\u00f3n de derechos, entre otros.<\/p>\n<p>Los alumnos que se certificaron, se mostraron muy felices por la oportunidad de participar en esta cuarta versi\u00f3n de la Escuela de L\u00edderes, se\u00f1alando que fue una instancia que les permiti\u00f3 adquirir herramientas para contribuir al desarrollo de la comuna.<\/p>\n<p>&nbsp;<\/p>\n","protected":false},"excerpt":{"rendered":"<p>En una emotiva ceremonia realizada en el auditorio de la Universidad de Valpara\u00edso Campus San Felipe, m\u00e1s de 40 estudiantes de distintos establecimientos de Aconcagua, recibieron sus certificados por la activa participaci\u00f3n&#8230;<\/p>\n","protected":false},"author":482,"featured_media":49916,"comment_status":"open","ping_status":"closed","sticky":false,"template":"","format":"standard","meta":{"advanced_seo_description":"","jetpack_seo_html_title":"","jetpack_seo_noindex":false,"_jetpack_memberships_contains_paid_content":false,"footnotes":""},"categories":[15],"tags":[],"class_list":["post-49914","post","type-post","status-publish","format-standard","has-post-thumbnail","hentry","category-comunidad"],"jetpack_featured_media_url":"https:\/\/i0.wp.com\/eltrabajo.cl\/portal\/wp-content\/uploads\/2014\/08\/Panoramica1111.jpg?fit=529%2C231&ssl=1","jetpack_sharing_enabled":true,"jetpack_likes_enabled":true,"jetpack-related-posts":[],"_links":{"self":[{"href":"https:\/\/eltrabajo.cl\/portal\/wp-json\/wp\/v2\/posts\/49914","targetHints":{"allow":["GET"]}}],"collection":[{"href":"https:\/\/eltrabajo.cl\/portal\/wp-json\/wp\/v2\/posts"}],"about":[{"href":"https:\/\/eltrabajo.cl\/portal\/wp-json\/wp\/v2\/types\/post"}],"author":[{"embeddable":true,"href":"https:\/\/eltrabajo.cl\/portal\/wp-json\/wp\/v2\/users\/482"}],"replies":[{"embeddable":true,"href":"https:\/\/eltrabajo.cl\/portal\/wp-json\/wp\/v2\/comments?post=49914"}],"version-history":[{"count":0,"href":"https:\/\/eltrabajo.cl\/portal\/wp-json\/wp\/v2\/posts\/49914\/revisions"}],"wp:featuredmedia":[{"embeddable":true,"href":"https:\/\/eltrabajo.cl\/portal\/wp-json\/wp\/v2\/media\/49916"}],"wp:attachment":[{"href":"https:\/\/eltrabajo.cl\/portal\/wp-json\/wp\/v2\/media?parent=49914"}],"wp:term":[{"taxonomy":"category","embeddable":true,"href":"https:\/\/eltrabajo.cl\/portal\/wp-json\/wp\/v2\/categories?post=49914"},{"taxonomy":"post_tag","embeddable":true,"href":"https:\/\/eltrabajo.cl\/portal\/wp-json\/wp\/v2\/tags?post=49914"}],"curies":[{"name":"wp","href":"https:\/\/api.w.org\/{rel}","templated":true}]}}