{"id":49924,"date":"2014-08-11T09:30:36","date_gmt":"2014-08-11T13:30:36","guid":{"rendered":"http:\/\/www.eltrabajo.cl\/portal\/?p=49924"},"modified":"2014-08-11T09:30:36","modified_gmt":"2014-08-11T13:30:36","slug":"trabajadores-de-pixels-celebraron-su-dia-a-ninos-putaendinos","status":"publish","type":"post","link":"https:\/\/eltrabajo.cl\/portal\/trabajadores-de-pixels-celebraron-su-dia-a-ninos-putaendinos\/","title":{"rendered":"Trabajadores de Pixels celebraron su d\u00eda a ni\u00f1os putaendinos"},"content":{"rendered":"<figure id=\"attachment_49925\" aria-describedby=\"caption-attachment-49925\" style=\"width: 529px\" class=\"wp-caption alignnone\"><a href=\"https:\/\/i0.wp.com\/www.eltrabajo.cl\/portal\/wp-content\/uploads\/2014\/08\/Regalos1.jpg\"><img data-recalc-dims=\"1\" loading=\"lazy\" decoding=\"async\" class=\"size-full wp-image-49925\" alt=\"El sindicato de trabajadores y los trabajadores de la empresa Pixels, que realiza las obras de reconstrucci\u00f3n del hospital psiqui\u00e1trico, celebraron el D\u00eda del Ni\u00f1o en la plaza de Putaendo.\" src=\"https:\/\/i0.wp.com\/www.eltrabajo.cl\/portal\/wp-content\/uploads\/2014\/08\/Regalos1.jpg?resize=529%2C263\" width=\"529\" height=\"263\" srcset=\"https:\/\/i0.wp.com\/eltrabajo.cl\/portal\/wp-content\/uploads\/2014\/08\/Regalos1.jpg?w=529&amp;ssl=1 529w, https:\/\/i0.wp.com\/eltrabajo.cl\/portal\/wp-content\/uploads\/2014\/08\/Regalos1.jpg?resize=200%2C99&amp;ssl=1 200w, https:\/\/i0.wp.com\/eltrabajo.cl\/portal\/wp-content\/uploads\/2014\/08\/Regalos1.jpg?resize=300%2C149&amp;ssl=1 300w, https:\/\/i0.wp.com\/eltrabajo.cl\/portal\/wp-content\/uploads\/2014\/08\/Regalos1.jpg?resize=150%2C74&amp;ssl=1 150w, https:\/\/i0.wp.com\/eltrabajo.cl\/portal\/wp-content\/uploads\/2014\/08\/Regalos1.jpg?resize=400%2C198&amp;ssl=1 400w\" sizes=\"auto, (max-width: 529px) 100vw, 529px\" \/><\/a><figcaption id=\"caption-attachment-49925\" class=\"wp-caption-text\">El sindicato de trabajadores y los trabajadores de la empresa Pixels, que realiza las obras de reconstrucci\u00f3n del hospital psiqui\u00e1trico, celebraron el D\u00eda del Ni\u00f1o en la plaza de Putaendo.<\/figcaption><\/figure>\n<p><strong>PUTAENDO.<\/strong>&#8211; Demostrando que los trabajadores son parte de la comunidad, el sindicato de trabajadores y los trabajadores de la empresa Pixels, que realiza las obras de reconstrucci\u00f3n del hospital psiqui\u00e1trico, celebraron el D\u00eda del Ni\u00f1o en la plaza de Putaendo. Desde muy temprano este s\u00e1bado fueron instalados en Calle Prat poniente, frente a Mercado Dolores Otero, y los mismos trabajadores acompa\u00f1ados de sus esposas y pololas, se encargaron de organizar el evento enfocado principalmente a quienes forman parte de la empresa, sin embargo, a todos los ni\u00f1os que llegaron a la plaza de Putaendo tambi\u00e9n les fueron entregados dulces y globos.<\/p>\n<p>La actividad contempl\u00f3 concursos, interacci\u00f3n con algunos payasos, pinta caritas, en una jornada que se extendi\u00f3 hasta m\u00e1s all\u00e1 de las 14:00 horas, y que sin lugar a dudas fue una muy buena iniciativa de los dirigentes sindicales y de los mismos trabajadores que cumplen funciones en la empresa Pixels y que tambi\u00e9n quisieron celebrar el D\u00eda del Ni\u00f1o.<\/p>\n<p><strong>TODO GRATIS<\/strong><\/p>\n<p>Los dirigentes y vecinos del sector El Arenal por primera vez organizaron una entretenida fiesta para celebrar todos los ni\u00f1os del sector. La destacada dirigente Mar\u00eda Salinas, Presidente de la Junta de Vecinos de El Arenal, sostuvo que nunca hab\u00edan celebrado el D\u00eda del Ni\u00f1o, pero que esta vez se organizaron con mucho empe\u00f1o y esfuerzo para tener una jornada de diversi\u00f3n para los ni\u00f1os, al igual como se hizo en muchos sectores de la comuna.<\/p>\n<p>La dirigente agradeci\u00f3 el trabajo de los vecinos, el apoyo de la municipalidad y de sobremanera agradeci\u00f3 p\u00fablicamente a la Sociedad Minera Sepromi Limitada, que tiene su planta en El Arenal y que dispuso de un gran juego inflable y de un carrito, en donde se regal\u00f3 algodones y cabritas totalmente gratis para todos los ni\u00f1os.<\/p>\n<p>La representante de esta empresa, Mar\u00eda Jos\u00e9 Cueto, declar\u00f3 que para la Sepromi es muy importante haber colaborado en esta ocasi\u00f3n de la cual se llevan un emotivo recuerdo, sobre todo al ver la felicidad en los rostros de los ni\u00f1os de El Arenal, por lo que tambi\u00e9n aprovech\u00f3 de destacar como los trabajadores de la empresa, que tambi\u00e9n son vecinos del sector, hicieron un aporte para que todos los ni\u00f1os pudiesen recibir regalos.<\/p>\n<p>Los peque\u00f1os tambi\u00e9n recibieron dulces, golosinas, bebidas y adem\u00e1s a cada uno de ellos se les hizo entrega de un regalo, en la v\u00edspera de una celebraci\u00f3n tan importante como el D\u00eda del Ni\u00f1o, que por primera vez los vecinos y dirigentes del sector El Arenal organizaron para m\u00e1s de 40 ni\u00f1os.<\/p>\n<p>Patricio Gallardo M.<\/p>\n<div class=\"tiled-gallery type-rectangular tiled-gallery-unresized\" data-original-width=\"640\" data-carousel-extra='null' itemscope itemtype=\"http:\/\/schema.org\/ImageGallery\" > <div class=\"gallery-row\" style=\"width: 640px; height: 222px;\" data-original-width=\"640\" data-original-height=\"222\" > <div class=\"gallery-group images-1\" style=\"width: 326px; height: 222px;\" data-original-width=\"326\" data-original-height=\"222\" > <div class=\"tiled-gallery-item tiled-gallery-item-large\" itemprop=\"associatedMedia\" itemscope itemtype=\"http:\/\/schema.org\/ImageObject\"> <a href=\"https:\/\/eltrabajo.cl\/portal\/trabajadores-de-pixels-celebraron-su-dia-a-ninos-putaendinos\/regalos2\/\" border=\"0\" itemprop=\"url\"> <meta itemprop=\"width\" content=\"322\"> <meta itemprop=\"height\" content=\"218\"> <img decoding=\"async\" class=\"\" data-attachment-id=\"49926\" data-orig-file=\"https:\/\/eltrabajo.cl\/portal\/wp-content\/uploads\/2014\/08\/Regalos2.jpg\" data-orig-size=\"529,358\" data-comments-opened=\"1\" data-image-meta=\"{&quot;aperture&quot;:&quot;5.6&quot;,&quot;credit&quot;:&quot;&quot;,&quot;camera&quot;:&quot;Canon EOS REBEL T3i&quot;,&quot;caption&quot;:&quot;&quot;,&quot;created_timestamp&quot;:&quot;1407606841&quot;,&quot;copyright&quot;:&quot;[wopmind]&quot;,&quot;focal_length&quot;:&quot;18&quot;,&quot;iso&quot;:&quot;6400&quot;,&quot;shutter_speed&quot;:&quot;0.00625&quot;,&quot;title&quot;:&quot;&quot;}\" data-image-title=\"Regalos2\" data-image-description=\"&lt;p&gt;Los peque\u00f1os tambi\u00e9n recibieron dulces, golosinas, bebidas y adem\u00e1s a cada uno de ellos se les hizo entrega de un regalo.&lt;\/p&gt; \" data-medium-file=\"https:\/\/i0.wp.com\/eltrabajo.cl\/portal\/wp-content\/uploads\/2014\/08\/Regalos2.jpg?fit=300%2C203&#038;ssl=1\" data-large-file=\"https:\/\/i0.wp.com\/eltrabajo.cl\/portal\/wp-content\/uploads\/2014\/08\/Regalos2.jpg?fit=529%2C358&#038;ssl=1\" src=\"https:\/\/i0.wp.com\/eltrabajo.cl\/portal\/wp-content\/uploads\/2014\/08\/Regalos2.jpg?w=322&#038;h=218&#038;ssl=1\" srcset=\"https:\/\/i0.wp.com\/eltrabajo.cl\/portal\/wp-content\/uploads\/2014\/08\/Regalos2.jpg?w=529&amp;ssl=1 529w, https:\/\/i0.wp.com\/eltrabajo.cl\/portal\/wp-content\/uploads\/2014\/08\/Regalos2.jpg?resize=200%2C135&amp;ssl=1 200w, https:\/\/i0.wp.com\/eltrabajo.cl\/portal\/wp-content\/uploads\/2014\/08\/Regalos2.jpg?resize=300%2C203&amp;ssl=1 300w, https:\/\/i0.wp.com\/eltrabajo.cl\/portal\/wp-content\/uploads\/2014\/08\/Regalos2.jpg?resize=150%2C101&amp;ssl=1 150w, https:\/\/i0.wp.com\/eltrabajo.cl\/portal\/wp-content\/uploads\/2014\/08\/Regalos2.jpg?resize=400%2C270&amp;ssl=1 400w\" width=\"322\" height=\"218\" loading=\"lazy\" data-original-width=\"322\" data-original-height=\"218\" itemprop=\"http:\/\/schema.org\/image\" title=\"Regalos2\" alt=\"Los peque\u00f1os tambi\u00e9n recibieron dulces, golosinas, bebidas y adem\u00e1s a cada uno de ellos se les hizo entrega de un regalo.\" style=\"width: 322px; height: 218px;\" \/> <\/a> <div class=\"tiled-gallery-caption\" itemprop=\"caption description\"> Los peque\u00f1os tambi\u00e9n recibieron dulces, golosinas, bebidas y adem\u00e1s a cada uno de ellos se les hizo entrega de un regalo. <\/div> <\/div> <\/div> <!-- close group --> <div class=\"gallery-group images-1\" style=\"width: 314px; height: 222px;\" data-original-width=\"314\" data-original-height=\"222\" > <div class=\"tiled-gallery-item tiled-gallery-item-large\" itemprop=\"associatedMedia\" itemscope itemtype=\"http:\/\/schema.org\/ImageObject\"> <a href=\"https:\/\/eltrabajo.cl\/portal\/trabajadores-de-pixels-celebraron-su-dia-a-ninos-putaendinos\/regalos3\/\" border=\"0\" itemprop=\"url\"> <meta itemprop=\"width\" content=\"310\"> <meta itemprop=\"height\" content=\"218\"> <img decoding=\"async\" class=\"\" data-attachment-id=\"49927\" data-orig-file=\"https:\/\/eltrabajo.cl\/portal\/wp-content\/uploads\/2014\/08\/Regalos3.jpg\" data-orig-size=\"529,373\" data-comments-opened=\"1\" data-image-meta=\"{&quot;aperture&quot;:&quot;5.6&quot;,&quot;credit&quot;:&quot;&quot;,&quot;camera&quot;:&quot;Canon EOS REBEL T3i&quot;,&quot;caption&quot;:&quot;&quot;,&quot;created_timestamp&quot;:&quot;1407605736&quot;,&quot;copyright&quot;:&quot;[wopmind]&quot;,&quot;focal_length&quot;:&quot;31&quot;,&quot;iso&quot;:&quot;400&quot;,&quot;shutter_speed&quot;:&quot;0.01&quot;,&quot;title&quot;:&quot;&quot;}\" data-image-title=\"Regalos3\" data-image-description=\"&lt;p&gt;La actividad contempl\u00f3 concursos, interacci\u00f3n con algunos payasos, pinta caritas, en una jornada que se extendi\u00f3 hasta m\u00e1s all\u00e1 de las 14:00 horas.&lt;\/p&gt; \" data-medium-file=\"https:\/\/i0.wp.com\/eltrabajo.cl\/portal\/wp-content\/uploads\/2014\/08\/Regalos3.jpg?fit=300%2C211&#038;ssl=1\" data-large-file=\"https:\/\/i0.wp.com\/eltrabajo.cl\/portal\/wp-content\/uploads\/2014\/08\/Regalos3.jpg?fit=529%2C373&#038;ssl=1\" src=\"https:\/\/i0.wp.com\/eltrabajo.cl\/portal\/wp-content\/uploads\/2014\/08\/Regalos3.jpg?w=310&#038;h=218&#038;ssl=1\" srcset=\"https:\/\/i0.wp.com\/eltrabajo.cl\/portal\/wp-content\/uploads\/2014\/08\/Regalos3.jpg?w=529&amp;ssl=1 529w, https:\/\/i0.wp.com\/eltrabajo.cl\/portal\/wp-content\/uploads\/2014\/08\/Regalos3.jpg?resize=200%2C141&amp;ssl=1 200w, https:\/\/i0.wp.com\/eltrabajo.cl\/portal\/wp-content\/uploads\/2014\/08\/Regalos3.jpg?resize=300%2C211&amp;ssl=1 300w, https:\/\/i0.wp.com\/eltrabajo.cl\/portal\/wp-content\/uploads\/2014\/08\/Regalos3.jpg?resize=150%2C105&amp;ssl=1 150w, https:\/\/i0.wp.com\/eltrabajo.cl\/portal\/wp-content\/uploads\/2014\/08\/Regalos3.jpg?resize=400%2C282&amp;ssl=1 400w\" width=\"310\" height=\"218\" loading=\"lazy\" data-original-width=\"310\" data-original-height=\"218\" itemprop=\"http:\/\/schema.org\/image\" title=\"Regalos3\" alt=\"La actividad contempl\u00f3 concursos, interacci\u00f3n con algunos payasos, pinta caritas, en una jornada que se extendi\u00f3 hasta m\u00e1s all\u00e1 de las 14:00 horas.\" style=\"width: 310px; height: 218px;\" \/> <\/a> <div class=\"tiled-gallery-caption\" itemprop=\"caption description\"> La actividad contempl\u00f3 concursos, interacci\u00f3n con algunos payasos, pinta caritas, en una jornada que se extendi\u00f3 hasta m\u00e1s all\u00e1 de las 14:00 horas. <\/div> <\/div> <\/div> <!-- close group --> <\/div> <!-- close row --> <\/div>\n","protected":false},"excerpt":{"rendered":"<p>PUTAENDO.&#8211; Demostrando que los trabajadores son parte de la comunidad, el sindicato de trabajadores y los trabajadores de la empresa Pixels, que realiza las obras de reconstrucci\u00f3n del hospital psiqui\u00e1trico, celebraron el&#8230;<\/p>\n","protected":false},"author":482,"featured_media":49925,"comment_status":"open","ping_status":"closed","sticky":false,"template":"","format":"standard","meta":{"advanced_seo_description":"","jetpack_seo_html_title":"","jetpack_seo_noindex":false,"_jetpack_memberships_contains_paid_content":false,"footnotes":""},"categories":[15],"tags":[],"class_list":["post-49924","post","type-post","status-publish","format-standard","has-post-thumbnail","hentry","category-comunidad"],"jetpack_featured_media_url":"https:\/\/i0.wp.com\/eltrabajo.cl\/portal\/wp-content\/uploads\/2014\/08\/Regalos1.jpg?fit=529%2C263&ssl=1","jetpack_sharing_enabled":true,"jetpack_likes_enabled":true,"jetpack-related-posts":[],"_links":{"self":[{"href":"https:\/\/eltrabajo.cl\/portal\/wp-json\/wp\/v2\/posts\/49924","targetHints":{"allow":["GET"]}}],"collection":[{"href":"https:\/\/eltrabajo.cl\/portal\/wp-json\/wp\/v2\/posts"}],"about":[{"href":"https:\/\/eltrabajo.cl\/portal\/wp-json\/wp\/v2\/types\/post"}],"author":[{"embeddable":true,"href":"https:\/\/eltrabajo.cl\/portal\/wp-json\/wp\/v2\/users\/482"}],"replies":[{"embeddable":true,"href":"https:\/\/eltrabajo.cl\/portal\/wp-json\/wp\/v2\/comments?post=49924"}],"version-history":[{"count":0,"href":"https:\/\/eltrabajo.cl\/portal\/wp-json\/wp\/v2\/posts\/49924\/revisions"}],"wp:featuredmedia":[{"embeddable":true,"href":"https:\/\/eltrabajo.cl\/portal\/wp-json\/wp\/v2\/media\/49925"}],"wp:attachment":[{"href":"https:\/\/eltrabajo.cl\/portal\/wp-json\/wp\/v2\/media?parent=49924"}],"wp:term":[{"taxonomy":"category","embeddable":true,"href":"https:\/\/eltrabajo.cl\/portal\/wp-json\/wp\/v2\/categories?post=49924"},{"taxonomy":"post_tag","embeddable":true,"href":"https:\/\/eltrabajo.cl\/portal\/wp-json\/wp\/v2\/tags?post=49924"}],"curies":[{"name":"wp","href":"https:\/\/api.w.org\/{rel}","templated":true}]}}