{"id":49930,"date":"2014-08-11T09:33:28","date_gmt":"2014-08-11T13:33:28","guid":{"rendered":"http:\/\/www.eltrabajo.cl\/portal\/?p=49930"},"modified":"2014-08-11T09:33:28","modified_gmt":"2014-08-11T13:33:28","slug":"ninos-sanfelipenos-disfrutaron-su-dia-con-juegos-inflables-pinta-caritas-y-golosinas","status":"publish","type":"post","link":"https:\/\/eltrabajo.cl\/portal\/ninos-sanfelipenos-disfrutaron-su-dia-con-juegos-inflables-pinta-caritas-y-golosinas\/","title":{"rendered":"Ni\u00f1os sanfelipe\u00f1os disfrutaron su d\u00eda con juegos inflables, pinta caritas y golosinas"},"content":{"rendered":"<figure id=\"attachment_49931\" aria-describedby=\"caption-attachment-49931\" style=\"width: 529px\" class=\"wp-caption alignnone\"><a href=\"https:\/\/i0.wp.com\/www.eltrabajo.cl\/portal\/wp-content\/uploads\/2014\/08\/Fiesta1111.jpg\"><img data-recalc-dims=\"1\" loading=\"lazy\" decoding=\"async\" class=\"size-full wp-image-49931\" alt=\"Los ni\u00f1os llegaron en familia a disfrutar de su d\u00eda y llenaron Calle Prat, disfrutando de los distintos juegos inflables que estaban preparados para ellos y de entretenidas canciones.\" src=\"https:\/\/i0.wp.com\/www.eltrabajo.cl\/portal\/wp-content\/uploads\/2014\/08\/Fiesta1111.jpg?resize=529%2C401\" width=\"529\" height=\"401\" srcset=\"https:\/\/i0.wp.com\/eltrabajo.cl\/portal\/wp-content\/uploads\/2014\/08\/Fiesta1111.jpg?w=529&amp;ssl=1 529w, https:\/\/i0.wp.com\/eltrabajo.cl\/portal\/wp-content\/uploads\/2014\/08\/Fiesta1111.jpg?resize=197%2C150&amp;ssl=1 197w, https:\/\/i0.wp.com\/eltrabajo.cl\/portal\/wp-content\/uploads\/2014\/08\/Fiesta1111.jpg?resize=300%2C227&amp;ssl=1 300w, https:\/\/i0.wp.com\/eltrabajo.cl\/portal\/wp-content\/uploads\/2014\/08\/Fiesta1111.jpg?resize=150%2C113&amp;ssl=1 150w, https:\/\/i0.wp.com\/eltrabajo.cl\/portal\/wp-content\/uploads\/2014\/08\/Fiesta1111.jpg?resize=400%2C303&amp;ssl=1 400w\" sizes=\"auto, (max-width: 529px) 100vw, 529px\" \/><\/a><figcaption id=\"caption-attachment-49931\" class=\"wp-caption-text\">Los ni\u00f1os llegaron en familia a disfrutar de su d\u00eda y llenaron Calle Prat, disfrutando de los distintos juegos inflables que estaban preparados para ellos y de entretenidas canciones.<\/figcaption><\/figure>\n<p>Con juegos inflables, pinta caritas y muchas otras sorpresas, la municipalidad celebr\u00f3 a los ni\u00f1os de la comuna en su d\u00eda, tanto en el sector c\u00e9ntrico como en distintos lugares de San Felipe durante todo este domingo 10 de agosto. La fiesta para los peque\u00f1os de la comuna comenz\u00f3 pasadas las 11:00 horas, cuando los ni\u00f1os comenzaron a llegar hasta Calle Prat, a la altura de la plaza de armas. En el lugar los esperaban varios juegos inflables, pinta caritas, globos y golosinas adem\u00e1s de un show especialmente dedicado a los ni\u00f1os, con payasos y marionetas gigantes, quienes se pasearon por toda la plaza, saludando a los peque\u00f1os.<\/p>\n<figure id=\"attachment_49932\" aria-describedby=\"caption-attachment-49932\" style=\"width: 370px\" class=\"wp-caption alignright\"><a href=\"https:\/\/i0.wp.com\/www.eltrabajo.cl\/portal\/wp-content\/uploads\/2014\/08\/Fiesta2.jpg\"><img data-recalc-dims=\"1\" loading=\"lazy\" decoding=\"async\" class=\" wp-image-49932 \" alt=\"Con juegos inflables, pinta caritas y muchas otras sorpresas, la municipalidad celebr\u00f3 a los ni\u00f1os de la comuna en su d\u00eda, tanto en el sector c\u00e9ntrico como en distintos lugares de San Felipe durante todo este domingo 10 de agosto.\" src=\"https:\/\/i0.wp.com\/www.eltrabajo.cl\/portal\/wp-content\/uploads\/2014\/08\/Fiesta2.jpg?resize=370%2C252\" width=\"370\" height=\"252\" srcset=\"https:\/\/i0.wp.com\/eltrabajo.cl\/portal\/wp-content\/uploads\/2014\/08\/Fiesta2.jpg?w=528&amp;ssl=1 528w, https:\/\/i0.wp.com\/eltrabajo.cl\/portal\/wp-content\/uploads\/2014\/08\/Fiesta2.jpg?resize=200%2C136&amp;ssl=1 200w, https:\/\/i0.wp.com\/eltrabajo.cl\/portal\/wp-content\/uploads\/2014\/08\/Fiesta2.jpg?resize=300%2C204&amp;ssl=1 300w, https:\/\/i0.wp.com\/eltrabajo.cl\/portal\/wp-content\/uploads\/2014\/08\/Fiesta2.jpg?resize=150%2C102&amp;ssl=1 150w, https:\/\/i0.wp.com\/eltrabajo.cl\/portal\/wp-content\/uploads\/2014\/08\/Fiesta2.jpg?resize=400%2C272&amp;ssl=1 400w\" sizes=\"auto, (max-width: 370px) 100vw, 370px\" \/><\/a><figcaption id=\"caption-attachment-49932\" class=\"wp-caption-text\">Con juegos inflables, pinta caritas y muchas otras sorpresas, la municipalidad celebr\u00f3 a los ni\u00f1os de la comuna en su d\u00eda, tanto en el sector c\u00e9ntrico como en distintos lugares de San Felipe durante todo este domingo 10 de agosto.<\/figcaption><\/figure>\n<p>Los ni\u00f1os llegaron en familia a disfrutar de su d\u00eda y llenaron Calle Prat, disfrutando de los distintos juegos inflables que estaban preparados para ellos y de entretenidas canciones. \u201cEstamos muy contentos disfrutando de este d\u00eda tan importante en que celebramos en San Felipe a los ni\u00f1os, ayer en varios lugares de la comuna se comenz\u00f3 a celebrar la fecha, hoy en la plaza de armas y en la tarde continuamos celebrando a los peque\u00f1os, que son el futuro y el presente de nuestro pa\u00eds\u201d, dijo el Alcalde Patricio Freire, quien recorri\u00f3 el sector c\u00e9ntrico y comparti\u00f3 con los peque\u00f1os en su d\u00eda.<\/p>\n<p>Precisamente la celebraci\u00f3n continu\u00f3 en horas de la tarde del domingo, en distintos sectores de la comuna, entre los que se cuentan Casas Chicas de Quilpu\u00e9, Algarrobal y Villa Camino del Inca en Curim\u00f3n, por destacar algunos.<\/p>\n<p>Los ni\u00f1os participaron felices de la celebraci\u00f3n, la que disfrutaron en familia.<\/p>\n<p>\u201cMe gusta mucho el D\u00eda del Ni\u00f1o, sobre todo los juegos y los regalos que me llegaron, me gustaron los juegos inflables y los payasos, est\u00e1 muy bonita la plaza\u201d, dijeron algunos de los ni\u00f1os que llegaron hasta el centro de la comuna a celebrar su d\u00eda.<\/p>\n<p>Mientras que algunos pap\u00e1s destacaron la actividad, que permite celebrar junto a los peque\u00f1os en su d\u00eda. \u201cMe parece s\u00faper bien, sobre todo para las personas que no pueden ir a otros lados con sus ni\u00f1os venir al centro de San Felipe est\u00e1 s\u00faper bien\u201d, dijo una mam\u00e1 mientras esperaba a su hija que conoc\u00eda el carro de Bomberos.<\/p>\n<p>\u201cEst\u00e1 s\u00faper bien, es una entretenci\u00f3n para los ni\u00f1os, se agradece a la municipalidad que todos los a\u00f1os lo hace, porque los ni\u00f1os lo disfrutan\u201d, manifest\u00f3 un pap\u00e1, quien recorr\u00eda junto a su peque\u00f1o que quer\u00eda subir a uno de los juegos inflables.<\/p>\n<p>&nbsp;<\/p>\n","protected":false},"excerpt":{"rendered":"<p>Con juegos inflables, pinta caritas y muchas otras sorpresas, la municipalidad celebr\u00f3 a los ni\u00f1os de la comuna en su d\u00eda, tanto en el sector c\u00e9ntrico como en distintos lugares de San&#8230;<\/p>\n","protected":false},"author":482,"featured_media":49931,"comment_status":"open","ping_status":"closed","sticky":false,"template":"","format":"standard","meta":{"advanced_seo_description":"","jetpack_seo_html_title":"","jetpack_seo_noindex":false,"_jetpack_memberships_contains_paid_content":false,"footnotes":""},"categories":[15],"tags":[],"class_list":["post-49930","post","type-post","status-publish","format-standard","has-post-thumbnail","hentry","category-comunidad"],"jetpack_featured_media_url":"https:\/\/i0.wp.com\/eltrabajo.cl\/portal\/wp-content\/uploads\/2014\/08\/Fiesta1111.jpg?fit=529%2C401&ssl=1","jetpack_sharing_enabled":true,"jetpack_likes_enabled":true,"jetpack-related-posts":[],"_links":{"self":[{"href":"https:\/\/eltrabajo.cl\/portal\/wp-json\/wp\/v2\/posts\/49930","targetHints":{"allow":["GET"]}}],"collection":[{"href":"https:\/\/eltrabajo.cl\/portal\/wp-json\/wp\/v2\/posts"}],"about":[{"href":"https:\/\/eltrabajo.cl\/portal\/wp-json\/wp\/v2\/types\/post"}],"author":[{"embeddable":true,"href":"https:\/\/eltrabajo.cl\/portal\/wp-json\/wp\/v2\/users\/482"}],"replies":[{"embeddable":true,"href":"https:\/\/eltrabajo.cl\/portal\/wp-json\/wp\/v2\/comments?post=49930"}],"version-history":[{"count":0,"href":"https:\/\/eltrabajo.cl\/portal\/wp-json\/wp\/v2\/posts\/49930\/revisions"}],"wp:featuredmedia":[{"embeddable":true,"href":"https:\/\/eltrabajo.cl\/portal\/wp-json\/wp\/v2\/media\/49931"}],"wp:attachment":[{"href":"https:\/\/eltrabajo.cl\/portal\/wp-json\/wp\/v2\/media?parent=49930"}],"wp:term":[{"taxonomy":"category","embeddable":true,"href":"https:\/\/eltrabajo.cl\/portal\/wp-json\/wp\/v2\/categories?post=49930"},{"taxonomy":"post_tag","embeddable":true,"href":"https:\/\/eltrabajo.cl\/portal\/wp-json\/wp\/v2\/tags?post=49930"}],"curies":[{"name":"wp","href":"https:\/\/api.w.org\/{rel}","templated":true}]}}