{"id":49935,"date":"2014-08-11T09:43:46","date_gmt":"2014-08-11T13:43:46","guid":{"rendered":"http:\/\/www.eltrabajo.cl\/portal\/?p=49935"},"modified":"2014-08-11T09:43:46","modified_gmt":"2014-08-11T13:43:46","slug":"juez-concede-fianza-al-cabecilla-de-banda-que-exploto-cajero-para-robar","status":"publish","type":"post","link":"https:\/\/eltrabajo.cl\/portal\/juez-concede-fianza-al-cabecilla-de-banda-que-exploto-cajero-para-robar\/","title":{"rendered":"Juez concede fianza al cabecilla de banda que explot\u00f3 cajero para robar"},"content":{"rendered":"<figure id=\"attachment_49936\" aria-describedby=\"caption-attachment-49936\" style=\"width: 370px\" class=\"wp-caption alignleft\"><a href=\"https:\/\/i0.wp.com\/www.eltrabajo.cl\/portal\/wp-content\/uploads\/2014\/08\/Imputado-1.jpg\"><img data-recalc-dims=\"1\" loading=\"lazy\" decoding=\"async\" class=\" wp-image-49936 \" alt=\"Juan Pedro Villarroel Aguilera (36) con amplio prontuario delictivo  era el cabecilla de la banda que reclut\u00f3 a tres menores de edad para cometer el asalto al cajero autom\u00e1tico. Qued\u00f3 en prisi\u00f3n preventiva pero si pagan una fianza de $500.000 pude recuperar su libertad fijada por el juez de garant\u00eda.\" src=\"https:\/\/i0.wp.com\/www.eltrabajo.cl\/portal\/wp-content\/uploads\/2014\/08\/Imputado-1.jpg?resize=370%2C264\" width=\"370\" height=\"264\" srcset=\"https:\/\/i0.wp.com\/eltrabajo.cl\/portal\/wp-content\/uploads\/2014\/08\/Imputado-1.jpg?w=528&amp;ssl=1 528w, https:\/\/i0.wp.com\/eltrabajo.cl\/portal\/wp-content\/uploads\/2014\/08\/Imputado-1.jpg?resize=200%2C142&amp;ssl=1 200w, https:\/\/i0.wp.com\/eltrabajo.cl\/portal\/wp-content\/uploads\/2014\/08\/Imputado-1.jpg?resize=300%2C214&amp;ssl=1 300w, https:\/\/i0.wp.com\/eltrabajo.cl\/portal\/wp-content\/uploads\/2014\/08\/Imputado-1.jpg?resize=150%2C107&amp;ssl=1 150w, https:\/\/i0.wp.com\/eltrabajo.cl\/portal\/wp-content\/uploads\/2014\/08\/Imputado-1.jpg?resize=400%2C285&amp;ssl=1 400w\" sizes=\"auto, (max-width: 370px) 100vw, 370px\" \/><\/a><figcaption id=\"caption-attachment-49936\" class=\"wp-caption-text\">Juan Pedro Villarroel Aguilera (36) con amplio prontuario delictivo era el cabecilla de la banda que reclut\u00f3 a tres menores de edad para cometer el asalto al cajero autom\u00e1tico. Qued\u00f3 en prisi\u00f3n preventiva pero si pagan una fianza de $500.000 pude recuperar su libertad fijada por el juez de garant\u00eda.<\/figcaption><\/figure>\n<p>Fue a eso de la medianoche del pasado viernes cuando Juan Pedro Villarroel Aguilera, de 36 a\u00f1os, conduc\u00eda un veh\u00edculo robado Station Wagon marca K\u00eda de color negro, lo hac\u00eda acompa\u00f1ado de tres menores de 14,15 y 17 a\u00f1os de edad, todos provenientes de las comunas de San Bernardo y Quilicura en la regi\u00f3n metropolitana, para cometer un asalto previamente acordado.<\/p>\n<p><strong>CHISPA DEL MAL<\/strong><\/p>\n<p>De acuerdo al material fotogr\u00e1fico exclusivo que obtuvo Diario El Trabajo y que forman parte de la investigaci\u00f3n que lleva la Fiscal\u00eda de San Felipe, los asaltantes encabezados por Villarroel lo acompa\u00f1ar desde la capital para dirigirse hasta el cajero autom\u00e1tico del Banco Santander ubicado frente a la fundici\u00f3n minera de Chagres en la comuna de Catemu.<\/p>\n<figure id=\"attachment_49938\" aria-describedby=\"caption-attachment-49938\" style=\"width: 423px\" class=\"wp-caption alignright\"><a href=\"https:\/\/i0.wp.com\/www.eltrabajo.cl\/portal\/wp-content\/uploads\/2014\/08\/MENORES.jpg\"><img data-recalc-dims=\"1\" loading=\"lazy\" decoding=\"async\" class=\" wp-image-49938 \" alt=\"Los tres menores de 14,15 y 17 a\u00f1os participaron de este hecho, uno de ellos de nacionalidad colombiana que recuperaron su libertad quedando sujetos a programas del Sename.\" src=\"https:\/\/i0.wp.com\/www.eltrabajo.cl\/portal\/wp-content\/uploads\/2014\/08\/MENORES.jpg?resize=423%2C211\" width=\"423\" height=\"211\" srcset=\"https:\/\/i0.wp.com\/eltrabajo.cl\/portal\/wp-content\/uploads\/2014\/08\/MENORES.jpg?w=529&amp;ssl=1 529w, https:\/\/i0.wp.com\/eltrabajo.cl\/portal\/wp-content\/uploads\/2014\/08\/MENORES.jpg?resize=200%2C99&amp;ssl=1 200w, https:\/\/i0.wp.com\/eltrabajo.cl\/portal\/wp-content\/uploads\/2014\/08\/MENORES.jpg?resize=300%2C149&amp;ssl=1 300w, https:\/\/i0.wp.com\/eltrabajo.cl\/portal\/wp-content\/uploads\/2014\/08\/MENORES.jpg?resize=150%2C74&amp;ssl=1 150w, https:\/\/i0.wp.com\/eltrabajo.cl\/portal\/wp-content\/uploads\/2014\/08\/MENORES.jpg?resize=400%2C199&amp;ssl=1 400w\" sizes=\"auto, (max-width: 423px) 100vw, 423px\" \/><\/a><figcaption id=\"caption-attachment-49938\" class=\"wp-caption-text\">Los tres menores de 14,15 y 17 a\u00f1os participaron de este hecho, uno de ellos de nacionalidad colombiana que recuperaron su libertad quedando sujetos a programas del Sename.<\/figcaption><\/figure>\n<p>El modus operandi de los antisociales fue cubrir su rostro con gorros pasamonta\u00f1as e instalar dentro del habit\u00e1culo del cajero un cilindro gas, para que el compuesto comenzara a emanar en su interior mientras instalaban un cable conductor hasta la bater\u00eda del veh\u00edculo. Pasados unos minutos se provoca manualmente una chispa juntando los cables, chispa que genera la explosi\u00f3n del mon\u00f3xido de carbono.<\/p>\n<p><strong>USAN \u2018MIGUELITOS<\/strong><\/p>\n<p>En paralelo, los delincuentes protegieron el circuito mediante la utilizaci\u00f3n de miguelitos y encender barricadas en los sectores colindantes para dispersar una eventual llegada de Carabineros. Tras el violento estruendo, se gener\u00f3 una columna de humo que comenz\u00f3 a salir desde el habit\u00e1culo, comprobando que el cajero no pudo ser atentado en las gavetas dispensadoras del dinero. Sin embargo provocaron da\u00f1os materiales en toda la estructura de la propiedad bancaria.<\/p>\n<p>Mientras se encontraban realizando su cometido, las c\u00e1maras de seguridad instalada frente al cajero registraba las im\u00e1genes del actuar de los v\u00e1ndalos como se visualizan en las fotograf\u00edas exclusivas anexas a esta nota. Tras la recepci\u00f3n de un llamado telef\u00f3nico a Nivel 133, Carabineros se traslad\u00f3 de inmediato al sitio del suceso a eso de las 00:25 horas, observando la escena de las barricadas y una gran cantidad de miguelitos que imped\u00edan acceder hacia el lugar.<\/p>\n<p>Los delincuentes al percatarse de la llegada de la Polic\u00eda cuando ellos se encontraban en plenas maniobras de lograr alguna sustracci\u00f3n tras la fallida explosi\u00f3n, abordaron r\u00e1pidamente el veh\u00edculo para emprender la hu\u00edda por la Ruta Ch-60 en direcci\u00f3n al poniente, siendo seguidos por patrullas de Carabineros, debiendo pedir refuerzos al resto de las unidades de Llay LLay y la Tenencia de Carreteras San Felipe para activar el Plan Candado y as\u00ed bloquear las rutas.<\/p>\n<p><strong>AL FIN DETENIDOS<\/strong><\/p>\n<p>El veh\u00edculo conducido por Juan Pedro Villarroel realiz\u00f3 una maniobra hacia el sector rural en direcci\u00f3n a La Estancilla, donde oblig\u00f3 a bajar a los tres menores dej\u00e1ndolos a su suerte, los j\u00f3venes escaparon por unos predios agr\u00edcolas en medio de la oscuridad. Villarroel continu\u00f3 su hu\u00edda presionando cada vez m\u00e1s fuerte el acelerador del veh\u00edculo, llegando hasta el kil\u00f3metro 52 de la Ruta Ch-60, donde perdi\u00f3 el control del veh\u00edculo, descendiendo de \u00e9l para darse a la fuga pero Carabineros logr\u00f3 finalmente capturarlo.<\/p>\n<p>Asimismo, otro grupo de efectivos policiales detuvieron a los menores de edad, mismos que no portaban identificaci\u00f3n y expel\u00edan un fuerte olor a humo, uno de ellos con una herida en su mano izquierda por una quemadura, por lo que se les atribuy\u00f3 en su participaci\u00f3n en el robo frustrado.<\/p>\n<p>Carabineros a su vez incaut\u00f3 un tel\u00e9fono celular de uno de los menores, en cuya aplicaci\u00f3n de mensajer\u00eda WhatsApp, se reproduce un audio de una voz masculina que invita a realizar un \u2018trabajo\u2019 en San Felipe, pruebas que ser\u00e1n analizadas por peritos. En cuanto al veh\u00edculo Station Wagon marca Kia Sportage utilizado en el asalto, Carabineros inform\u00f3 que pertenece a una ciudadana de la comuna de Recoleta, quien manten\u00eda orden por encargo de robo desde el d\u00eda anterior de los hechos antes relatados y que ser\u00e1 devuelto a su propietaria.<\/p>\n<p>Hasta el lugar debi\u00f3 concurrir personal de la Secci\u00f3n de Investigaci\u00f3n Policial SIP de Carabineros de San Felipe, para las primeras diligencias, incautando desde el sitio del suceso y el autom\u00f3vil un cilindro de gas; dos cables el\u00e9ctricos; un chuzo met\u00e1lico; cables de acero; gorros de lana; guantes y una cantidad indeterminada de miguelitos, entre otros elementos.<\/p>\n<p>Por la gravedad de la situaci\u00f3n se dispuso de las pericias del personal especializado del Gope de Carabineros para verificar la instalaci\u00f3n de alg\u00fan material explosivo dentro y fuera del cajero, mismo que finalmente fue descartado. Aunque el aval\u00fao de los da\u00f1os ocasionados al dispensador del Banco Santander no ha sido informado con exactitud, lo cierto es que \u00e9ste presentaba da\u00f1os de consideraci\u00f3n en la mampara de vidrio, muros interiores y la estructura del mismo cajero producto de la explosi\u00f3n de gas licuado.<\/p>\n<p><strong>\u00a0SON FORMALIZADOS<\/strong><\/p>\n<p>No obstante, los cuatro detenidos identificados como Juan Pedro Villarroel Aguilera de 36 a\u00f1os de edad, con antecedentes delictuales por Porte de drogas, Hurto y Receptaci\u00f3n; adem\u00e1s de D.M.O.D. (17), I.A.S.P. (14) y S.S.C. (15) este \u00faltimo de nacionalidad colombiana, fueron trasladados en horas de la ma\u00f1ana del viernes hasta el Juzgado de Garant\u00eda de San Felipe para controlar su detenci\u00f3n.<\/p>\n<p>La falta de la identidad de uno de los menores involucrados oblig\u00f3 a aplazar la audiencia hasta pasadas las 17:00 horas, cuando la fiscal\u00eda formaliz\u00f3 a los sujetos por Robo en lugar no habitado de cajero autom\u00e1tico en grado de Frustrado, a\u00f1adiendo s\u00f3lo a Villarroel Aguilera el delito de Receptaci\u00f3n de veh\u00edculo.<\/p>\n<p><strong>BARATA LIBERTAD<\/strong><\/p>\n<p>Los tres adolescentes finalmente fueron dejados en libertad por no contar con antecedentes penales, bajo cautelares de Arraigo nacional y la sujeci\u00f3n de supervisi\u00f3n del Servicio Nacional de Menores (Sename) mientras se investiga dentro de los pr\u00f3ximos 60 d\u00edas. El Fiscal Andr\u00e9s Gallardo requiri\u00f3 para el imputado Villarroel Aguilera la cautelar de Prisi\u00f3n Preventiva ante el Juez de Garant\u00eda Leopoldo Soto, quien concedi\u00f3 dicha medida en un centro penitenciario pero con la fijaci\u00f3n de una cauci\u00f3n de s\u00f3lo $500.000, lo que significa que si el acusado hace pago de ese monto, recupera su libertad.<\/p>\n<p>\u00abLa fiscal\u00eda se opuso a la cauci\u00f3n pero as\u00ed todo, el juez opta por dar la cauci\u00f3n que a lo menos deber\u00eda ser $5 millones. Pero esa cifra tan baja estimamos que es tan exigua, conociendo a lo que se dedica este sujeto robar cajeros, lo que le debe reportar ganancias cuantiosas respecto de este hecho il\u00edcito. Vamos a estudiar la posibilidad si recurrimos a la Corte de esa resoluci\u00f3n. Porque estimamos que hay un peligro para sociedad, si el imputado paga los $500.000 sale en libertad\u00bb, se\u00f1al\u00f3 el Fiscal Gallardo a Diario El Trabajo.<\/p>\n<p>Para el Ministerio P\u00fablico estos hechos son de tal gravedad que llaman la atenci\u00f3n por sus circunstancias: causan p\u00e1nico y conmoci\u00f3n p\u00fablica; el modo de actuar de los malhechores en provocar barricadas, utilizaci\u00f3n de miguelitos y hacer explotar un cajero autom\u00e1tico que podr\u00eda haber incurrido en v\u00edctimas fatales.<\/p>\n<p>El persecutor a\u00f1adi\u00f3 que este tipo de delitos, la Ley los sanciona de tres a\u00f1os y un d\u00eda en adelante, al igual que el delito de Receptaci\u00f3n de veh\u00edculo, luego de reunir contundentes pruebas a la hora de ejecutar un juicio oral, para acusar a los protagonistas de este grave hecho que moviliz\u00f3 a un gran contingente policial.<\/p>\n<p>Pablo Salinas Sald\u00edas<\/p>\n<div class=\"tiled-gallery type-rectangular tiled-gallery-unresized\" data-original-width=\"640\" data-carousel-extra='null' itemscope itemtype=\"http:\/\/schema.org\/ImageGallery\" > <div class=\"gallery-row\" style=\"width: 640px; height: 325px;\" data-original-width=\"640\" data-original-height=\"325\" > <div class=\"gallery-group images-1\" style=\"width: 427px; height: 325px;\" data-original-width=\"427\" data-original-height=\"325\" > <div class=\"tiled-gallery-item tiled-gallery-item-large\" itemprop=\"associatedMedia\" itemscope itemtype=\"http:\/\/schema.org\/ImageObject\"> <a href=\"https:\/\/eltrabajo.cl\/portal\/juez-concede-fianza-al-cabecilla-de-banda-que-exploto-cajero-para-robar\/foto-1-2\/\" border=\"0\" itemprop=\"url\"> <meta itemprop=\"width\" content=\"423\"> <meta itemprop=\"height\" content=\"321\"> <img decoding=\"async\" class=\"\" data-attachment-id=\"49939\" data-orig-file=\"https:\/\/eltrabajo.cl\/portal\/wp-content\/uploads\/2014\/08\/Foto-1.jpg\" data-orig-size=\"528,401\" data-comments-opened=\"1\" data-image-meta=\"{&quot;aperture&quot;:&quot;0&quot;,&quot;credit&quot;:&quot;Picasa&quot;,&quot;camera&quot;:&quot;&quot;,&quot;caption&quot;:&quot;&quot;,&quot;created_timestamp&quot;:&quot;1407643812&quot;,&quot;copyright&quot;:&quot;&quot;,&quot;focal_length&quot;:&quot;0&quot;,&quot;iso&quot;:&quot;0&quot;,&quot;shutter_speed&quot;:&quot;0&quot;,&quot;title&quot;:&quot;&quot;}\" data-image-title=\"Foto 1\" data-image-description=\"&lt;p&gt;Los sujetos ingresan hasta el cajero del Banco Santander frente a Fundici\u00f3n Chagres de Catemu, alrededor de la medianoche del pasado viernes. &lt;\/p&gt; \" data-medium-file=\"https:\/\/i0.wp.com\/eltrabajo.cl\/portal\/wp-content\/uploads\/2014\/08\/Foto-1.jpg?fit=300%2C227&#038;ssl=1\" data-large-file=\"https:\/\/i0.wp.com\/eltrabajo.cl\/portal\/wp-content\/uploads\/2014\/08\/Foto-1.jpg?fit=528%2C401&#038;ssl=1\" src=\"https:\/\/i0.wp.com\/eltrabajo.cl\/portal\/wp-content\/uploads\/2014\/08\/Foto-1.jpg?w=423&#038;h=321&#038;ssl=1\" srcset=\"https:\/\/i0.wp.com\/eltrabajo.cl\/portal\/wp-content\/uploads\/2014\/08\/Foto-1.jpg?w=528&amp;ssl=1 528w, https:\/\/i0.wp.com\/eltrabajo.cl\/portal\/wp-content\/uploads\/2014\/08\/Foto-1.jpg?resize=197%2C150&amp;ssl=1 197w, https:\/\/i0.wp.com\/eltrabajo.cl\/portal\/wp-content\/uploads\/2014\/08\/Foto-1.jpg?resize=300%2C227&amp;ssl=1 300w, https:\/\/i0.wp.com\/eltrabajo.cl\/portal\/wp-content\/uploads\/2014\/08\/Foto-1.jpg?resize=150%2C113&amp;ssl=1 150w, https:\/\/i0.wp.com\/eltrabajo.cl\/portal\/wp-content\/uploads\/2014\/08\/Foto-1.jpg?resize=400%2C303&amp;ssl=1 400w\" width=\"423\" height=\"321\" loading=\"lazy\" data-original-width=\"423\" data-original-height=\"321\" itemprop=\"http:\/\/schema.org\/image\" title=\"Foto 1\" alt=\"Los sujetos ingresan hasta el cajero del Banco Santander frente a Fundici\u00f3n Chagres de Catemu, alrededor de la medianoche del pasado viernes.\" style=\"width: 423px; height: 321px;\" \/> <\/a> <div class=\"tiled-gallery-caption\" itemprop=\"caption description\"> Los sujetos ingresan hasta el cajero del Banco Santander frente a Fundici\u00f3n Chagres de Catemu, alrededor de la medianoche del pasado viernes. <\/div> <\/div> <\/div> <!-- close group --> <div class=\"gallery-group images-2\" style=\"width: 213px; height: 325px;\" data-original-width=\"213\" data-original-height=\"325\" > <div class=\"tiled-gallery-item tiled-gallery-item-small\" itemprop=\"associatedMedia\" itemscope itemtype=\"http:\/\/schema.org\/ImageObject\"> <a href=\"https:\/\/eltrabajo.cl\/portal\/juez-concede-fianza-al-cabecilla-de-banda-que-exploto-cajero-para-robar\/foto-2-2\/\" border=\"0\" itemprop=\"url\"> <meta itemprop=\"width\" content=\"209\"> <meta itemprop=\"height\" content=\"159\"> <img decoding=\"async\" class=\"\" data-attachment-id=\"49940\" data-orig-file=\"https:\/\/eltrabajo.cl\/portal\/wp-content\/uploads\/2014\/08\/Foto-2.jpg\" data-orig-size=\"528,401\" data-comments-opened=\"1\" data-image-meta=\"{&quot;aperture&quot;:&quot;0&quot;,&quot;credit&quot;:&quot;Picasa&quot;,&quot;camera&quot;:&quot;&quot;,&quot;caption&quot;:&quot;&quot;,&quot;created_timestamp&quot;:&quot;0&quot;,&quot;copyright&quot;:&quot;&quot;,&quot;focal_length&quot;:&quot;0&quot;,&quot;iso&quot;:&quot;0&quot;,&quot;shutter_speed&quot;:&quot;0&quot;,&quot;title&quot;:&quot;&quot;}\" data-image-title=\"Foto 2\" data-image-description=\"&lt;p&gt;Uno de los antisociales comienza a esparcir el gas licuado al interior del habit\u00e1culo del cajero para generar una explosi\u00f3n.&lt;\/p&gt; \" data-medium-file=\"https:\/\/i0.wp.com\/eltrabajo.cl\/portal\/wp-content\/uploads\/2014\/08\/Foto-2.jpg?fit=300%2C227&#038;ssl=1\" data-large-file=\"https:\/\/i0.wp.com\/eltrabajo.cl\/portal\/wp-content\/uploads\/2014\/08\/Foto-2.jpg?fit=528%2C401&#038;ssl=1\" src=\"https:\/\/i0.wp.com\/eltrabajo.cl\/portal\/wp-content\/uploads\/2014\/08\/Foto-2.jpg?w=209&#038;h=159&#038;ssl=1\" srcset=\"https:\/\/i0.wp.com\/eltrabajo.cl\/portal\/wp-content\/uploads\/2014\/08\/Foto-2.jpg?w=528&amp;ssl=1 528w, https:\/\/i0.wp.com\/eltrabajo.cl\/portal\/wp-content\/uploads\/2014\/08\/Foto-2.jpg?resize=197%2C150&amp;ssl=1 197w, https:\/\/i0.wp.com\/eltrabajo.cl\/portal\/wp-content\/uploads\/2014\/08\/Foto-2.jpg?resize=300%2C227&amp;ssl=1 300w, https:\/\/i0.wp.com\/eltrabajo.cl\/portal\/wp-content\/uploads\/2014\/08\/Foto-2.jpg?resize=150%2C113&amp;ssl=1 150w, https:\/\/i0.wp.com\/eltrabajo.cl\/portal\/wp-content\/uploads\/2014\/08\/Foto-2.jpg?resize=400%2C303&amp;ssl=1 400w\" width=\"209\" height=\"159\" loading=\"lazy\" data-original-width=\"209\" data-original-height=\"159\" itemprop=\"http:\/\/schema.org\/image\" title=\"Foto 2\" alt=\"Uno de los antisociales comienza a esparcir el gas licuado al interior del habit\u00e1culo del cajero para generar una explosi\u00f3n.\" style=\"width: 209px; height: 159px;\" \/> <\/a> <div class=\"tiled-gallery-caption\" itemprop=\"caption description\"> Uno de los antisociales comienza a esparcir el gas licuado al interior del habit\u00e1culo del cajero para generar una explosi\u00f3n. <\/div> <\/div> <div class=\"tiled-gallery-item tiled-gallery-item-small\" itemprop=\"associatedMedia\" itemscope itemtype=\"http:\/\/schema.org\/ImageObject\"> <a href=\"https:\/\/eltrabajo.cl\/portal\/juez-concede-fianza-al-cabecilla-de-banda-que-exploto-cajero-para-robar\/foto-3\/\" border=\"0\" itemprop=\"url\"> <meta itemprop=\"width\" content=\"209\"> <meta itemprop=\"height\" content=\"158\"> <img decoding=\"async\" class=\"\" data-attachment-id=\"49941\" data-orig-file=\"https:\/\/eltrabajo.cl\/portal\/wp-content\/uploads\/2014\/08\/Foto-3.jpg\" data-orig-size=\"529,401\" data-comments-opened=\"1\" data-image-meta=\"{&quot;aperture&quot;:&quot;0&quot;,&quot;credit&quot;:&quot;Picasa&quot;,&quot;camera&quot;:&quot;&quot;,&quot;caption&quot;:&quot;&quot;,&quot;created_timestamp&quot;:&quot;0&quot;,&quot;copyright&quot;:&quot;&quot;,&quot;focal_length&quot;:&quot;0&quot;,&quot;iso&quot;:&quot;0&quot;,&quot;shutter_speed&quot;:&quot;0&quot;,&quot;title&quot;:&quot;&quot;}\" data-image-title=\"Foto 3\" data-image-description=\"&lt;p&gt;La explosi\u00f3n se genera mediante una chispa a trav\u00e9s de un cable conectado a la bater\u00eda del veh\u00edculo robado, que se desplazaba donde se refleja la columna de humo.&lt;\/p&gt; \" data-medium-file=\"https:\/\/i0.wp.com\/eltrabajo.cl\/portal\/wp-content\/uploads\/2014\/08\/Foto-3.jpg?fit=300%2C227&#038;ssl=1\" data-large-file=\"https:\/\/i0.wp.com\/eltrabajo.cl\/portal\/wp-content\/uploads\/2014\/08\/Foto-3.jpg?fit=529%2C401&#038;ssl=1\" src=\"https:\/\/i0.wp.com\/eltrabajo.cl\/portal\/wp-content\/uploads\/2014\/08\/Foto-3.jpg?w=209&#038;h=158&#038;ssl=1\" srcset=\"https:\/\/i0.wp.com\/eltrabajo.cl\/portal\/wp-content\/uploads\/2014\/08\/Foto-3.jpg?w=529&amp;ssl=1 529w, https:\/\/i0.wp.com\/eltrabajo.cl\/portal\/wp-content\/uploads\/2014\/08\/Foto-3.jpg?resize=197%2C150&amp;ssl=1 197w, https:\/\/i0.wp.com\/eltrabajo.cl\/portal\/wp-content\/uploads\/2014\/08\/Foto-3.jpg?resize=300%2C227&amp;ssl=1 300w, https:\/\/i0.wp.com\/eltrabajo.cl\/portal\/wp-content\/uploads\/2014\/08\/Foto-3.jpg?resize=150%2C113&amp;ssl=1 150w, https:\/\/i0.wp.com\/eltrabajo.cl\/portal\/wp-content\/uploads\/2014\/08\/Foto-3.jpg?resize=400%2C303&amp;ssl=1 400w\" width=\"209\" height=\"158\" loading=\"lazy\" data-original-width=\"209\" data-original-height=\"158\" itemprop=\"http:\/\/schema.org\/image\" title=\"Foto 3\" alt=\"La explosi\u00f3n se genera mediante una chispa a trav\u00e9s de un cable conectado a la bater\u00eda del veh\u00edculo robado, que se desplazaba donde se refleja la columna de humo.\" style=\"width: 209px; height: 158px;\" \/> <\/a> <div class=\"tiled-gallery-caption\" itemprop=\"caption description\"> La explosi\u00f3n se genera mediante una chispa a trav\u00e9s de un cable conectado a la bater\u00eda del veh\u00edculo robado, que se desplazaba donde se refleja la columna de humo. <\/div> <\/div> <\/div> <!-- close group --> <\/div> <!-- close row --> <div class=\"gallery-row\" style=\"width: 640px; height: 122px;\" data-original-width=\"640\" data-original-height=\"122\" > <div class=\"gallery-group images-1\" style=\"width: 160px; height: 122px;\" data-original-width=\"160\" data-original-height=\"122\" > <div class=\"tiled-gallery-item tiled-gallery-item-small\" itemprop=\"associatedMedia\" itemscope itemtype=\"http:\/\/schema.org\/ImageObject\"> <a href=\"https:\/\/eltrabajo.cl\/portal\/juez-concede-fianza-al-cabecilla-de-banda-que-exploto-cajero-para-robar\/foto-4\/\" border=\"0\" itemprop=\"url\"> <meta itemprop=\"width\" content=\"156\"> <meta itemprop=\"height\" content=\"118\"> <img decoding=\"async\" class=\"\" data-attachment-id=\"49942\" data-orig-file=\"https:\/\/eltrabajo.cl\/portal\/wp-content\/uploads\/2014\/08\/Foto-4.jpg\" data-orig-size=\"528,401\" data-comments-opened=\"1\" data-image-meta=\"{&quot;aperture&quot;:&quot;0&quot;,&quot;credit&quot;:&quot;Picasa&quot;,&quot;camera&quot;:&quot;&quot;,&quot;caption&quot;:&quot;&quot;,&quot;created_timestamp&quot;:&quot;0&quot;,&quot;copyright&quot;:&quot;&quot;,&quot;focal_length&quot;:&quot;0&quot;,&quot;iso&quot;:&quot;0&quot;,&quot;shutter_speed&quot;:&quot;0&quot;,&quot;title&quot;:&quot;&quot;}\" data-image-title=\"Foto 4\" data-image-description=\"&lt;p&gt;Tras disiparse el humo, los delincuentes se dan cuenta que el cajero est\u00e1 intacto y no pudieron lograr abrir las gavetas contenedoras del dinero, por lo que proceden a huir.&lt;\/p&gt; \" data-medium-file=\"https:\/\/i0.wp.com\/eltrabajo.cl\/portal\/wp-content\/uploads\/2014\/08\/Foto-4.jpg?fit=300%2C227&#038;ssl=1\" data-large-file=\"https:\/\/i0.wp.com\/eltrabajo.cl\/portal\/wp-content\/uploads\/2014\/08\/Foto-4.jpg?fit=528%2C401&#038;ssl=1\" src=\"https:\/\/i0.wp.com\/eltrabajo.cl\/portal\/wp-content\/uploads\/2014\/08\/Foto-4.jpg?w=156&#038;h=118&#038;ssl=1\" srcset=\"https:\/\/i0.wp.com\/eltrabajo.cl\/portal\/wp-content\/uploads\/2014\/08\/Foto-4.jpg?w=528&amp;ssl=1 528w, https:\/\/i0.wp.com\/eltrabajo.cl\/portal\/wp-content\/uploads\/2014\/08\/Foto-4.jpg?resize=197%2C150&amp;ssl=1 197w, https:\/\/i0.wp.com\/eltrabajo.cl\/portal\/wp-content\/uploads\/2014\/08\/Foto-4.jpg?resize=300%2C227&amp;ssl=1 300w, https:\/\/i0.wp.com\/eltrabajo.cl\/portal\/wp-content\/uploads\/2014\/08\/Foto-4.jpg?resize=150%2C113&amp;ssl=1 150w, https:\/\/i0.wp.com\/eltrabajo.cl\/portal\/wp-content\/uploads\/2014\/08\/Foto-4.jpg?resize=400%2C303&amp;ssl=1 400w\" width=\"156\" height=\"118\" loading=\"lazy\" data-original-width=\"156\" data-original-height=\"118\" itemprop=\"http:\/\/schema.org\/image\" title=\"Foto 4\" alt=\"Tras disiparse el humo, los delincuentes se dan cuenta que el cajero est\u00e1 intacto y no pudieron lograr abrir las gavetas contenedoras del dinero, por lo que proceden a huir.\" style=\"width: 156px; height: 118px;\" \/> <\/a> <div class=\"tiled-gallery-caption\" itemprop=\"caption description\"> Tras disiparse el humo, los delincuentes se dan cuenta que el cajero est\u00e1 intacto y no pudieron lograr abrir las gavetas contenedoras del dinero, por lo que proceden a huir. <\/div> <\/div> <\/div> <!-- close group --> <div class=\"gallery-group images-1\" style=\"width: 160px; height: 122px;\" data-original-width=\"160\" data-original-height=\"122\" > <div class=\"tiled-gallery-item tiled-gallery-item-small\" itemprop=\"associatedMedia\" itemscope itemtype=\"http:\/\/schema.org\/ImageObject\"> <a href=\"https:\/\/eltrabajo.cl\/portal\/juez-concede-fianza-al-cabecilla-de-banda-que-exploto-cajero-para-robar\/foto-5-2\/\" border=\"0\" itemprop=\"url\"> <meta itemprop=\"width\" content=\"156\"> <meta itemprop=\"height\" content=\"118\"> <img decoding=\"async\" class=\"\" data-attachment-id=\"49943\" data-orig-file=\"https:\/\/eltrabajo.cl\/portal\/wp-content\/uploads\/2014\/08\/Foto-5.jpg\" data-orig-size=\"528,401\" data-comments-opened=\"1\" data-image-meta=\"{&quot;aperture&quot;:&quot;0&quot;,&quot;credit&quot;:&quot;Picasa&quot;,&quot;camera&quot;:&quot;&quot;,&quot;caption&quot;:&quot;&quot;,&quot;created_timestamp&quot;:&quot;0&quot;,&quot;copyright&quot;:&quot;&quot;,&quot;focal_length&quot;:&quot;0&quot;,&quot;iso&quot;:&quot;0&quot;,&quot;shutter_speed&quot;:&quot;0&quot;,&quot;title&quot;:&quot;&quot;}\" data-image-title=\"Foto 5\" data-image-description=\"&lt;p&gt; Carabineros llega al lugar y comienza una persecuci\u00f3n tras el veh\u00edculo que era conducido por el cabecilla de esta banda, misma que arroj\u00f3 miguelitos a la calzada.&lt;\/p&gt; \" data-medium-file=\"https:\/\/i0.wp.com\/eltrabajo.cl\/portal\/wp-content\/uploads\/2014\/08\/Foto-5.jpg?fit=300%2C227&#038;ssl=1\" data-large-file=\"https:\/\/i0.wp.com\/eltrabajo.cl\/portal\/wp-content\/uploads\/2014\/08\/Foto-5.jpg?fit=528%2C401&#038;ssl=1\" src=\"https:\/\/i0.wp.com\/eltrabajo.cl\/portal\/wp-content\/uploads\/2014\/08\/Foto-5.jpg?w=156&#038;h=118&#038;ssl=1\" srcset=\"https:\/\/i0.wp.com\/eltrabajo.cl\/portal\/wp-content\/uploads\/2014\/08\/Foto-5.jpg?w=528&amp;ssl=1 528w, https:\/\/i0.wp.com\/eltrabajo.cl\/portal\/wp-content\/uploads\/2014\/08\/Foto-5.jpg?resize=197%2C150&amp;ssl=1 197w, https:\/\/i0.wp.com\/eltrabajo.cl\/portal\/wp-content\/uploads\/2014\/08\/Foto-5.jpg?resize=300%2C227&amp;ssl=1 300w, https:\/\/i0.wp.com\/eltrabajo.cl\/portal\/wp-content\/uploads\/2014\/08\/Foto-5.jpg?resize=150%2C113&amp;ssl=1 150w, https:\/\/i0.wp.com\/eltrabajo.cl\/portal\/wp-content\/uploads\/2014\/08\/Foto-5.jpg?resize=400%2C303&amp;ssl=1 400w\" width=\"156\" height=\"118\" loading=\"lazy\" data-original-width=\"156\" data-original-height=\"118\" itemprop=\"http:\/\/schema.org\/image\" title=\"Foto 5\" alt=\"Carabineros llega al lugar y comienza una persecuci\u00f3n tras el veh\u00edculo que era conducido por el cabecilla de esta banda, misma que arroj\u00f3 miguelitos a la calzada.\" style=\"width: 156px; height: 118px;\" \/> <\/a> <div class=\"tiled-gallery-caption\" itemprop=\"caption description\"> Carabineros llega al lugar y comienza una persecuci\u00f3n tras el veh\u00edculo que era conducido por el cabecilla de esta banda, misma que arroj\u00f3 miguelitos a la calzada. <\/div> <\/div> <\/div> <!-- close group --> <div class=\"gallery-group images-1\" style=\"width: 160px; height: 122px;\" data-original-width=\"160\" data-original-height=\"122\" > <div class=\"tiled-gallery-item tiled-gallery-item-small\" itemprop=\"associatedMedia\" itemscope itemtype=\"http:\/\/schema.org\/ImageObject\"> <a href=\"https:\/\/eltrabajo.cl\/portal\/juez-concede-fianza-al-cabecilla-de-banda-que-exploto-cajero-para-robar\/foto-6\/\" border=\"0\" itemprop=\"url\"> <meta itemprop=\"width\" content=\"156\"> <meta itemprop=\"height\" content=\"118\"> <img decoding=\"async\" class=\"\" data-attachment-id=\"49944\" data-orig-file=\"https:\/\/eltrabajo.cl\/portal\/wp-content\/uploads\/2014\/08\/Foto-6.jpg\" data-orig-size=\"528,401\" data-comments-opened=\"1\" data-image-meta=\"{&quot;aperture&quot;:&quot;0&quot;,&quot;credit&quot;:&quot;Picasa&quot;,&quot;camera&quot;:&quot;&quot;,&quot;caption&quot;:&quot;&quot;,&quot;created_timestamp&quot;:&quot;0&quot;,&quot;copyright&quot;:&quot;&quot;,&quot;focal_length&quot;:&quot;0&quot;,&quot;iso&quot;:&quot;0&quot;,&quot;shutter_speed&quot;:&quot;0&quot;,&quot;title&quot;:&quot;&quot;}\" data-image-title=\"Foto 6\" data-image-description=\"&lt;p&gt;Se aprecia la destrucci\u00f3n de la estructura frontal del cajero donde fueron testigos trabajadores de la fundici\u00f3n, quienes comenzaban a tomar fotograf\u00edas de lo sucedido.&lt;\/p&gt; \" data-medium-file=\"https:\/\/i0.wp.com\/eltrabajo.cl\/portal\/wp-content\/uploads\/2014\/08\/Foto-6.jpg?fit=300%2C227&#038;ssl=1\" data-large-file=\"https:\/\/i0.wp.com\/eltrabajo.cl\/portal\/wp-content\/uploads\/2014\/08\/Foto-6.jpg?fit=528%2C401&#038;ssl=1\" src=\"https:\/\/i0.wp.com\/eltrabajo.cl\/portal\/wp-content\/uploads\/2014\/08\/Foto-6.jpg?w=156&#038;h=118&#038;ssl=1\" srcset=\"https:\/\/i0.wp.com\/eltrabajo.cl\/portal\/wp-content\/uploads\/2014\/08\/Foto-6.jpg?w=528&amp;ssl=1 528w, https:\/\/i0.wp.com\/eltrabajo.cl\/portal\/wp-content\/uploads\/2014\/08\/Foto-6.jpg?resize=197%2C150&amp;ssl=1 197w, https:\/\/i0.wp.com\/eltrabajo.cl\/portal\/wp-content\/uploads\/2014\/08\/Foto-6.jpg?resize=300%2C227&amp;ssl=1 300w, https:\/\/i0.wp.com\/eltrabajo.cl\/portal\/wp-content\/uploads\/2014\/08\/Foto-6.jpg?resize=150%2C113&amp;ssl=1 150w, https:\/\/i0.wp.com\/eltrabajo.cl\/portal\/wp-content\/uploads\/2014\/08\/Foto-6.jpg?resize=400%2C303&amp;ssl=1 400w\" width=\"156\" height=\"118\" loading=\"lazy\" data-original-width=\"156\" data-original-height=\"118\" itemprop=\"http:\/\/schema.org\/image\" title=\"Foto 6\" alt=\"Se aprecia la destrucci\u00f3n de la estructura frontal del cajero donde fueron testigos trabajadores de la fundici\u00f3n, quienes comenzaban a tomar fotograf\u00edas de lo sucedido.\" style=\"width: 156px; height: 118px;\" \/> <\/a> <div class=\"tiled-gallery-caption\" itemprop=\"caption description\"> Se aprecia la destrucci\u00f3n de la estructura frontal del cajero donde fueron testigos trabajadores de la fundici\u00f3n, quienes comenzaban a tomar fotograf\u00edas de lo sucedido. <\/div> <\/div> <\/div> <!-- close group --> <div class=\"gallery-group images-1\" style=\"width: 160px; height: 122px;\" data-original-width=\"160\" data-original-height=\"122\" > <div class=\"tiled-gallery-item tiled-gallery-item-small\" itemprop=\"associatedMedia\" itemscope itemtype=\"http:\/\/schema.org\/ImageObject\"> <a href=\"https:\/\/eltrabajo.cl\/portal\/juez-concede-fianza-al-cabecilla-de-banda-que-exploto-cajero-para-robar\/foto-7\/\" border=\"0\" itemprop=\"url\"> <meta itemprop=\"width\" content=\"156\"> <meta itemprop=\"height\" content=\"118\"> <img decoding=\"async\" class=\"\" data-attachment-id=\"49945\" data-orig-file=\"https:\/\/eltrabajo.cl\/portal\/wp-content\/uploads\/2014\/08\/Foto-7.jpg\" data-orig-size=\"528,401\" data-comments-opened=\"1\" data-image-meta=\"{&quot;aperture&quot;:&quot;0&quot;,&quot;credit&quot;:&quot;Picasa&quot;,&quot;camera&quot;:&quot;&quot;,&quot;caption&quot;:&quot;&quot;,&quot;created_timestamp&quot;:&quot;0&quot;,&quot;copyright&quot;:&quot;&quot;,&quot;focal_length&quot;:&quot;0&quot;,&quot;iso&quot;:&quot;0&quot;,&quot;shutter_speed&quot;:&quot;0&quot;,&quot;title&quot;:&quot;&quot;}\" data-image-title=\"Foto 7\" data-image-description=\"&lt;p&gt;Carabineros despleg\u00f3 todas sus unidades en Catemu, LLay LLay y Carreteras de San Felipe para activar un plan candado que logr\u00f3 la detenci\u00f3n de los cuatro involucrados en este hecho.&lt;\/p&gt; \" data-medium-file=\"https:\/\/i0.wp.com\/eltrabajo.cl\/portal\/wp-content\/uploads\/2014\/08\/Foto-7.jpg?fit=300%2C227&#038;ssl=1\" data-large-file=\"https:\/\/i0.wp.com\/eltrabajo.cl\/portal\/wp-content\/uploads\/2014\/08\/Foto-7.jpg?fit=528%2C401&#038;ssl=1\" src=\"https:\/\/i0.wp.com\/eltrabajo.cl\/portal\/wp-content\/uploads\/2014\/08\/Foto-7.jpg?w=156&#038;h=118&#038;ssl=1\" srcset=\"https:\/\/i0.wp.com\/eltrabajo.cl\/portal\/wp-content\/uploads\/2014\/08\/Foto-7.jpg?w=528&amp;ssl=1 528w, https:\/\/i0.wp.com\/eltrabajo.cl\/portal\/wp-content\/uploads\/2014\/08\/Foto-7.jpg?resize=197%2C150&amp;ssl=1 197w, https:\/\/i0.wp.com\/eltrabajo.cl\/portal\/wp-content\/uploads\/2014\/08\/Foto-7.jpg?resize=300%2C227&amp;ssl=1 300w, https:\/\/i0.wp.com\/eltrabajo.cl\/portal\/wp-content\/uploads\/2014\/08\/Foto-7.jpg?resize=150%2C113&amp;ssl=1 150w, https:\/\/i0.wp.com\/eltrabajo.cl\/portal\/wp-content\/uploads\/2014\/08\/Foto-7.jpg?resize=400%2C303&amp;ssl=1 400w\" width=\"156\" height=\"118\" loading=\"lazy\" data-original-width=\"156\" data-original-height=\"118\" itemprop=\"http:\/\/schema.org\/image\" title=\"Foto 7\" alt=\"Carabineros despleg\u00f3 todas sus unidades en Catemu, LLay LLay y Carreteras de San Felipe para activar un plan candado que logr\u00f3 la detenci\u00f3n de los cuatro involucrados en este hecho.\" style=\"width: 156px; height: 118px;\" \/> <\/a> <div class=\"tiled-gallery-caption\" itemprop=\"caption description\"> Carabineros despleg\u00f3 todas sus unidades en Catemu, LLay LLay y Carreteras de San Felipe para activar un plan candado que logr\u00f3 la detenci\u00f3n de los cuatro involucrados en este hecho. <\/div> <\/div> <\/div> <!-- close group --> <\/div> <!-- close row --> <\/div>\n","protected":false},"excerpt":{"rendered":"<p>Fue a eso de la medianoche del pasado viernes cuando Juan Pedro Villarroel Aguilera, de 36 a\u00f1os, conduc\u00eda un veh\u00edculo robado Station Wagon marca K\u00eda de color negro, lo hac\u00eda acompa\u00f1ado de&#8230;<\/p>\n","protected":false},"author":482,"featured_media":49936,"comment_status":"open","ping_status":"closed","sticky":false,"template":"","format":"standard","meta":{"advanced_seo_description":"","jetpack_seo_html_title":"","jetpack_seo_noindex":false,"_jetpack_memberships_contains_paid_content":false,"footnotes":""},"categories":[21],"tags":[],"class_list":["post-49935","post","type-post","status-publish","format-standard","has-post-thumbnail","hentry","category-policial"],"jetpack_featured_media_url":"https:\/\/i0.wp.com\/eltrabajo.cl\/portal\/wp-content\/uploads\/2014\/08\/Imputado-1.jpg?fit=528%2C377&ssl=1","jetpack_sharing_enabled":true,"jetpack_likes_enabled":true,"jetpack-related-posts":[],"_links":{"self":[{"href":"https:\/\/eltrabajo.cl\/portal\/wp-json\/wp\/v2\/posts\/49935","targetHints":{"allow":["GET"]}}],"collection":[{"href":"https:\/\/eltrabajo.cl\/portal\/wp-json\/wp\/v2\/posts"}],"about":[{"href":"https:\/\/eltrabajo.cl\/portal\/wp-json\/wp\/v2\/types\/post"}],"author":[{"embeddable":true,"href":"https:\/\/eltrabajo.cl\/portal\/wp-json\/wp\/v2\/users\/482"}],"replies":[{"embeddable":true,"href":"https:\/\/eltrabajo.cl\/portal\/wp-json\/wp\/v2\/comments?post=49935"}],"version-history":[{"count":0,"href":"https:\/\/eltrabajo.cl\/portal\/wp-json\/wp\/v2\/posts\/49935\/revisions"}],"wp:featuredmedia":[{"embeddable":true,"href":"https:\/\/eltrabajo.cl\/portal\/wp-json\/wp\/v2\/media\/49936"}],"wp:attachment":[{"href":"https:\/\/eltrabajo.cl\/portal\/wp-json\/wp\/v2\/media?parent=49935"}],"wp:term":[{"taxonomy":"category","embeddable":true,"href":"https:\/\/eltrabajo.cl\/portal\/wp-json\/wp\/v2\/categories?post=49935"},{"taxonomy":"post_tag","embeddable":true,"href":"https:\/\/eltrabajo.cl\/portal\/wp-json\/wp\/v2\/tags?post=49935"}],"curies":[{"name":"wp","href":"https:\/\/api.w.org\/{rel}","templated":true}]}}