{"id":49948,"date":"2014-08-11T09:44:44","date_gmt":"2014-08-11T13:44:44","guid":{"rendered":"http:\/\/www.eltrabajo.cl\/portal\/?p=49948"},"modified":"2014-08-11T09:44:44","modified_gmt":"2014-08-11T13:44:44","slug":"cae-peligroso-delincuente-merodeando-viviendas-en-la-comuna","status":"publish","type":"post","link":"https:\/\/eltrabajo.cl\/portal\/cae-peligroso-delincuente-merodeando-viviendas-en-la-comuna\/","title":{"rendered":"Cae peligroso delincuente merodeando viviendas en la comuna"},"content":{"rendered":"<figure id=\"attachment_49949\" aria-describedby=\"caption-attachment-49949\" style=\"width: 370px\" class=\"wp-caption alignleft\"><a href=\"https:\/\/i0.wp.com\/www.eltrabajo.cl\/portal\/wp-content\/uploads\/2014\/08\/Peligroso1.jpg\"><img data-recalc-dims=\"1\" loading=\"lazy\" decoding=\"async\" class=\" wp-image-49949 \" alt=\"Gracias a un patrullaje de rutina efectuado la madrugada de este s\u00e1bado, permiti\u00f3 a Carabineros detectar la presencia de un sujeto que sospechosamente merodeaba algunas viviendas del centro de la comuna.\" src=\"https:\/\/i0.wp.com\/www.eltrabajo.cl\/portal\/wp-content\/uploads\/2014\/08\/Peligroso1.jpg?resize=370%2C247\" width=\"370\" height=\"247\" srcset=\"https:\/\/i0.wp.com\/eltrabajo.cl\/portal\/wp-content\/uploads\/2014\/08\/Peligroso1.jpg?w=528&amp;ssl=1 528w, https:\/\/i0.wp.com\/eltrabajo.cl\/portal\/wp-content\/uploads\/2014\/08\/Peligroso1.jpg?resize=200%2C133&amp;ssl=1 200w, https:\/\/i0.wp.com\/eltrabajo.cl\/portal\/wp-content\/uploads\/2014\/08\/Peligroso1.jpg?resize=300%2C200&amp;ssl=1 300w, https:\/\/i0.wp.com\/eltrabajo.cl\/portal\/wp-content\/uploads\/2014\/08\/Peligroso1.jpg?resize=150%2C100&amp;ssl=1 150w, https:\/\/i0.wp.com\/eltrabajo.cl\/portal\/wp-content\/uploads\/2014\/08\/Peligroso1.jpg?resize=400%2C267&amp;ssl=1 400w\" sizes=\"auto, (max-width: 370px) 100vw, 370px\" \/><\/a><figcaption id=\"caption-attachment-49949\" class=\"wp-caption-text\">Gracias a un patrullaje de rutina efectuado la madrugada de este s\u00e1bado, permiti\u00f3 a Carabineros detectar la presencia de un sujeto que sospechosamente merodeaba algunas viviendas del centro de la comuna.<\/figcaption><\/figure>\n<p><strong>PUTAENDO<\/strong>.- Gracias a un patrullaje de rutina efectuado la madrugada de este s\u00e1bado, permiti\u00f3 a Carabineros detectar la presencia de un sujeto que sospechosamente merodeaba algunas viviendas del centro de la comuna, el que luego de ser detenido dej\u00f3 en evidencia que se trataba de un peligroso delincuente de la capital con un amplio y nutrido prontuario policial.<\/p>\n<p>El Teniente \u00c1ngelo Acevedo, indic\u00f3 que pasadas las 01:00 horas, recibieron un llamado telef\u00f3nico que un sujeto merodeaba algunas viviendas de la calle Aspee y Chacabuco en actitudes bastante sospechosas, por lo que de acuerdo a las caracter\u00edsticas de las vestimentas fue encargado r\u00e1pidamente a los veh\u00edculos policiales que se encontraban patrullando fortuitamente las cercan\u00edas de lugar, por lo que no demoraron mucho en ver al sujeto que efectivamente estaba parado frente a un domicilio de Calle Chacabuco, sin poder justificar que hac\u00eda en ese lugar a esa hora.<\/p>\n<p>Al ser sometido a un control de identidad los efectivos policiales comprobaron que el sujeto presenta dos \u00f3rdenes pendientes de arresto, emanadas de los tribunales de Santiago, por lo que fue trasladado hasta la Tenencia de Putaendo, y luego de chequear sus antecedentes con mayor profundidad se comprob\u00f3 que posee un amplio prontuario policial por delitos como Porte ilegal de arma de fuego, porte ilegal de arma blanca, robo reiterado, robo en lugar no habitado; Robo con violencia; Usurpaci\u00f3n de identidad; Tr\u00e1fico y Micro-tr\u00e1fico y Lesiones graves.<\/p>\n<p>El oficial de Carabineros agradeci\u00f3 la informaci\u00f3n que la comunidad entrega al llamar al Nivel 133 luego de ver la presencia de sujetos sospechosos, y en este caso, todo hace presumir que este peligroso delincuente se aprestaba a cometer alg\u00fan il\u00edcito que afectara a vecinos de la comuna.<\/p>\n<p>El sujeto, fue identificado como Luis Omar Page Careu de 30 a\u00f1os de edad, quien fue puesto a disposici\u00f3n de los tribunales de Putaendo en horas de la tarde de este s\u00e1bado, y posteriormente enviado a la ciudad de Santiago para ser puesto a disposici\u00f3n de los tribunales de justicia que lo requieren.<\/p>\n<p>Patricio Gallardo M.<\/p>\n<p>&nbsp;<\/p>\n","protected":false},"excerpt":{"rendered":"<p>PUTAENDO.- Gracias a un patrullaje de rutina efectuado la madrugada de este s\u00e1bado, permiti\u00f3 a Carabineros detectar la presencia de un sujeto que sospechosamente merodeaba algunas viviendas del centro de la comuna,&#8230;<\/p>\n","protected":false},"author":482,"featured_media":49949,"comment_status":"open","ping_status":"closed","sticky":false,"template":"","format":"standard","meta":{"advanced_seo_description":"","jetpack_seo_html_title":"","jetpack_seo_noindex":false,"_jetpack_memberships_contains_paid_content":false,"footnotes":""},"categories":[21],"tags":[],"class_list":["post-49948","post","type-post","status-publish","format-standard","has-post-thumbnail","hentry","category-policial"],"jetpack_featured_media_url":"https:\/\/i0.wp.com\/eltrabajo.cl\/portal\/wp-content\/uploads\/2014\/08\/Peligroso1.jpg?fit=528%2C353&ssl=1","jetpack_sharing_enabled":true,"jetpack_likes_enabled":true,"jetpack-related-posts":[],"_links":{"self":[{"href":"https:\/\/eltrabajo.cl\/portal\/wp-json\/wp\/v2\/posts\/49948","targetHints":{"allow":["GET"]}}],"collection":[{"href":"https:\/\/eltrabajo.cl\/portal\/wp-json\/wp\/v2\/posts"}],"about":[{"href":"https:\/\/eltrabajo.cl\/portal\/wp-json\/wp\/v2\/types\/post"}],"author":[{"embeddable":true,"href":"https:\/\/eltrabajo.cl\/portal\/wp-json\/wp\/v2\/users\/482"}],"replies":[{"embeddable":true,"href":"https:\/\/eltrabajo.cl\/portal\/wp-json\/wp\/v2\/comments?post=49948"}],"version-history":[{"count":0,"href":"https:\/\/eltrabajo.cl\/portal\/wp-json\/wp\/v2\/posts\/49948\/revisions"}],"wp:featuredmedia":[{"embeddable":true,"href":"https:\/\/eltrabajo.cl\/portal\/wp-json\/wp\/v2\/media\/49949"}],"wp:attachment":[{"href":"https:\/\/eltrabajo.cl\/portal\/wp-json\/wp\/v2\/media?parent=49948"}],"wp:term":[{"taxonomy":"category","embeddable":true,"href":"https:\/\/eltrabajo.cl\/portal\/wp-json\/wp\/v2\/categories?post=49948"},{"taxonomy":"post_tag","embeddable":true,"href":"https:\/\/eltrabajo.cl\/portal\/wp-json\/wp\/v2\/tags?post=49948"}],"curies":[{"name":"wp","href":"https:\/\/api.w.org\/{rel}","templated":true}]}}