{"id":49952,"date":"2014-08-11T09:48:35","date_gmt":"2014-08-11T13:48:35","guid":{"rendered":"http:\/\/www.eltrabajo.cl\/portal\/?p=49952"},"modified":"2014-08-11T09:48:35","modified_gmt":"2014-08-11T13:48:35","slug":"muere-electrocutado-cuando-tendia-su-ropa-en-alambre-metalico","status":"publish","type":"post","link":"https:\/\/eltrabajo.cl\/portal\/muere-electrocutado-cuando-tendia-su-ropa-en-alambre-metalico\/","title":{"rendered":"Muere electrocutado cuando tend\u00eda su ropa en alambre met\u00e1lico"},"content":{"rendered":"<figure id=\"attachment_49953\" aria-describedby=\"caption-attachment-49953\" style=\"width: 370px\" class=\"wp-caption alignleft\"><a href=\"https:\/\/i0.wp.com\/www.eltrabajo.cl\/portal\/wp-content\/uploads\/2014\/08\/Muerto1.jpg\"><img data-recalc-dims=\"1\" loading=\"lazy\" decoding=\"async\" class=\" wp-image-49953 \" alt=\"La v\u00edctima fue identificada como Alejandro Cort\u00e9s Cort\u00e9s, de 31 a\u00f1os, quien la tarde de este viernes muriera electrocutado en el patio de su casa.\" src=\"https:\/\/i0.wp.com\/www.eltrabajo.cl\/portal\/wp-content\/uploads\/2014\/08\/Muerto1.jpg?resize=370%2C258\" width=\"370\" height=\"258\" srcset=\"https:\/\/i0.wp.com\/eltrabajo.cl\/portal\/wp-content\/uploads\/2014\/08\/Muerto1.jpg?w=529&amp;ssl=1 529w, https:\/\/i0.wp.com\/eltrabajo.cl\/portal\/wp-content\/uploads\/2014\/08\/Muerto1.jpg?resize=200%2C139&amp;ssl=1 200w, https:\/\/i0.wp.com\/eltrabajo.cl\/portal\/wp-content\/uploads\/2014\/08\/Muerto1.jpg?resize=300%2C208&amp;ssl=1 300w, https:\/\/i0.wp.com\/eltrabajo.cl\/portal\/wp-content\/uploads\/2014\/08\/Muerto1.jpg?resize=150%2C104&amp;ssl=1 150w, https:\/\/i0.wp.com\/eltrabajo.cl\/portal\/wp-content\/uploads\/2014\/08\/Muerto1.jpg?resize=400%2C278&amp;ssl=1 400w\" sizes=\"auto, (max-width: 370px) 100vw, 370px\" \/><\/a><figcaption id=\"caption-attachment-49953\" class=\"wp-caption-text\">La v\u00edctima fue identificada como Alejandro Cort\u00e9s Cort\u00e9s, de 31 a\u00f1os, quien la tarde de este viernes muriera electrocutado en el patio de su casa.<\/figcaption><\/figure>\n<p><strong>PUTAENDO<\/strong>.- La Brigada de Homicidios de la PDI realiza diversas diligencias y peritajes para establecer causas en que vecino del sector de Tabolango en Putaendo, identificado como Alejandro Cort\u00e9s Cort\u00e9s, de 31 a\u00f1os, falleciera la tarde de este viernes luego que resultara electrocutado cuando tend\u00eda ropa en el patio de su casa. La versi\u00f3n de familiares y vecinos de Tabolango indican que el accidente habr\u00eda ocurrido a las 13:00 horas aproximadamente, en circunstancias que Alejandro Cort\u00e9s ayudaba a su madre a tender ropa en el patio de su vivienda, sufriendo aparentemente una fuerte descarga el\u00e9ctrica al tomar el cable usado como tendedero.<\/p>\n<p>En estado de extrema gravedad Alejandro Cort\u00e9s fue trasladado por el Samu hasta el servicio de urgencia del Hospital San Camilo en San Felipe, donde lleg\u00f3 sin signos vitales, constatando en ese recinto asistencial su deceso, aparentemente producto de un paro cardio-respiratorio.<\/p>\n<p>Una vez que se comunic\u00f3 el deceso al fiscal de turno y las circunstancias en que se hab\u00eda registrado, se orden\u00f3 el traslado del cad\u00e1ver hasta el Servicio M\u00e9dico Legal y se instruy\u00f3 a la Brigada de Homicidios de la PDI establecer las causas basales de la muerte de Cort\u00e9s. En ese marco personal de la BH se constituy\u00f3 en las dependencias del Servicio M\u00e9dico Legal de San Felipe para un examen preliminar del cad\u00e1ver y posteriormente los efectivos se dirigieron al domicilio en Tabolango donde ocurrieron los hechos.<\/p>\n<p>El jefe de la Brigada de Homicidios, Subcomisario Carlos Alegr\u00eda, precis\u00f3 que todo indica que la v\u00edctima sufri\u00f3 una descarga el\u00e9ctrica; \u201cproducto de lo observado en el sitio del deceso y peritajes externos, todo indica que este hombre habr\u00eda sufrido una descarga el\u00e9ctrica en momentos que tend\u00eda ropa en el patio del inmueble. Por lo tanto todas las diligencias que estamos realizando van dirigidas y tendientes a establecer c\u00f3mo habr\u00eda ocurrido este hecho\u201d.<\/p>\n<p>Con ese objetivo personal de la Brigada de Homicidios despu\u00e9s de hacer distintos peritajes en la vivienda donde ocurrieron los hechos, determin\u00f3 aislar y prohibir el ingreso al inmueble para solicitar la presencia del Laboratorio de Criminal\u00edstica de la PDI de Santiago; \u201cel domicilio qued\u00f3 aislado para no alterar el sitio del suceso en espera de la llegada de personal especializado quienes har\u00e1n los peritajes respectivos para poder determinar c\u00f3mo ocurrieron los hechos\u201d.<\/p>\n<p><strong>&#8211; \u00bfDeterminaron si el cable donde tend\u00eda ropa estaba electrificado?<\/strong><\/p>\n<p>&#8211; \u201cEfectivamente, el tendedero es un cable met\u00e1lico, y tras las primeras diligencias evaluativas se determin\u00f3 que este re\u00fane las condiciones como conductor el\u00e9ctrico, pero hay que ubicar el lugar exacto donde se habr\u00eda generado la descarga o el lugar exacto donde se energiza este conductor. Con ese objetivo se pidi\u00f3 la presencia del Laboratorio de Criminal\u00edstica que tiene expertos en la materia\u201d.<\/p>\n<p>El oficial jefe de la BH, sostuvo que Alejandro Cort\u00e9s ingres\u00f3 pr\u00e1cticamente sin vida al Hospital San Camilo; \u201csin signos vitales, por lo que creemos que este sufri\u00f3 un paro cardio-respiratorio despu\u00e9s de sufrir la descarga el\u00e9ctrica, lo que va a ratificar o rectificar la necropsia del m\u00e9dico legal\u201d.<\/p>\n<p>Patricio Gallardo M.<\/p>\n","protected":false},"excerpt":{"rendered":"<p>PUTAENDO.- La Brigada de Homicidios de la PDI realiza diversas diligencias y peritajes para establecer causas en que vecino del sector de Tabolango en Putaendo, identificado como Alejandro Cort\u00e9s Cort\u00e9s, de 31&#8230;<\/p>\n","protected":false},"author":482,"featured_media":49953,"comment_status":"open","ping_status":"closed","sticky":false,"template":"","format":"standard","meta":{"advanced_seo_description":"","jetpack_seo_html_title":"","jetpack_seo_noindex":false,"_jetpack_memberships_contains_paid_content":false,"footnotes":""},"categories":[21],"tags":[],"class_list":["post-49952","post","type-post","status-publish","format-standard","has-post-thumbnail","hentry","category-policial"],"jetpack_featured_media_url":"https:\/\/i0.wp.com\/eltrabajo.cl\/portal\/wp-content\/uploads\/2014\/08\/Muerto1.jpg?fit=529%2C368&ssl=1","jetpack_sharing_enabled":true,"jetpack_likes_enabled":true,"jetpack-related-posts":[],"_links":{"self":[{"href":"https:\/\/eltrabajo.cl\/portal\/wp-json\/wp\/v2\/posts\/49952","targetHints":{"allow":["GET"]}}],"collection":[{"href":"https:\/\/eltrabajo.cl\/portal\/wp-json\/wp\/v2\/posts"}],"about":[{"href":"https:\/\/eltrabajo.cl\/portal\/wp-json\/wp\/v2\/types\/post"}],"author":[{"embeddable":true,"href":"https:\/\/eltrabajo.cl\/portal\/wp-json\/wp\/v2\/users\/482"}],"replies":[{"embeddable":true,"href":"https:\/\/eltrabajo.cl\/portal\/wp-json\/wp\/v2\/comments?post=49952"}],"version-history":[{"count":0,"href":"https:\/\/eltrabajo.cl\/portal\/wp-json\/wp\/v2\/posts\/49952\/revisions"}],"wp:featuredmedia":[{"embeddable":true,"href":"https:\/\/eltrabajo.cl\/portal\/wp-json\/wp\/v2\/media\/49953"}],"wp:attachment":[{"href":"https:\/\/eltrabajo.cl\/portal\/wp-json\/wp\/v2\/media?parent=49952"}],"wp:term":[{"taxonomy":"category","embeddable":true,"href":"https:\/\/eltrabajo.cl\/portal\/wp-json\/wp\/v2\/categories?post=49952"},{"taxonomy":"post_tag","embeddable":true,"href":"https:\/\/eltrabajo.cl\/portal\/wp-json\/wp\/v2\/tags?post=49952"}],"curies":[{"name":"wp","href":"https:\/\/api.w.org\/{rel}","templated":true}]}}