{"id":49975,"date":"2014-08-18T13:33:18","date_gmt":"2014-08-18T17:33:18","guid":{"rendered":"http:\/\/www.eltrabajo.cl\/portal\/?p=49975"},"modified":"2014-08-18T13:33:18","modified_gmt":"2014-08-18T17:33:18","slug":"choquerada-y-concierto-musical-en-los-corrales-del-chalaco","status":"publish","type":"post","link":"https:\/\/eltrabajo.cl\/portal\/choquerada-y-concierto-musical-en-los-corrales-del-chalaco\/","title":{"rendered":"Choquerada y concierto musical en los Corrales del Chalaco"},"content":{"rendered":"<figure id=\"attachment_49976\" aria-describedby=\"caption-attachment-49976\" style=\"width: 529px\" class=\"wp-caption alignnone\"><a href=\"https:\/\/i0.wp.com\/www.eltrabajo.cl\/portal\/wp-content\/uploads\/2014\/08\/Choquero2.jpg\"><img data-recalc-dims=\"1\" loading=\"lazy\" decoding=\"async\" class=\"size-full wp-image-49976\" alt=\"Un importante evento se realizar\u00e1 el pr\u00f3ximo s\u00e1bado 13 de septiembre al interior de los Corrales del Chalaco, con la finalidad de una vez m\u00e1s reflejar el apoyo ciudadano a la protecci\u00f3n de ese lugar. (Archivo)\" src=\"https:\/\/i0.wp.com\/www.eltrabajo.cl\/portal\/wp-content\/uploads\/2014\/08\/Choquero2.jpg?resize=529%2C394\" width=\"529\" height=\"394\" srcset=\"https:\/\/i0.wp.com\/eltrabajo.cl\/portal\/wp-content\/uploads\/2014\/08\/Choquero2.jpg?w=529&amp;ssl=1 529w, https:\/\/i0.wp.com\/eltrabajo.cl\/portal\/wp-content\/uploads\/2014\/08\/Choquero2.jpg?resize=200%2C148&amp;ssl=1 200w, https:\/\/i0.wp.com\/eltrabajo.cl\/portal\/wp-content\/uploads\/2014\/08\/Choquero2.jpg?resize=300%2C223&amp;ssl=1 300w, https:\/\/i0.wp.com\/eltrabajo.cl\/portal\/wp-content\/uploads\/2014\/08\/Choquero2.jpg?resize=150%2C111&amp;ssl=1 150w, https:\/\/i0.wp.com\/eltrabajo.cl\/portal\/wp-content\/uploads\/2014\/08\/Choquero2.jpg?resize=400%2C297&amp;ssl=1 400w\" sizes=\"auto, (max-width: 529px) 100vw, 529px\" \/><\/a><figcaption id=\"caption-attachment-49976\" class=\"wp-caption-text\">Un importante evento se realizar\u00e1 el pr\u00f3ximo s\u00e1bado 13 de septiembre al interior de los Corrales del Chalaco, con la finalidad de una vez m\u00e1s reflejar el apoyo ciudadano a la protecci\u00f3n de ese lugar. (Archivo)<\/figcaption><\/figure>\n<p><strong>PUTAENDO.<\/strong>&#8211; Un importante evento se realizar\u00e1 el s\u00e1bado 13 de septiembre al interior de los Corrales del Chalaco, con la finalidad de una vez m\u00e1s reflejar el apoyo ciudadano a la protecci\u00f3n de ese lugar, m\u00e1s a\u00fan cuando ser\u00e1n postulados como monumento nacional. La actividad consistir\u00e1 en una gran choquerada al aire libre y la presentaci\u00f3n de destacados grupos de m\u00fasica latinoamericana, como la Orquesta de Instrumentos Andinos de Putaendo; Grupo Ensamble Latinoamericano y otros por confirmar, al igual que la presentaci\u00f3n de destacados payadores y artistas del Valle del Aconcagua.<\/p>\n<p>Este importante evento es organizado por el Frente de Protecci\u00f3n del Patrimonio que se encuentra trabajando de lleno en la realizaci\u00f3n de este evento, para lo cual ya se han realizado las coordinaciones con el Inspector Fiscal Mario Rosales, con quien se reunir\u00e1n en los pr\u00f3ximos d\u00edas para afinar los detalles de este evento art\u00edstico-cultural que tendr\u00e1 un significado muy especial, pues despu\u00e9s de dos a\u00f1os se realizar\u00e1 en los mismos Corrales del Chalaco.<\/p>\n<p>A esta iniciativa se ha sumado la Municipalidad de Putaendo, donde ya el Alcalde Guillermo Reyes calific\u00f3 el hecho como una importante y excelente iniciativa. Tambi\u00e9n el Gobernador Eduardo Le\u00f3n comprometi\u00f3 su apoyo a este evento, mientras que el Intendente Ricardo Bravo ha mostrado su entusiasmo al enterarse de la actividad, por lo que es muy probable que tambi\u00e9n asista al evento.<\/p>\n<p>En la organizaci\u00f3n y producci\u00f3n de este evento se trabaja arduamente, por lo que el Frente de Protecci\u00f3n del Patrimonio invita a toda la comunidad a prepararse para este gran evento al interior de los Corrales del Chalaco y a todas aquellas personas que deseen cooperar como voluntarios para apoyar este evento pueden comunicarse al correo patrimonioputaendo@ gmail.com.<\/p>\n<p>Los detalles de todos los artistas participantes, as\u00ed como de la locomoci\u00f3n y la hora de inicio de la actividad ser\u00e1n dados a conocer a trav\u00e9s de Putaendo Informa en conjunto con Radio FM Vida una vez que finalicen las gestiones.<\/p>\n<p>Patricio Gallardo M.<\/p>\n<p>&nbsp;<\/p>\n","protected":false},"excerpt":{"rendered":"<p>PUTAENDO.&#8211; Un importante evento se realizar\u00e1 el s\u00e1bado 13 de septiembre al interior de los Corrales del Chalaco, con la finalidad de una vez m\u00e1s reflejar el apoyo ciudadano a la protecci\u00f3n&#8230;<\/p>\n","protected":false},"author":482,"featured_media":49976,"comment_status":"open","ping_status":"closed","sticky":false,"template":"","format":"standard","meta":{"advanced_seo_description":"","jetpack_seo_html_title":"","jetpack_seo_noindex":false,"_jetpack_memberships_contains_paid_content":false,"footnotes":""},"categories":[15],"tags":[],"class_list":["post-49975","post","type-post","status-publish","format-standard","has-post-thumbnail","hentry","category-comunidad"],"jetpack_featured_media_url":"https:\/\/i0.wp.com\/eltrabajo.cl\/portal\/wp-content\/uploads\/2014\/08\/Choquero2.jpg?fit=529%2C394&ssl=1","jetpack_sharing_enabled":true,"jetpack_likes_enabled":true,"jetpack-related-posts":[],"_links":{"self":[{"href":"https:\/\/eltrabajo.cl\/portal\/wp-json\/wp\/v2\/posts\/49975","targetHints":{"allow":["GET"]}}],"collection":[{"href":"https:\/\/eltrabajo.cl\/portal\/wp-json\/wp\/v2\/posts"}],"about":[{"href":"https:\/\/eltrabajo.cl\/portal\/wp-json\/wp\/v2\/types\/post"}],"author":[{"embeddable":true,"href":"https:\/\/eltrabajo.cl\/portal\/wp-json\/wp\/v2\/users\/482"}],"replies":[{"embeddable":true,"href":"https:\/\/eltrabajo.cl\/portal\/wp-json\/wp\/v2\/comments?post=49975"}],"version-history":[{"count":0,"href":"https:\/\/eltrabajo.cl\/portal\/wp-json\/wp\/v2\/posts\/49975\/revisions"}],"wp:featuredmedia":[{"embeddable":true,"href":"https:\/\/eltrabajo.cl\/portal\/wp-json\/wp\/v2\/media\/49976"}],"wp:attachment":[{"href":"https:\/\/eltrabajo.cl\/portal\/wp-json\/wp\/v2\/media?parent=49975"}],"wp:term":[{"taxonomy":"category","embeddable":true,"href":"https:\/\/eltrabajo.cl\/portal\/wp-json\/wp\/v2\/categories?post=49975"},{"taxonomy":"post_tag","embeddable":true,"href":"https:\/\/eltrabajo.cl\/portal\/wp-json\/wp\/v2\/tags?post=49975"}],"curies":[{"name":"wp","href":"https:\/\/api.w.org\/{rel}","templated":true}]}}