{"id":49978,"date":"2014-08-18T13:34:34","date_gmt":"2014-08-18T17:34:34","guid":{"rendered":"http:\/\/www.eltrabajo.cl\/portal\/?p=49978"},"modified":"2014-08-18T13:34:34","modified_gmt":"2014-08-18T17:34:34","slug":"desde-sus-sillas-de-ruedas-daran-pelea-en-torneo-internacional-de-rugby","status":"publish","type":"post","link":"https:\/\/eltrabajo.cl\/portal\/desde-sus-sillas-de-ruedas-daran-pelea-en-torneo-internacional-de-rugby\/","title":{"rendered":"Desde sus sillas de ruedas dar\u00e1n pelea en torneo internacional de rugby"},"content":{"rendered":"<figure id=\"attachment_49979\" aria-describedby=\"caption-attachment-49979\" style=\"width: 529px\" class=\"wp-caption alignnone\"><a href=\"https:\/\/i0.wp.com\/www.eltrabajo.cl\/portal\/wp-content\/uploads\/2014\/08\/Diferentes1.jpg\"><img data-recalc-dims=\"1\" loading=\"lazy\" decoding=\"async\" class=\"size-full wp-image-49979\" alt=\"YA METEN MIEDO.- Cristofer Flores Gald\u00e1mez y Alexis Barrera Jara, ambos vecinos de Calle Larga, son dos de los deportistas que integran la Selecci\u00f3n Nacional de Rugby.\" src=\"https:\/\/i0.wp.com\/www.eltrabajo.cl\/portal\/wp-content\/uploads\/2014\/08\/Diferentes1.jpg?resize=529%2C376\" width=\"529\" height=\"376\" srcset=\"https:\/\/i0.wp.com\/eltrabajo.cl\/portal\/wp-content\/uploads\/2014\/08\/Diferentes1.jpg?w=529&amp;ssl=1 529w, https:\/\/i0.wp.com\/eltrabajo.cl\/portal\/wp-content\/uploads\/2014\/08\/Diferentes1.jpg?resize=200%2C142&amp;ssl=1 200w, https:\/\/i0.wp.com\/eltrabajo.cl\/portal\/wp-content\/uploads\/2014\/08\/Diferentes1.jpg?resize=300%2C213&amp;ssl=1 300w, https:\/\/i0.wp.com\/eltrabajo.cl\/portal\/wp-content\/uploads\/2014\/08\/Diferentes1.jpg?resize=150%2C106&amp;ssl=1 150w, https:\/\/i0.wp.com\/eltrabajo.cl\/portal\/wp-content\/uploads\/2014\/08\/Diferentes1.jpg?resize=400%2C284&amp;ssl=1 400w\" sizes=\"auto, (max-width: 529px) 100vw, 529px\" \/><\/a><figcaption id=\"caption-attachment-49979\" class=\"wp-caption-text\">YA METEN MIEDO.- Cristofer Flores Gald\u00e1mez y Alexis Barrera Jara, ambos vecinos de Calle Larga, son dos de los deportistas que integran la Selecci\u00f3n Nacional de Rugby.<\/figcaption><\/figure>\n<p><strong>CALLE LARGA.-<\/strong> Con tan s\u00f3lo dos a\u00f1os de pr\u00e1ctica en nuestro pa\u00eds, el Quad Rugby o rugby en silla de ruedas, es un deporte que ha tenido un destacado crecimiento en Chile. Obteniendo positivos resultados en torneos disputados en Argentina y Colombia, la Selecci\u00f3n Nacional de Quad Rugby, por estos d\u00edas se prepara para participar en el Campeonato Suramericano de Brasil, el 23 de agosto, que es clasificatorio para los Para-panamericanos de Canad\u00e1.<\/p>\n<p>Cristofer Flores Gald\u00e1mez y Alexis Barrera Jara, ambos vecinos de Calle Larga, son dos de los deportistas que integran la Selecci\u00f3n Nacional de Rugby. Si bien ambos j\u00f3venes practican este deporte hace tan s\u00f3lo ocho meses, el buen desempe\u00f1o que han tenido les permiti\u00f3 ser parte de esta selecci\u00f3n nacional, raz\u00f3n por la que actualmente deben viajar por lo menos dos veces a la semana a entrenar a la comuna de El Bosque.<\/p>\n<p><strong>DAR\u00c1N TRANSPORTE<\/strong><\/p>\n<p>Debido al esfuerzo que les significa a ambos j\u00f3venes viajar con frecuencia a la capital, la Municipalidad de Calle Larga se comprometi\u00f3 a apoyarlos con el traslado al lugar de entrenamiento en un bus del Cesfam de la comuna, el cual est\u00e1 equipado para que las personas con capacidades diferentes viajen con total comodidad.<\/p>\n<p>\u00abEstamos s\u00faper contentos con poder representar al pa\u00eds en un campeonato en el que participar\u00e1n otros pa\u00edses. Adem\u00e1s estamos s\u00faper felices porque si bien en un principio tuvimos que viajar por nuestros propios medios a El Bosque, ahora con el apoyo que nos est\u00e1 entregando la Municipalidad de Calle Larga nuestros entrenamientos se hacen mucho m\u00e1s f\u00e1ciles\u00bb, sostuvo Cristofer Flores.<\/p>\n<p>Tambi\u00e9n Alexis Barrera destac\u00f3 el apoyo entregado por el municipio al desarrollo de este deporte.<\/p>\n<p>\u00abEstamos s\u00faper contentos con representar a Chile en Brasil, esta es una s\u00faper buena oportunidad que se nos da en la vida y que tenemos que aprovechar no m\u00e1s. Nuestros entrenamientos que son dos veces a la semana y que duran como cinco horas son bien duros y por eso obviamente la ayuda que nos est\u00e1 dando la Municipalidad con el traslado nos ayuda much\u00edsimo, as\u00ed que estamos m\u00e1s que contentos\u00bb, agreg\u00f3 Alexis Barrera.<\/p>\n<p>Sobre el apoyo entregado a los j\u00f3venes rugbistas, el Alcalde Nelson Venegas destac\u00f3 el compromiso y esfuerzo entregado por los deportistas.<\/p>\n<p>\u00abLa ayuda que les estamos entregando a estos dos j\u00f3venes, es una responsabilidad que tiene el municipio con ellos. Que dos j\u00f3venes de nuestra comuna est\u00e9n participando en una selecci\u00f3n nacional nos enorgullece much\u00edsimo. A ellos los vamos a seguir apoyando ya que no s\u00f3lo estamos comprometidos con el deporte, sino que tambi\u00e9n con la integraci\u00f3n\u00bb\u00bb, sostuvo Venegas.<\/p>\n<p>&nbsp;<\/p>\n","protected":false},"excerpt":{"rendered":"<p>CALLE LARGA.- Con tan s\u00f3lo dos a\u00f1os de pr\u00e1ctica en nuestro pa\u00eds, el Quad Rugby o rugby en silla de ruedas, es un deporte que ha tenido un destacado crecimiento en Chile&#8230;.<\/p>\n","protected":false},"author":482,"featured_media":49979,"comment_status":"open","ping_status":"closed","sticky":false,"template":"","format":"standard","meta":{"advanced_seo_description":"","jetpack_seo_html_title":"","jetpack_seo_noindex":false,"_jetpack_memberships_contains_paid_content":false,"footnotes":""},"categories":[15],"tags":[],"class_list":["post-49978","post","type-post","status-publish","format-standard","has-post-thumbnail","hentry","category-comunidad"],"jetpack_featured_media_url":"https:\/\/i0.wp.com\/eltrabajo.cl\/portal\/wp-content\/uploads\/2014\/08\/Diferentes1.jpg?fit=529%2C376&ssl=1","jetpack_sharing_enabled":true,"jetpack_likes_enabled":true,"jetpack-related-posts":[],"_links":{"self":[{"href":"https:\/\/eltrabajo.cl\/portal\/wp-json\/wp\/v2\/posts\/49978","targetHints":{"allow":["GET"]}}],"collection":[{"href":"https:\/\/eltrabajo.cl\/portal\/wp-json\/wp\/v2\/posts"}],"about":[{"href":"https:\/\/eltrabajo.cl\/portal\/wp-json\/wp\/v2\/types\/post"}],"author":[{"embeddable":true,"href":"https:\/\/eltrabajo.cl\/portal\/wp-json\/wp\/v2\/users\/482"}],"replies":[{"embeddable":true,"href":"https:\/\/eltrabajo.cl\/portal\/wp-json\/wp\/v2\/comments?post=49978"}],"version-history":[{"count":0,"href":"https:\/\/eltrabajo.cl\/portal\/wp-json\/wp\/v2\/posts\/49978\/revisions"}],"wp:featuredmedia":[{"embeddable":true,"href":"https:\/\/eltrabajo.cl\/portal\/wp-json\/wp\/v2\/media\/49979"}],"wp:attachment":[{"href":"https:\/\/eltrabajo.cl\/portal\/wp-json\/wp\/v2\/media?parent=49978"}],"wp:term":[{"taxonomy":"category","embeddable":true,"href":"https:\/\/eltrabajo.cl\/portal\/wp-json\/wp\/v2\/categories?post=49978"},{"taxonomy":"post_tag","embeddable":true,"href":"https:\/\/eltrabajo.cl\/portal\/wp-json\/wp\/v2\/tags?post=49978"}],"curies":[{"name":"wp","href":"https:\/\/api.w.org\/{rel}","templated":true}]}}