{"id":49988,"date":"2014-08-18T13:43:09","date_gmt":"2014-08-18T17:43:09","guid":{"rendered":"http:\/\/www.eltrabajo.cl\/portal\/?p=49988"},"modified":"2014-08-18T13:43:09","modified_gmt":"2014-08-18T17:43:09","slug":"crearon-la-asociacion-de-comerciantes-ambulantes-de-san-felipe","status":"publish","type":"post","link":"https:\/\/eltrabajo.cl\/portal\/crearon-la-asociacion-de-comerciantes-ambulantes-de-san-felipe\/","title":{"rendered":"Crearon la Asociaci\u00f3n de Comerciantes Ambulantes de San Felipe"},"content":{"rendered":"<figure id=\"attachment_49989\" aria-describedby=\"caption-attachment-49989\" style=\"width: 529px\" class=\"wp-caption alignnone\"><a href=\"https:\/\/i0.wp.com\/www.eltrabajo.cl\/portal\/wp-content\/uploads\/2014\/08\/Feriantes1.jpg\"><img data-recalc-dims=\"1\" loading=\"lazy\" decoding=\"async\" class=\"size-full wp-image-49989\" alt=\"COMERCIANTES ALEGRES.- Estos comerciantes sanfelipe\u00f1os celebran la obtenci\u00f3n de la personalidad jur\u00eddica, la primera Asociaci\u00f3n de Comerciantes Ambulantes de San Felipe.\" src=\"https:\/\/i0.wp.com\/www.eltrabajo.cl\/portal\/wp-content\/uploads\/2014\/08\/Feriantes1.jpg?resize=529%2C357\" width=\"529\" height=\"357\" srcset=\"https:\/\/i0.wp.com\/eltrabajo.cl\/portal\/wp-content\/uploads\/2014\/08\/Feriantes1.jpg?w=529&amp;ssl=1 529w, https:\/\/i0.wp.com\/eltrabajo.cl\/portal\/wp-content\/uploads\/2014\/08\/Feriantes1.jpg?resize=200%2C134&amp;ssl=1 200w, https:\/\/i0.wp.com\/eltrabajo.cl\/portal\/wp-content\/uploads\/2014\/08\/Feriantes1.jpg?resize=300%2C202&amp;ssl=1 300w, https:\/\/i0.wp.com\/eltrabajo.cl\/portal\/wp-content\/uploads\/2014\/08\/Feriantes1.jpg?resize=150%2C101&amp;ssl=1 150w, https:\/\/i0.wp.com\/eltrabajo.cl\/portal\/wp-content\/uploads\/2014\/08\/Feriantes1.jpg?resize=400%2C269&amp;ssl=1 400w\" sizes=\"auto, (max-width: 529px) 100vw, 529px\" \/><\/a><figcaption id=\"caption-attachment-49989\" class=\"wp-caption-text\">COMERCIANTES ALEGRES.- Estos comerciantes sanfelipe\u00f1os celebran la obtenci\u00f3n de la personalidad jur\u00eddica, la primera Asociaci\u00f3n de Comerciantes Ambulantes de San Felipe.<\/figcaption><\/figure>\n<p>Una gran cantidad de comerciantes ambulantes y de Feria de Las pulgas, se reunieron el d\u00eda mi\u00e9rcoles en el frontis de la Municipalidad de San Felipe, con el fin de presentar y dar curso al tr\u00e1mite de legalidad por parte del secretario municipal para la obtenci\u00f3n de la personalidad jur\u00eddica y posterior inscripci\u00f3n en Registro Civil de la primera Asociaci\u00f3n de Comerciantes Ambulantes de San Felipe.<\/p>\n<p>Jos\u00e9 Collao Vargas, presidente de esta organizaci\u00f3n, se\u00f1alo que \u00abel d\u00eda 12 de agosto del 2014 en la ciudad de San Felipe, en un p\u00fablico local se constituy\u00f3 la primera Asociaci\u00f3n de Comerciantes de Ambulantes, con actuaci\u00f3n del notario como Ministro de fe y despu\u00e9s de una asamblea ampliada, se dio por constituida la asociaci\u00f3n, \u00abtenemos como fin poder organizar y representar a todos los comerciantes ambulantes de la ciudad San Felipe en las diferentes instancias que sus asociados tengan con las autoridades\u00bb, coment\u00f3 Collao.<\/p>\n<p>Siempre apoyados y asesorados por Rodrigo Gorigoitia, conocido actor social, dirigente sindical y ex-candidato independiente en pro del Valle Aconcagua, quien se\u00f1alo que \u00abes importante que los comerciantes, trabajadores y pobladores se agrupen no tan s\u00f3lo para jugar un partido de futbol o para escuchar un recital, sino tambi\u00e9n para ser parte de las fuerzas vivas de la comunidad que los rodea y ser parte esencial de las pol\u00edticas p\u00fablicas tanto locales, regionales y nacionales que les afectan\u00bb.<\/p>\n<p><strong>LA ENTREVISTA<\/strong><\/p>\n<p>Diario El Trabajo habl\u00f3 con Jos\u00e9 Collao sobre este nuevo proyecto.<\/p>\n<p><strong>&#8211; \u00bfQu\u00e9 los motiv\u00f3 a llevar adelante la constituci\u00f3n de esta asociaci\u00f3n?<\/strong><\/p>\n<p>&#8211; \u00abLa iniciativa parte en poder organizar, proteger y llevar delante de forma clara, organizada y en conjunto con las autoridades, como fuerza viva de la ciudad nuestros puestos laborales y actividades econ\u00f3micas que muchos realizamos hace bastantes a\u00f1os en la comuna, y tal como lo se\u00f1al\u00f3 el Sr. Alcalde, el reciente 3 de agosto en al desfile en su discurso, \u2018San Felipe es y ser\u00e1 siempre la ciudad de todos y para todos\u2019\u00bb.<\/p>\n<p><strong>&#8211; \u00bfPiensan entablar propuestas al municipio?<\/strong><\/p>\n<p>&#8211; \u00abAdem\u00e1s de presentar para el tr\u00e1mite legal tal como lo entabla la Ley 20.500 por parte del secretario, esta directiva se logr\u00f3 contactar con el administrador municipal para la solicitud de una audiencia con el Sr. Alcalde Patricio Freire, donde traeremos las diferentes propuestas para tratar de llevar adelante en conjunto con la asociaci\u00f3n, municipalidad y el Estado, como lo son: una organizaci\u00f3n clara dentro del damero central, para ejercer nuestras actividades, como tambi\u00e9n traeremos la propuesta de llevar adelante una nueva feria publica en alg\u00fan sector de San Felipe. En cuanto a la audiencia, el administrador nos dej\u00f3 citados para una audiencia con el alcalde Sr. Patricio Freire, para el pr\u00f3ximo jueves 20 de agosto por la ma\u00f1ana, a la cual asistir\u00e1 la directiva de la asociaci\u00f3n\u00bb<\/p>\n<p><strong>&#8211; \u00bfOrdenanza dentro del Gamero central?<\/strong><\/p>\n<p>&#8211; \u00abClaro, puesto que tenemos plena convicci\u00f3n que nuestra ciudad debe avanzar en ordenamiento urbano y estamos abiertos a las propuestas de entablar en conjunto con el municipio mesas t\u00e9cnicas para las mejoras sustentables y organizadas\u00bb.<\/p>\n<p><strong>&#8211; \u00bfUna nueva feria para San Felipe?<\/strong><\/p>\n<p>&#8211; \u00abSi, creemos que la ciudad ha crecido bastante en habitantes y las necesidades de las personas tambi\u00e9n en poder obtener productos a precios totalmente accesibles, es imposible que muchos de los habitantes de la ciudad se vean limitados a la obtenci\u00f3n de productos agr\u00edcolas, bazar y otros a precios accesibles, ya sea por la falta de locomoci\u00f3n, tiempo y lo lejano que queda atravesar de un extremo a otro la ciudad en d\u00eda domingo, justo cuando todos nos preparamos para empezar una nueva semana laboral y s\u00f3lo queremos descansar\u00bb.<\/p>\n<p>Jos\u00e9 Collao Vargas hizo tambi\u00e9n un llamado al resto de comerciantes ambulantes a unirse a esta organizaci\u00f3n, porque s\u00f3lo la uni\u00f3n de las personas hace posible el emprendimiento, estamos citando a una reuni\u00f3n ampliada para el pr\u00f3ximo viernes 22 agosto del 2014, a las 16.30 en el sal\u00f3n del Restaurante Manuel Rodr\u00edguez, ubicado en Coimas de San Felipe, donde todos son bienvenidos.<\/p>\n<div class=\"tiled-gallery type-rectangular tiled-gallery-unresized\" data-original-width=\"640\" data-carousel-extra='null' itemscope itemtype=\"http:\/\/schema.org\/ImageGallery\" > <div class=\"gallery-row\" style=\"width: 640px; height: 347px;\" data-original-width=\"640\" data-original-height=\"347\" > <div class=\"gallery-group images-1\" style=\"width: 304px; height: 347px;\" data-original-width=\"304\" data-original-height=\"347\" > <div class=\"tiled-gallery-item tiled-gallery-item-large\" itemprop=\"associatedMedia\" itemscope itemtype=\"http:\/\/schema.org\/ImageObject\"> <a href=\"https:\/\/eltrabajo.cl\/portal\/crearon-la-asociacion-de-comerciantes-ambulantes-de-san-felipe\/jose-collao\/\" border=\"0\" itemprop=\"url\"> <meta itemprop=\"width\" content=\"300\"> <meta itemprop=\"height\" content=\"343\"> <img decoding=\"async\" class=\"\" data-attachment-id=\"49990\" data-orig-file=\"https:\/\/eltrabajo.cl\/portal\/wp-content\/uploads\/2014\/08\/Jose-Collao.jpg\" data-orig-size=\"529,604\" data-comments-opened=\"1\" data-image-meta=\"{&quot;aperture&quot;:&quot;0&quot;,&quot;credit&quot;:&quot;&quot;,&quot;camera&quot;:&quot;&quot;,&quot;caption&quot;:&quot;&quot;,&quot;created_timestamp&quot;:&quot;0&quot;,&quot;copyright&quot;:&quot;&quot;,&quot;focal_length&quot;:&quot;0&quot;,&quot;iso&quot;:&quot;0&quot;,&quot;shutter_speed&quot;:&quot;0&quot;,&quot;title&quot;:&quot;&quot;}\" data-image-title=\"Jose Collao\" data-image-description=\"&lt;p&gt;Jos\u00e9 Collao Vargas, presidente de la Asociaci\u00f3n de Comerciantes Ambulantes de San Felipe.&lt;\/p&gt; \" data-medium-file=\"https:\/\/i0.wp.com\/eltrabajo.cl\/portal\/wp-content\/uploads\/2014\/08\/Jose-Collao.jpg?fit=262%2C300&#038;ssl=1\" data-large-file=\"https:\/\/i0.wp.com\/eltrabajo.cl\/portal\/wp-content\/uploads\/2014\/08\/Jose-Collao.jpg?fit=529%2C604&#038;ssl=1\" src=\"https:\/\/i0.wp.com\/eltrabajo.cl\/portal\/wp-content\/uploads\/2014\/08\/Jose-Collao.jpg?w=300&#038;h=343&#038;ssl=1\" srcset=\"https:\/\/i0.wp.com\/eltrabajo.cl\/portal\/wp-content\/uploads\/2014\/08\/Jose-Collao.jpg?w=529&amp;ssl=1 529w, https:\/\/i0.wp.com\/eltrabajo.cl\/portal\/wp-content\/uploads\/2014\/08\/Jose-Collao.jpg?resize=131%2C150&amp;ssl=1 131w, https:\/\/i0.wp.com\/eltrabajo.cl\/portal\/wp-content\/uploads\/2014\/08\/Jose-Collao.jpg?resize=262%2C300&amp;ssl=1 262w, https:\/\/i0.wp.com\/eltrabajo.cl\/portal\/wp-content\/uploads\/2014\/08\/Jose-Collao.jpg?resize=400%2C456&amp;ssl=1 400w\" width=\"300\" height=\"343\" loading=\"lazy\" data-original-width=\"300\" data-original-height=\"343\" itemprop=\"http:\/\/schema.org\/image\" title=\"Jose Collao\" alt=\"Jos\u00e9 Collao Vargas, presidente de la Asociaci\u00f3n de Comerciantes Ambulantes de San Felipe.\" style=\"width: 300px; height: 343px;\" \/> <\/a> <div class=\"tiled-gallery-caption\" itemprop=\"caption description\"> Jos\u00e9 Collao Vargas, presidente de la Asociaci\u00f3n de Comerciantes Ambulantes de San Felipe. <\/div> <\/div> <\/div> <!-- close group --> <div class=\"gallery-group images-1\" style=\"width: 336px; height: 347px;\" data-original-width=\"336\" data-original-height=\"347\" > <div class=\"tiled-gallery-item tiled-gallery-item-large\" itemprop=\"associatedMedia\" itemscope itemtype=\"http:\/\/schema.org\/ImageObject\"> <a href=\"https:\/\/eltrabajo.cl\/portal\/crearon-la-asociacion-de-comerciantes-ambulantes-de-san-felipe\/rodrigo-gorigoitia-2\/\" border=\"0\" itemprop=\"url\"> <meta itemprop=\"width\" content=\"332\"> <meta itemprop=\"height\" content=\"343\"> <img decoding=\"async\" class=\"\" data-attachment-id=\"49991\" data-orig-file=\"https:\/\/eltrabajo.cl\/portal\/wp-content\/uploads\/2014\/08\/Rodrigo-Gorigoitia.jpg\" data-orig-size=\"529,547\" data-comments-opened=\"1\" data-image-meta=\"{&quot;aperture&quot;:&quot;0&quot;,&quot;credit&quot;:&quot;&quot;,&quot;camera&quot;:&quot;&quot;,&quot;caption&quot;:&quot;&quot;,&quot;created_timestamp&quot;:&quot;0&quot;,&quot;copyright&quot;:&quot;&quot;,&quot;focal_length&quot;:&quot;0&quot;,&quot;iso&quot;:&quot;0&quot;,&quot;shutter_speed&quot;:&quot;0&quot;,&quot;title&quot;:&quot;&quot;}\" data-image-title=\"Rodrigo Gorigoitia\" data-image-description=\"&lt;p&gt;Rodrigo Gorigoitia, conocido actor social y dirigente sindical que ha estado asesorando a los comerciantes.&lt;\/p&gt; \" data-medium-file=\"https:\/\/i0.wp.com\/eltrabajo.cl\/portal\/wp-content\/uploads\/2014\/08\/Rodrigo-Gorigoitia.jpg?fit=290%2C300&#038;ssl=1\" data-large-file=\"https:\/\/i0.wp.com\/eltrabajo.cl\/portal\/wp-content\/uploads\/2014\/08\/Rodrigo-Gorigoitia.jpg?fit=529%2C547&#038;ssl=1\" src=\"https:\/\/i0.wp.com\/eltrabajo.cl\/portal\/wp-content\/uploads\/2014\/08\/Rodrigo-Gorigoitia.jpg?w=332&#038;h=343&#038;ssl=1\" srcset=\"https:\/\/i0.wp.com\/eltrabajo.cl\/portal\/wp-content\/uploads\/2014\/08\/Rodrigo-Gorigoitia.jpg?w=529&amp;ssl=1 529w, https:\/\/i0.wp.com\/eltrabajo.cl\/portal\/wp-content\/uploads\/2014\/08\/Rodrigo-Gorigoitia.jpg?resize=145%2C150&amp;ssl=1 145w, https:\/\/i0.wp.com\/eltrabajo.cl\/portal\/wp-content\/uploads\/2014\/08\/Rodrigo-Gorigoitia.jpg?resize=290%2C300&amp;ssl=1 290w, https:\/\/i0.wp.com\/eltrabajo.cl\/portal\/wp-content\/uploads\/2014\/08\/Rodrigo-Gorigoitia.jpg?resize=400%2C413&amp;ssl=1 400w\" width=\"332\" height=\"343\" loading=\"lazy\" data-original-width=\"332\" data-original-height=\"343\" itemprop=\"http:\/\/schema.org\/image\" title=\"Rodrigo Gorigoitia\" alt=\"Rodrigo Gorigoitia, conocido actor social y dirigente sindical que ha estado asesorando a los comerciantes.\" style=\"width: 332px; height: 343px;\" \/> <\/a> <div class=\"tiled-gallery-caption\" itemprop=\"caption description\"> Rodrigo Gorigoitia, conocido actor social y dirigente sindical que ha estado asesorando a los comerciantes. <\/div> <\/div> <\/div> <!-- close group --> <\/div> <!-- close row --> <\/div>\n<p>&nbsp;<\/p>\n","protected":false},"excerpt":{"rendered":"<p>Una gran cantidad de comerciantes ambulantes y de Feria de Las pulgas, se reunieron el d\u00eda mi\u00e9rcoles en el frontis de la Municipalidad de San Felipe, con el fin de presentar y&#8230;<\/p>\n","protected":false},"author":482,"featured_media":49989,"comment_status":"open","ping_status":"closed","sticky":false,"template":"","format":"standard","meta":{"advanced_seo_description":"","jetpack_seo_html_title":"","jetpack_seo_noindex":false,"_jetpack_memberships_contains_paid_content":false,"footnotes":""},"categories":[15],"tags":[],"class_list":["post-49988","post","type-post","status-publish","format-standard","has-post-thumbnail","hentry","category-comunidad"],"jetpack_featured_media_url":"https:\/\/i0.wp.com\/eltrabajo.cl\/portal\/wp-content\/uploads\/2014\/08\/Feriantes1.jpg?fit=529%2C357&ssl=1","jetpack_sharing_enabled":true,"jetpack_likes_enabled":true,"jetpack-related-posts":[],"_links":{"self":[{"href":"https:\/\/eltrabajo.cl\/portal\/wp-json\/wp\/v2\/posts\/49988","targetHints":{"allow":["GET"]}}],"collection":[{"href":"https:\/\/eltrabajo.cl\/portal\/wp-json\/wp\/v2\/posts"}],"about":[{"href":"https:\/\/eltrabajo.cl\/portal\/wp-json\/wp\/v2\/types\/post"}],"author":[{"embeddable":true,"href":"https:\/\/eltrabajo.cl\/portal\/wp-json\/wp\/v2\/users\/482"}],"replies":[{"embeddable":true,"href":"https:\/\/eltrabajo.cl\/portal\/wp-json\/wp\/v2\/comments?post=49988"}],"version-history":[{"count":0,"href":"https:\/\/eltrabajo.cl\/portal\/wp-json\/wp\/v2\/posts\/49988\/revisions"}],"wp:featuredmedia":[{"embeddable":true,"href":"https:\/\/eltrabajo.cl\/portal\/wp-json\/wp\/v2\/media\/49989"}],"wp:attachment":[{"href":"https:\/\/eltrabajo.cl\/portal\/wp-json\/wp\/v2\/media?parent=49988"}],"wp:term":[{"taxonomy":"category","embeddable":true,"href":"https:\/\/eltrabajo.cl\/portal\/wp-json\/wp\/v2\/categories?post=49988"},{"taxonomy":"post_tag","embeddable":true,"href":"https:\/\/eltrabajo.cl\/portal\/wp-json\/wp\/v2\/tags?post=49988"}],"curies":[{"name":"wp","href":"https:\/\/api.w.org\/{rel}","templated":true}]}}