{"id":50000,"date":"2014-08-18T13:46:26","date_gmt":"2014-08-18T17:46:26","guid":{"rendered":"http:\/\/www.eltrabajo.cl\/portal\/?p=50000"},"modified":"2014-08-18T13:46:26","modified_gmt":"2014-08-18T17:46:26","slug":"presentan-nueva-querella-por-muerte-de-alejandro-vergara","status":"publish","type":"post","link":"https:\/\/eltrabajo.cl\/portal\/presentan-nueva-querella-por-muerte-de-alejandro-vergara\/","title":{"rendered":"Presentan nueva querella por muerte de Alejandro Vergara"},"content":{"rendered":"<figure id=\"attachment_50001\" aria-describedby=\"caption-attachment-50001\" style=\"width: 370px\" class=\"wp-caption alignleft\"><a href=\"https:\/\/i0.wp.com\/www.eltrabajo.cl\/portal\/wp-content\/uploads\/2014\/08\/Querella11.jpg\"><img data-recalc-dims=\"1\" loading=\"lazy\" decoding=\"async\" class=\" wp-image-50001 \" alt=\"En horas de la tarde de este jueves fue presentada en el Tribunal Mixto de Putaendo una querella criminal por los delitos de Homicidio simple y Omisi\u00f3n impropia en contra de todos quienes resulten responsables del asesinato de Alejandro Vergara Lobos.\" src=\"https:\/\/i0.wp.com\/www.eltrabajo.cl\/portal\/wp-content\/uploads\/2014\/08\/Querella11.jpg?resize=370%2C265\" width=\"370\" height=\"265\" srcset=\"https:\/\/i0.wp.com\/eltrabajo.cl\/portal\/wp-content\/uploads\/2014\/08\/Querella11.jpg?w=528&amp;ssl=1 528w, https:\/\/i0.wp.com\/eltrabajo.cl\/portal\/wp-content\/uploads\/2014\/08\/Querella11.jpg?resize=200%2C143&amp;ssl=1 200w, https:\/\/i0.wp.com\/eltrabajo.cl\/portal\/wp-content\/uploads\/2014\/08\/Querella11.jpg?resize=300%2C215&amp;ssl=1 300w, https:\/\/i0.wp.com\/eltrabajo.cl\/portal\/wp-content\/uploads\/2014\/08\/Querella11.jpg?resize=150%2C107&amp;ssl=1 150w, https:\/\/i0.wp.com\/eltrabajo.cl\/portal\/wp-content\/uploads\/2014\/08\/Querella11.jpg?resize=400%2C287&amp;ssl=1 400w\" sizes=\"auto, (max-width: 370px) 100vw, 370px\" \/><\/a><figcaption id=\"caption-attachment-50001\" class=\"wp-caption-text\">En horas de la tarde de este jueves fue presentada en el Tribunal Mixto de Putaendo una querella criminal por los delitos de Homicidio simple y Omisi\u00f3n impropia en contra de todos quienes resulten responsables del asesinato de Alejandro Vergara Lobos.<\/figcaption><\/figure>\n<p><strong>PUTAENDO.<\/strong>&#8211; Tal como se hab\u00eda anunciado, en horas de la tarde de este jueves fue presentada en el Tribunal Mixto de Putaendo una querella criminal por los delitos de Homicidio simple y Omisi\u00f3n impropia en contra de todos quienes resulten responsables del asesinato de Alejandro Vergara Lobos. La acci\u00f3n judicial fue presentada por el Abogado penalista Jonathan Barraza en representaci\u00f3n de la se\u00f1ora Luc\u00eda Lobos Meza, madre de Alejandro Vergara.<\/p>\n<p>El Abogado Barraza sostuvo que esta querella va dirigida en contra de todos quienes resulten responsables en la muerte de Alejandro Vergara y que hayan tenido participaci\u00f3n en calidad de autores, c\u00f3mplices y encubridores, por lo que espera que el tribunal acoja a tramitaci\u00f3n esta querella y de curso a varias diligencias que se est\u00e1n solicitando, pues a su juicio existen antecedentes plausibles y concretos que evidencian que Alejandro Vergara fue asesinado intencionalmente la madrugada del 10 de octubre del a\u00f1o 2004.<\/p>\n<p>El profesional asegur\u00f3 que en esta querella tambi\u00e9n se solicitan diligencias en contra de una o m\u00e1s personas que incluso prestaron declaraci\u00f3n durante el proceso y que estar\u00edan actuando como encubridores y obstruyendo a la justicia en esta investigaci\u00f3n, adem\u00e1s de ratificar que en esta segunda querella, al igual que en la primera, solicitar\u00e1n que el cad\u00e1ver de Alejandro Vergara Lobos sea exhumado y periciado por el Servicio M\u00e9dico Legal de Santiago.<\/p>\n<p>Jonathan Barraza no quiso adelantar mayores detalles, pero indic\u00f3 que a medida que avance la investigaci\u00f3n ir\u00e1n apareciendo antecedentes, que por muchos a\u00f1os se han manejado s\u00f3lo como comentarios, por lo que asegur\u00f3 que han trabajado intensamente para demostrar la participaci\u00f3n de varios sujetos en la muerte de Alejandro Vergara Lobos.<\/p>\n<p>En tanto, la se\u00f1ora Luc\u00eda Lobos Meza, madre de Alejandro Vergara, no quiso referirse a esta nueva querella y solicit\u00f3 que la comunidad la entienda, pues como siempre lo ha afirmado, lo \u00fanico que busca es verdad y justicia, adem\u00e1s de tener la certeza de saber qu\u00e9 ocurri\u00f3 con su hijo aquella noche, pero de modo alguno tiene odio o rencor en su coraz\u00f3n hacia quienes pudiesen estar involucrados en este hecho.<\/p>\n<p>Patricio Gallardo M.<\/p>\n<p>&nbsp;<\/p>\n","protected":false},"excerpt":{"rendered":"<p>PUTAENDO.&#8211; Tal como se hab\u00eda anunciado, en horas de la tarde de este jueves fue presentada en el Tribunal Mixto de Putaendo una querella criminal por los delitos de Homicidio simple y&#8230;<\/p>\n","protected":false},"author":482,"featured_media":50001,"comment_status":"open","ping_status":"closed","sticky":false,"template":"","format":"standard","meta":{"advanced_seo_description":"","jetpack_seo_html_title":"","jetpack_seo_noindex":false,"_jetpack_memberships_contains_paid_content":false,"footnotes":""},"categories":[21],"tags":[],"class_list":["post-50000","post","type-post","status-publish","format-standard","has-post-thumbnail","hentry","category-policial"],"jetpack_featured_media_url":"https:\/\/i0.wp.com\/eltrabajo.cl\/portal\/wp-content\/uploads\/2014\/08\/Querella11.jpg?fit=528%2C379&ssl=1","jetpack_sharing_enabled":true,"jetpack_likes_enabled":true,"jetpack-related-posts":[],"_links":{"self":[{"href":"https:\/\/eltrabajo.cl\/portal\/wp-json\/wp\/v2\/posts\/50000","targetHints":{"allow":["GET"]}}],"collection":[{"href":"https:\/\/eltrabajo.cl\/portal\/wp-json\/wp\/v2\/posts"}],"about":[{"href":"https:\/\/eltrabajo.cl\/portal\/wp-json\/wp\/v2\/types\/post"}],"author":[{"embeddable":true,"href":"https:\/\/eltrabajo.cl\/portal\/wp-json\/wp\/v2\/users\/482"}],"replies":[{"embeddable":true,"href":"https:\/\/eltrabajo.cl\/portal\/wp-json\/wp\/v2\/comments?post=50000"}],"version-history":[{"count":0,"href":"https:\/\/eltrabajo.cl\/portal\/wp-json\/wp\/v2\/posts\/50000\/revisions"}],"wp:featuredmedia":[{"embeddable":true,"href":"https:\/\/eltrabajo.cl\/portal\/wp-json\/wp\/v2\/media\/50001"}],"wp:attachment":[{"href":"https:\/\/eltrabajo.cl\/portal\/wp-json\/wp\/v2\/media?parent=50000"}],"wp:term":[{"taxonomy":"category","embeddable":true,"href":"https:\/\/eltrabajo.cl\/portal\/wp-json\/wp\/v2\/categories?post=50000"},{"taxonomy":"post_tag","embeddable":true,"href":"https:\/\/eltrabajo.cl\/portal\/wp-json\/wp\/v2\/tags?post=50000"}],"curies":[{"name":"wp","href":"https:\/\/api.w.org\/{rel}","templated":true}]}}