{"id":50004,"date":"2014-08-18T13:52:35","date_gmt":"2014-08-18T17:52:35","guid":{"rendered":"http:\/\/www.eltrabajo.cl\/portal\/?p=50004"},"modified":"2014-08-18T13:52:35","modified_gmt":"2014-08-18T17:52:35","slug":"san-felipe-ya-tiene-representantes-para-regional-cueca-adulto-mayor","status":"publish","type":"post","link":"https:\/\/eltrabajo.cl\/portal\/san-felipe-ya-tiene-representantes-para-regional-cueca-adulto-mayor\/","title":{"rendered":"San Felipe ya tiene representantes para Regional Cueca Adulto Mayor"},"content":{"rendered":"<figure id=\"attachment_50005\" aria-describedby=\"caption-attachment-50005\" style=\"width: 529px\" class=\"wp-caption alignnone\"><a href=\"https:\/\/i0.wp.com\/www.eltrabajo.cl\/portal\/wp-content\/uploads\/2014\/08\/FOTO-3-Alcalde-Ruth-Garcia-Campeones-Comunales.jpg\"><img data-recalc-dims=\"1\" loading=\"lazy\" decoding=\"async\" class=\"size-full wp-image-50005\" alt=\"El Alcalde Patricio Freire y la integrante del Club de cueca Tierra querida, Ruth Garc\u00eda, junto a los campeones comunales de cueca categor\u00eda Adulto Mayor.\" src=\"https:\/\/i0.wp.com\/www.eltrabajo.cl\/portal\/wp-content\/uploads\/2014\/08\/FOTO-3-Alcalde-Ruth-Garcia-Campeones-Comunales.jpg?resize=529%2C358\" width=\"529\" height=\"358\" srcset=\"https:\/\/i0.wp.com\/eltrabajo.cl\/portal\/wp-content\/uploads\/2014\/08\/FOTO-3-Alcalde-Ruth-Garcia-Campeones-Comunales.jpg?w=529&amp;ssl=1 529w, https:\/\/i0.wp.com\/eltrabajo.cl\/portal\/wp-content\/uploads\/2014\/08\/FOTO-3-Alcalde-Ruth-Garcia-Campeones-Comunales.jpg?resize=200%2C135&amp;ssl=1 200w, https:\/\/i0.wp.com\/eltrabajo.cl\/portal\/wp-content\/uploads\/2014\/08\/FOTO-3-Alcalde-Ruth-Garcia-Campeones-Comunales.jpg?resize=300%2C203&amp;ssl=1 300w, https:\/\/i0.wp.com\/eltrabajo.cl\/portal\/wp-content\/uploads\/2014\/08\/FOTO-3-Alcalde-Ruth-Garcia-Campeones-Comunales.jpg?resize=150%2C101&amp;ssl=1 150w, https:\/\/i0.wp.com\/eltrabajo.cl\/portal\/wp-content\/uploads\/2014\/08\/FOTO-3-Alcalde-Ruth-Garcia-Campeones-Comunales.jpg?resize=400%2C270&amp;ssl=1 400w\" sizes=\"auto, (max-width: 529px) 100vw, 529px\" \/><\/a><figcaption id=\"caption-attachment-50005\" class=\"wp-caption-text\">El Alcalde Patricio Freire y la integrante del Club de cueca Tierra querida, Ruth Garc\u00eda, junto a los campeones comunales de cueca categor\u00eda Adulto Mayor.<\/figcaption><\/figure>\n<p>Alcalde Patricio Freire felicit\u00f3 a los ganadores del Campeonato Comunal de Cueca categor\u00eda Adulto Mayor, organizado por el Club Tierra querida y la Municipalidad de San Felipe.<\/p>\n<p>La pareja compuesta por Silvia Arancibia Ponce y Juan Bustos, se coron\u00f3 campeona comunal de cueca en la categor\u00eda Adulto Mayor, tras realizarse en la tarde del s\u00e1bado el torneo donde se defini\u00f3 la dupla que representar\u00e1 a San Felipe en la etapa regional. Ante un teatro municipal que se replet\u00f3 de p\u00fablico, se realiz\u00f3 el Campeonato Comunal organizado por el Club de cueca Tierra querida junto a la Municipalidad de San Felipe, actividad que fue encabezada por el Alcalde Patricio Freire y donde adem\u00e1s estuvieron presentes los campeones nacionales 2013, los sanfelipe\u00f1os Silvia Bustamante y Jorge Mardones.<\/p>\n<p><strong>SILVIAS GANADORAS<\/strong><\/p>\n<p>Fueron cuatro las parejas las que compitieron en esta oportunidad, mismas que bailaron dos pies de cueca, los que fueron interpretados por Grupo Las Colchag\u00fcinas. En la oportunidad, Silvia Arancibia expres\u00f3 su alegr\u00eda y profunda emoci\u00f3n por obtener el primer lugar en este campeonato comunal, explicando que espera que se mantenga la tradici\u00f3n de buen desempe\u00f1o de las sanfelipe\u00f1as de nombre Silvia. Esto, a prop\u00f3sito del cetro de campeonas nacionales a\u00f1o 2013, Silvia Bustamante y a\u00f1o 2002, Silvia Sep\u00falveda.<\/p>\n<p>\u00abMe gusta mucho bailar cueca, es nuestra danza nacional y me apasiona. Por eso recibo este primer lugar con mucha alegr\u00eda y con Juanito Bustos estamos ensayando hace tiempo, ya que el a\u00f1o pasado tambi\u00e9n participamos y obtuvimos el segundo lugar. Ahora ensayaremos m\u00e1s, para dejar bien puesto el nombre de San Felipe en la regi\u00f3n y llegar al nacional, as\u00ed seguimos las tradiciones de las Silvias\u00bb, se\u00f1al\u00f3 Arancibia.<\/p>\n<p>En tanto, el Alcalde Patricio Freire junto con felicitar a los campeones comunales y manifestar su optimismo por el buen papel que puedan desempe\u00f1ar en la siguiente etapa, ratific\u00f3 la intenci\u00f3n del municipio sanfelipe\u00f1o, por continuar fomentando la pr\u00e1ctica de nuestra danza nacional.<\/p>\n<p>\u00abEs magn\u00edfica la pareja que result\u00f3 ganadora, al igual que otros a\u00f1os y por eso estamos muy felices, porque Juanito con Silvita nos representar\u00e1n en el regional de cueca y sabemos que desempe\u00f1ar\u00e1n un excelente papel en esa instancia\u00bb, manifest\u00f3 la autoridad comunal.<\/p>\n<p>La autoridad comunal felicit\u00f3 tambi\u00e9n al Club de cueca Tierra querida, que preside Maritza Libretch, destacando el excelente nivel de organizaci\u00f3n de este campeonato, donde estuvo acompa\u00f1ado por la coordinadora comunal del Centro del Adulto Mayor Patricia Opazo, el Consejero Regional Iv\u00e1n Reyes y el Concejal Dante Rodr\u00edguez.<\/p>\n<div class=\"tiled-gallery type-rectangular tiled-gallery-unresized\" data-original-width=\"640\" data-carousel-extra='null' itemscope itemtype=\"http:\/\/schema.org\/ImageGallery\" > <div class=\"gallery-row\" style=\"width: 640px; height: 255px;\" data-original-width=\"640\" data-original-height=\"255\" > <div class=\"gallery-group images-1\" style=\"width: 196px; height: 255px;\" data-original-width=\"196\" data-original-height=\"255\" > <div class=\"tiled-gallery-item tiled-gallery-item-small\" itemprop=\"associatedMedia\" itemscope itemtype=\"http:\/\/schema.org\/ImageObject\"> <a href=\"https:\/\/eltrabajo.cl\/portal\/san-felipe-ya-tiene-representantes-para-regional-cueca-adulto-mayor\/foto-1-silvia-bustamante-y-jorge-mardones\/\" border=\"0\" itemprop=\"url\"> <meta itemprop=\"width\" content=\"192\"> <meta itemprop=\"height\" content=\"251\"> <img decoding=\"async\" class=\"\" data-attachment-id=\"50007\" data-orig-file=\"https:\/\/eltrabajo.cl\/portal\/wp-content\/uploads\/2014\/08\/FOTO-1-Silvia-Bustamante-y-Jorge-Mardones.jpg\" data-orig-size=\"529,690\" data-comments-opened=\"1\" data-image-meta=\"{&quot;aperture&quot;:&quot;0&quot;,&quot;credit&quot;:&quot;&quot;,&quot;camera&quot;:&quot;&quot;,&quot;caption&quot;:&quot;&quot;,&quot;created_timestamp&quot;:&quot;0&quot;,&quot;copyright&quot;:&quot;&quot;,&quot;focal_length&quot;:&quot;0&quot;,&quot;iso&quot;:&quot;0&quot;,&quot;shutter_speed&quot;:&quot;0&quot;,&quot;title&quot;:&quot;&quot;}\" data-image-title=\"FOTO 1 &amp;#8211; Silvia Bustamante y Jorge Mardones\" data-image-description=\"&lt;p&gt;Silvia Bustamante y Jorge Mardones hicieron entrega del cetro de campeones comunales de cueca 2013, no sin antes bailar ante el p\u00fablico tres pies de cueca.&lt;\/p&gt; \" data-medium-file=\"https:\/\/i0.wp.com\/eltrabajo.cl\/portal\/wp-content\/uploads\/2014\/08\/FOTO-1-Silvia-Bustamante-y-Jorge-Mardones.jpg?fit=230%2C300&#038;ssl=1\" data-large-file=\"https:\/\/i0.wp.com\/eltrabajo.cl\/portal\/wp-content\/uploads\/2014\/08\/FOTO-1-Silvia-Bustamante-y-Jorge-Mardones.jpg?fit=529%2C690&#038;ssl=1\" src=\"https:\/\/i0.wp.com\/eltrabajo.cl\/portal\/wp-content\/uploads\/2014\/08\/FOTO-1-Silvia-Bustamante-y-Jorge-Mardones.jpg?w=192&#038;h=251&#038;ssl=1\" srcset=\"https:\/\/i0.wp.com\/eltrabajo.cl\/portal\/wp-content\/uploads\/2014\/08\/FOTO-1-Silvia-Bustamante-y-Jorge-Mardones.jpg?w=529&amp;ssl=1 529w, https:\/\/i0.wp.com\/eltrabajo.cl\/portal\/wp-content\/uploads\/2014\/08\/FOTO-1-Silvia-Bustamante-y-Jorge-Mardones.jpg?resize=115%2C150&amp;ssl=1 115w, https:\/\/i0.wp.com\/eltrabajo.cl\/portal\/wp-content\/uploads\/2014\/08\/FOTO-1-Silvia-Bustamante-y-Jorge-Mardones.jpg?resize=230%2C300&amp;ssl=1 230w, https:\/\/i0.wp.com\/eltrabajo.cl\/portal\/wp-content\/uploads\/2014\/08\/FOTO-1-Silvia-Bustamante-y-Jorge-Mardones.jpg?resize=400%2C521&amp;ssl=1 400w\" width=\"192\" height=\"251\" loading=\"lazy\" data-original-width=\"192\" data-original-height=\"251\" itemprop=\"http:\/\/schema.org\/image\" title=\"FOTO 1 - Silvia Bustamante y Jorge Mardones\" alt=\"Silvia Bustamante y Jorge Mardones hicieron entrega del cetro de campeones comunales de cueca 2013, no sin antes bailar ante el p\u00fablico tres pies de cueca.\" style=\"width: 192px; height: 251px;\" \/> <\/a> <div class=\"tiled-gallery-caption\" itemprop=\"caption description\"> Silvia Bustamante y Jorge Mardones hicieron entrega del cetro de campeones comunales de cueca 2013, no sin antes bailar ante el p\u00fablico tres pies de cueca. <\/div> <\/div> <\/div> <!-- close group --> <div class=\"gallery-group images-1\" style=\"width: 444px; height: 255px;\" data-original-width=\"444\" data-original-height=\"255\" > <div class=\"tiled-gallery-item tiled-gallery-item-large\" itemprop=\"associatedMedia\" itemscope itemtype=\"http:\/\/schema.org\/ImageObject\"> <a href=\"https:\/\/eltrabajo.cl\/portal\/san-felipe-ya-tiene-representantes-para-regional-cueca-adulto-mayor\/foto-4-publico-asistente\/\" border=\"0\" itemprop=\"url\"> <meta itemprop=\"width\" content=\"440\"> <meta itemprop=\"height\" content=\"251\"> <img decoding=\"async\" class=\"\" data-attachment-id=\"50008\" data-orig-file=\"https:\/\/eltrabajo.cl\/portal\/wp-content\/uploads\/2014\/08\/FOTO-4-publico-asistente.jpg\" data-orig-size=\"528,301\" data-comments-opened=\"1\" data-image-meta=\"{&quot;aperture&quot;:&quot;0&quot;,&quot;credit&quot;:&quot;&quot;,&quot;camera&quot;:&quot;&quot;,&quot;caption&quot;:&quot;&quot;,&quot;created_timestamp&quot;:&quot;0&quot;,&quot;copyright&quot;:&quot;&quot;,&quot;focal_length&quot;:&quot;0&quot;,&quot;iso&quot;:&quot;0&quot;,&quot;shutter_speed&quot;:&quot;0&quot;,&quot;title&quot;:&quot;&quot;}\" data-image-title=\"FOTO 4 &amp;#8211; publico asistente\" data-image-description=\"&lt;p&gt;Un gran marco de p\u00fablico disfrut\u00f3 de esta tarde cargada de folclor, donde se defini\u00f3 a la pareja que representar\u00e1 a San Felipe en la etapa regional.&lt;\/p&gt; \" data-medium-file=\"https:\/\/i0.wp.com\/eltrabajo.cl\/portal\/wp-content\/uploads\/2014\/08\/FOTO-4-publico-asistente.jpg?fit=300%2C171&#038;ssl=1\" data-large-file=\"https:\/\/i0.wp.com\/eltrabajo.cl\/portal\/wp-content\/uploads\/2014\/08\/FOTO-4-publico-asistente.jpg?fit=528%2C301&#038;ssl=1\" src=\"https:\/\/i0.wp.com\/eltrabajo.cl\/portal\/wp-content\/uploads\/2014\/08\/FOTO-4-publico-asistente.jpg?w=440&#038;h=251&#038;ssl=1\" srcset=\"https:\/\/i0.wp.com\/eltrabajo.cl\/portal\/wp-content\/uploads\/2014\/08\/FOTO-4-publico-asistente.jpg?w=528&amp;ssl=1 528w, https:\/\/i0.wp.com\/eltrabajo.cl\/portal\/wp-content\/uploads\/2014\/08\/FOTO-4-publico-asistente.jpg?resize=200%2C114&amp;ssl=1 200w, https:\/\/i0.wp.com\/eltrabajo.cl\/portal\/wp-content\/uploads\/2014\/08\/FOTO-4-publico-asistente.jpg?resize=300%2C171&amp;ssl=1 300w, https:\/\/i0.wp.com\/eltrabajo.cl\/portal\/wp-content\/uploads\/2014\/08\/FOTO-4-publico-asistente.jpg?resize=150%2C85&amp;ssl=1 150w, https:\/\/i0.wp.com\/eltrabajo.cl\/portal\/wp-content\/uploads\/2014\/08\/FOTO-4-publico-asistente.jpg?resize=400%2C228&amp;ssl=1 400w\" width=\"440\" height=\"251\" loading=\"lazy\" data-original-width=\"440\" data-original-height=\"251\" itemprop=\"http:\/\/schema.org\/image\" title=\"FOTO 4 - publico asistente\" alt=\"Un gran marco de p\u00fablico disfrut\u00f3 de esta tarde cargada de folclor, donde se defini\u00f3 a la pareja que representar\u00e1 a San Felipe en la etapa regional.\" style=\"width: 440px; height: 251px;\" \/> <\/a> <div class=\"tiled-gallery-caption\" itemprop=\"caption description\"> Un gran marco de p\u00fablico disfrut\u00f3 de esta tarde cargada de folclor, donde se defini\u00f3 a la pareja que representar\u00e1 a San Felipe en la etapa regional. <\/div> <\/div> <\/div> <!-- close group --> <\/div> <!-- close row --> <\/div>\n","protected":false},"excerpt":{"rendered":"<p>Alcalde Patricio Freire felicit\u00f3 a los ganadores del Campeonato Comunal de Cueca categor\u00eda Adulto Mayor, organizado por el Club Tierra querida y la Municipalidad de San Felipe. La pareja compuesta por Silvia&#8230;<\/p>\n","protected":false},"author":482,"featured_media":50006,"comment_status":"open","ping_status":"closed","sticky":false,"template":"","format":"standard","meta":{"advanced_seo_description":"","jetpack_seo_html_title":"","jetpack_seo_noindex":false,"_jetpack_memberships_contains_paid_content":false,"footnotes":""},"categories":[15],"tags":[],"class_list":["post-50004","post","type-post","status-publish","format-standard","has-post-thumbnail","hentry","category-comunidad"],"jetpack_featured_media_url":"https:\/\/i0.wp.com\/eltrabajo.cl\/portal\/wp-content\/uploads\/2014\/08\/Feriantes11.jpg?fit=529%2C357&ssl=1","jetpack_sharing_enabled":true,"jetpack_likes_enabled":true,"jetpack-related-posts":[],"_links":{"self":[{"href":"https:\/\/eltrabajo.cl\/portal\/wp-json\/wp\/v2\/posts\/50004","targetHints":{"allow":["GET"]}}],"collection":[{"href":"https:\/\/eltrabajo.cl\/portal\/wp-json\/wp\/v2\/posts"}],"about":[{"href":"https:\/\/eltrabajo.cl\/portal\/wp-json\/wp\/v2\/types\/post"}],"author":[{"embeddable":true,"href":"https:\/\/eltrabajo.cl\/portal\/wp-json\/wp\/v2\/users\/482"}],"replies":[{"embeddable":true,"href":"https:\/\/eltrabajo.cl\/portal\/wp-json\/wp\/v2\/comments?post=50004"}],"version-history":[{"count":0,"href":"https:\/\/eltrabajo.cl\/portal\/wp-json\/wp\/v2\/posts\/50004\/revisions"}],"wp:featuredmedia":[{"embeddable":true,"href":"https:\/\/eltrabajo.cl\/portal\/wp-json\/wp\/v2\/media\/50006"}],"wp:attachment":[{"href":"https:\/\/eltrabajo.cl\/portal\/wp-json\/wp\/v2\/media?parent=50004"}],"wp:term":[{"taxonomy":"category","embeddable":true,"href":"https:\/\/eltrabajo.cl\/portal\/wp-json\/wp\/v2\/categories?post=50004"},{"taxonomy":"post_tag","embeddable":true,"href":"https:\/\/eltrabajo.cl\/portal\/wp-json\/wp\/v2\/tags?post=50004"}],"curies":[{"name":"wp","href":"https:\/\/api.w.org\/{rel}","templated":true}]}}