{"id":50024,"date":"2014-08-19T13:07:23","date_gmt":"2014-08-19T17:07:23","guid":{"rendered":"http:\/\/www.eltrabajo.cl\/portal\/?p=50024"},"modified":"2014-08-19T13:07:23","modified_gmt":"2014-08-19T17:07:23","slug":"entregan-fondeporte-a-instituciones-comunales","status":"publish","type":"post","link":"https:\/\/eltrabajo.cl\/portal\/entregan-fondeporte-a-instituciones-comunales\/","title":{"rendered":"Entregan Fondeporte a instituciones comunales"},"content":{"rendered":"<figure id=\"attachment_50025\" aria-describedby=\"caption-attachment-50025\" style=\"width: 528px\" class=\"wp-caption alignnone\"><a href=\"https:\/\/i0.wp.com\/www.eltrabajo.cl\/portal\/wp-content\/uploads\/2014\/08\/Deportes1.jpg\"><img data-recalc-dims=\"1\" loading=\"lazy\" decoding=\"async\" class=\"size-full wp-image-50025\" alt=\"Con esta actividad se culmina la entrega de subvenciones en la comuna, que incluyen los Fondeves, las subvenciones a organizaciones sociales y los Fondeporte.\" src=\"https:\/\/i0.wp.com\/www.eltrabajo.cl\/portal\/wp-content\/uploads\/2014\/08\/Deportes1.jpg?resize=528%2C313\" width=\"528\" height=\"313\" srcset=\"https:\/\/i0.wp.com\/eltrabajo.cl\/portal\/wp-content\/uploads\/2014\/08\/Deportes1.jpg?w=528&amp;ssl=1 528w, https:\/\/i0.wp.com\/eltrabajo.cl\/portal\/wp-content\/uploads\/2014\/08\/Deportes1.jpg?resize=200%2C118&amp;ssl=1 200w, https:\/\/i0.wp.com\/eltrabajo.cl\/portal\/wp-content\/uploads\/2014\/08\/Deportes1.jpg?resize=300%2C177&amp;ssl=1 300w, https:\/\/i0.wp.com\/eltrabajo.cl\/portal\/wp-content\/uploads\/2014\/08\/Deportes1.jpg?resize=150%2C88&amp;ssl=1 150w, https:\/\/i0.wp.com\/eltrabajo.cl\/portal\/wp-content\/uploads\/2014\/08\/Deportes1.jpg?resize=400%2C237&amp;ssl=1 400w\" sizes=\"auto, (max-width: 528px) 100vw, 528px\" \/><\/a><figcaption id=\"caption-attachment-50025\" class=\"wp-caption-text\">Con esta actividad se culmina la entrega de subvenciones en la comuna, que incluyen los Fondeves, las subvenciones a organizaciones sociales y los Fondeporte.<\/figcaption><\/figure>\n<p><strong>LLAY LLAY.<\/strong>&#8211; Diversas organizaciones comunales recibieron los fondos que les permitir\u00e1 realizar sus respectivos proyectos. El monto entregado es aproximadamente $6 millones repartido entre 17 instituciones de la ciudad. El alcalde Llay Llay, Mario Marillanca, dijo que \u201cesta es una manera de incentivar el deporte en comuna, creando condiciones y dando herramientas para que las instituciones se desarrollen cada vez m\u00e1s. Esto por supuesto va unido a la creaci\u00f3n de mayor infraestructura donde se pueda realizar cada vez mayor deporte\u201d.<\/p>\n<p>En una breve y significativa ceremonia, el alcalde de Llay Llay acompa\u00f1ado de los concejales Margarita Puebla y Patricio Dur\u00e1n, pusieron en manos de los dirigentes los cheques que incentivan el deporte en la comuna como parte de la pol\u00edtica de movilidad social. Dentro de los proyectos a desarrollar esta la implementaci\u00f3n deportiva, como la presentada por la Escuela de F\u00fatbol Municipal; incentivo de la pr\u00e1ctica de deporte como la iniciativa del Club de Ciclismo Cima. El mejoramiento por medio de la construcci\u00f3n de ba\u00f1os; en la medialuna del Club de Rodeo Las Palmas, y costos de traslados de la Escuela Infantil de Deportes.<\/p>\n<p>&nbsp;<\/p>\n","protected":false},"excerpt":{"rendered":"<p>LLAY LLAY.&#8211; Diversas organizaciones comunales recibieron los fondos que les permitir\u00e1 realizar sus respectivos proyectos. El monto entregado es aproximadamente $6 millones repartido entre 17 instituciones de la ciudad. El alcalde Llay&#8230;<\/p>\n","protected":false},"author":482,"featured_media":50025,"comment_status":"open","ping_status":"closed","sticky":false,"template":"","format":"standard","meta":{"advanced_seo_description":"","jetpack_seo_html_title":"","jetpack_seo_noindex":false,"_jetpack_memberships_contains_paid_content":false,"footnotes":""},"categories":[15],"tags":[],"class_list":["post-50024","post","type-post","status-publish","format-standard","has-post-thumbnail","hentry","category-comunidad"],"jetpack_featured_media_url":"https:\/\/i0.wp.com\/eltrabajo.cl\/portal\/wp-content\/uploads\/2014\/08\/Deportes1.jpg?fit=528%2C313&ssl=1","jetpack_sharing_enabled":true,"jetpack_likes_enabled":true,"jetpack-related-posts":[],"_links":{"self":[{"href":"https:\/\/eltrabajo.cl\/portal\/wp-json\/wp\/v2\/posts\/50024","targetHints":{"allow":["GET"]}}],"collection":[{"href":"https:\/\/eltrabajo.cl\/portal\/wp-json\/wp\/v2\/posts"}],"about":[{"href":"https:\/\/eltrabajo.cl\/portal\/wp-json\/wp\/v2\/types\/post"}],"author":[{"embeddable":true,"href":"https:\/\/eltrabajo.cl\/portal\/wp-json\/wp\/v2\/users\/482"}],"replies":[{"embeddable":true,"href":"https:\/\/eltrabajo.cl\/portal\/wp-json\/wp\/v2\/comments?post=50024"}],"version-history":[{"count":0,"href":"https:\/\/eltrabajo.cl\/portal\/wp-json\/wp\/v2\/posts\/50024\/revisions"}],"wp:featuredmedia":[{"embeddable":true,"href":"https:\/\/eltrabajo.cl\/portal\/wp-json\/wp\/v2\/media\/50025"}],"wp:attachment":[{"href":"https:\/\/eltrabajo.cl\/portal\/wp-json\/wp\/v2\/media?parent=50024"}],"wp:term":[{"taxonomy":"category","embeddable":true,"href":"https:\/\/eltrabajo.cl\/portal\/wp-json\/wp\/v2\/categories?post=50024"},{"taxonomy":"post_tag","embeddable":true,"href":"https:\/\/eltrabajo.cl\/portal\/wp-json\/wp\/v2\/tags?post=50024"}],"curies":[{"name":"wp","href":"https:\/\/api.w.org\/{rel}","templated":true}]}}