{"id":50032,"date":"2014-08-19T13:10:38","date_gmt":"2014-08-19T17:10:38","guid":{"rendered":"http:\/\/www.eltrabajo.cl\/portal\/?p=50032"},"modified":"2014-08-19T13:10:38","modified_gmt":"2014-08-19T17:10:38","slug":"industrialinos-tambien-brillan-en-el-encuentro-interamericano-de-folklore","status":"publish","type":"post","link":"https:\/\/eltrabajo.cl\/portal\/industrialinos-tambien-brillan-en-el-encuentro-interamericano-de-folklore\/","title":{"rendered":"Industrialinos tambi\u00e9n brillan en el Encuentro Interamericano de Folklore"},"content":{"rendered":"<figure id=\"attachment_50033\" aria-describedby=\"caption-attachment-50033\" style=\"width: 527px\" class=\"wp-caption alignnone\"><a href=\"https:\/\/i0.wp.com\/www.eltrabajo.cl\/portal\/wp-content\/uploads\/2014\/08\/Panoramica11.jpg\"><img data-recalc-dims=\"1\" loading=\"lazy\" decoding=\"async\" class=\"size-full wp-image-50033\" alt=\"SIGUEN BRILLANDO.- Los grupos Aoniken de Argentina; Jucuam de Per\u00fa y la agrupaci\u00f3n Bafova de nuestra provincia, quienes compartieron escenario con el Grupo Pasi\u00f3n industrialina de nuestra Escuela Industrial.\" src=\"https:\/\/i0.wp.com\/www.eltrabajo.cl\/portal\/wp-content\/uploads\/2014\/08\/Panoramica11.jpg?resize=527%2C191\" width=\"527\" height=\"191\" srcset=\"https:\/\/i0.wp.com\/eltrabajo.cl\/portal\/wp-content\/uploads\/2014\/08\/Panoramica11.jpg?w=527&amp;ssl=1 527w, https:\/\/i0.wp.com\/eltrabajo.cl\/portal\/wp-content\/uploads\/2014\/08\/Panoramica11.jpg?resize=200%2C72&amp;ssl=1 200w, https:\/\/i0.wp.com\/eltrabajo.cl\/portal\/wp-content\/uploads\/2014\/08\/Panoramica11.jpg?resize=300%2C108&amp;ssl=1 300w, https:\/\/i0.wp.com\/eltrabajo.cl\/portal\/wp-content\/uploads\/2014\/08\/Panoramica11.jpg?resize=150%2C54&amp;ssl=1 150w, https:\/\/i0.wp.com\/eltrabajo.cl\/portal\/wp-content\/uploads\/2014\/08\/Panoramica11.jpg?resize=400%2C144&amp;ssl=1 400w\" sizes=\"auto, (max-width: 527px) 100vw, 527px\" \/><\/a><figcaption id=\"caption-attachment-50033\" class=\"wp-caption-text\">SIGUEN BRILLANDO.- Los grupos Aoniken de Argentina; Jucuam de Per\u00fa y la agrupaci\u00f3n Bafova de nuestra provincia, quienes compartieron escenario con el Grupo Pasi\u00f3n industrialina de nuestra Escuela Industrial.<\/figcaption><\/figure>\n<p>Durante la semana reci\u00e9n pasada se llev\u00f3 a cabo un encuentro interamericano de folklore en la Escuela Industrial de San Felipe. El evento fue organizado por la encargada del Taller de canto y danza, Guiselle Sep\u00falveda, cont\u00f3 con la presencia de los grupos Aoniken de Argentina; Jucuam de Per\u00fa y la agrupaci\u00f3n Bafova de nuestra provincia, quienes compartieron escenario con el Grupo Pasi\u00f3n industrialina de nuestro colegio.<\/p>\n<p>La comunidad educativa de la escuela pudo disfrutar de las presentaciones de baile folkl\u00f3rico como una instancia de intercambio cultural y sana fraternidad con nuestros pa\u00edses hermanos. Este evento se enmarca dentro del proyecto educativo industrialino, que busca fortalecer la formaci\u00f3n integral de sus estudiantes, propiciando instancias de viajes, intercambios y cooperaci\u00f3n con diferentes pa\u00edses de la regi\u00f3n.<\/p>\n<p>&nbsp;<\/p>\n","protected":false},"excerpt":{"rendered":"<p>Durante la semana reci\u00e9n pasada se llev\u00f3 a cabo un encuentro interamericano de folklore en la Escuela Industrial de San Felipe. El evento fue organizado por la encargada del Taller de canto&#8230;<\/p>\n","protected":false},"author":482,"featured_media":50033,"comment_status":"open","ping_status":"closed","sticky":false,"template":"","format":"standard","meta":{"advanced_seo_description":"","jetpack_seo_html_title":"","jetpack_seo_noindex":false,"_jetpack_memberships_contains_paid_content":false,"footnotes":""},"categories":[15],"tags":[],"class_list":["post-50032","post","type-post","status-publish","format-standard","has-post-thumbnail","hentry","category-comunidad"],"jetpack_featured_media_url":"https:\/\/i0.wp.com\/eltrabajo.cl\/portal\/wp-content\/uploads\/2014\/08\/Panoramica11.jpg?fit=527%2C191&ssl=1","jetpack_sharing_enabled":true,"jetpack_likes_enabled":true,"jetpack-related-posts":[],"_links":{"self":[{"href":"https:\/\/eltrabajo.cl\/portal\/wp-json\/wp\/v2\/posts\/50032","targetHints":{"allow":["GET"]}}],"collection":[{"href":"https:\/\/eltrabajo.cl\/portal\/wp-json\/wp\/v2\/posts"}],"about":[{"href":"https:\/\/eltrabajo.cl\/portal\/wp-json\/wp\/v2\/types\/post"}],"author":[{"embeddable":true,"href":"https:\/\/eltrabajo.cl\/portal\/wp-json\/wp\/v2\/users\/482"}],"replies":[{"embeddable":true,"href":"https:\/\/eltrabajo.cl\/portal\/wp-json\/wp\/v2\/comments?post=50032"}],"version-history":[{"count":0,"href":"https:\/\/eltrabajo.cl\/portal\/wp-json\/wp\/v2\/posts\/50032\/revisions"}],"wp:featuredmedia":[{"embeddable":true,"href":"https:\/\/eltrabajo.cl\/portal\/wp-json\/wp\/v2\/media\/50033"}],"wp:attachment":[{"href":"https:\/\/eltrabajo.cl\/portal\/wp-json\/wp\/v2\/media?parent=50032"}],"wp:term":[{"taxonomy":"category","embeddable":true,"href":"https:\/\/eltrabajo.cl\/portal\/wp-json\/wp\/v2\/categories?post=50032"},{"taxonomy":"post_tag","embeddable":true,"href":"https:\/\/eltrabajo.cl\/portal\/wp-json\/wp\/v2\/tags?post=50032"}],"curies":[{"name":"wp","href":"https:\/\/api.w.org\/{rel}","templated":true}]}}