{"id":50036,"date":"2014-08-19T13:11:41","date_gmt":"2014-08-19T17:11:41","guid":{"rendered":"http:\/\/www.eltrabajo.cl\/portal\/?p=50036"},"modified":"2014-08-19T13:11:41","modified_gmt":"2014-08-19T17:11:41","slug":"este-martes-se-inicia-la-iii-version-de-quien-sabe-mas-de-san-felipe","status":"publish","type":"post","link":"https:\/\/eltrabajo.cl\/portal\/este-martes-se-inicia-la-iii-version-de-quien-sabe-mas-de-san-felipe\/","title":{"rendered":"Este martes se inicia la III versi\u00f3n de \u00bfQui\u00e9n sabe m\u00e1s de San Felipe?"},"content":{"rendered":"<figure id=\"attachment_50037\" aria-describedby=\"caption-attachment-50037\" style=\"width: 422px\" class=\"wp-caption alignleft\"><a href=\"https:\/\/i0.wp.com\/www.eltrabajo.cl\/portal\/wp-content\/uploads\/2014\/08\/Concurso1.jpg\"><img data-recalc-dims=\"1\" loading=\"lazy\" decoding=\"async\" class=\" wp-image-50037 \" alt=\"Con la participaci\u00f3n de alumnos de establecimientos municipalizados se desarrollar\u00e1 esta nueva versi\u00f3n del concurso.\" src=\"https:\/\/i0.wp.com\/www.eltrabajo.cl\/portal\/wp-content\/uploads\/2014\/08\/Concurso1.jpg?resize=422%2C288\" width=\"422\" height=\"288\" srcset=\"https:\/\/i0.wp.com\/eltrabajo.cl\/portal\/wp-content\/uploads\/2014\/08\/Concurso1.jpg?w=528&amp;ssl=1 528w, https:\/\/i0.wp.com\/eltrabajo.cl\/portal\/wp-content\/uploads\/2014\/08\/Concurso1.jpg?resize=200%2C136&amp;ssl=1 200w, https:\/\/i0.wp.com\/eltrabajo.cl\/portal\/wp-content\/uploads\/2014\/08\/Concurso1.jpg?resize=300%2C204&amp;ssl=1 300w, https:\/\/i0.wp.com\/eltrabajo.cl\/portal\/wp-content\/uploads\/2014\/08\/Concurso1.jpg?resize=150%2C102&amp;ssl=1 150w, https:\/\/i0.wp.com\/eltrabajo.cl\/portal\/wp-content\/uploads\/2014\/08\/Concurso1.jpg?resize=400%2C272&amp;ssl=1 400w\" sizes=\"auto, (max-width: 422px) 100vw, 422px\" \/><\/a><figcaption id=\"caption-attachment-50037\" class=\"wp-caption-text\">Con la participaci\u00f3n de alumnos de establecimientos municipalizados se desarrollar\u00e1 esta nueva versi\u00f3n del concurso.<\/figcaption><\/figure>\n<p>Para este martes a las 18:00 horas en el auditorio de la Universidad de Playa Ancha de Calle Benigno Caldera, est\u00e1 previsto el inicio de la tercera versi\u00f3n del concurso \u00bfQui\u00e9n sabe m\u00e1s de San Felipe?, actividad impulsada por el Departamento de Cultura de la Municipalidad y la Asociaci\u00f3n de Comercio y Turismo de Aconcagua.<\/p>\n<p>Para esta tercera versi\u00f3n, enmarcada como es de costumbre en las actividades de aniversario de la ciudad de San Felipe, son seis equipos que est\u00e1n inscritos y corresponden a la Escuela 21 de Mayo; Jos\u00e9 de San Mart\u00edn; Carmela Carvajal; Manso de Velasco; John Kennedy y el Liceo Bicentenario Cordillera.<\/p>\n<p>Seg\u00fan explic\u00f3 Max Navas, presidente de Acta, en esta primera jornada, se realizar\u00e1 la clasificaci\u00f3n de los tres equipos que competir\u00e1n en la gran final del pr\u00f3ximo 28 de agosto, en el teatro tunicipal.<\/p>\n<p>\u201cPara Acta es muy importante respaldar esta iniciativa, porque permite que los ni\u00f1os y adolescentes de la comuna se interesen por su ciudad, no s\u00f3lo en t\u00e9rminos de conocer lo que fue su fundaci\u00f3n, sino tambi\u00e9n conocer de personas que han sido claves en su historia, as\u00ed como de su presente\u201d, manifest\u00f3 Navas.<\/p>\n<p>El encargado de cultura y patrimonio de la municipalidad, Manuel Z\u00fa\u00f1iga, destac\u00f3 esta alianza con Acta que permite generar un espacio para fomentar el aprendizaje y valorizaci\u00f3n de la cultura, historia y comercio de San Felipe. Por este motivo, se\u00f1al\u00f3 que los alumnos y alumnas reciben material de apoyo, correspondiente en este caso al libro Vivencias, del fallecido Pedro Herrera Balharry y Romancero heroico de Aconcagua de Carlos Ruiz Zald\u00edvar.<\/p>\n<p>Explic\u00f3 que \u201cpor tercer a\u00f1o consecutivo desarrollamos este concurso, dirigido a la poblaci\u00f3n escolar, para que sean las nuevas generaciones las que conozcan del pasado, la memoria, el comercio, las an\u00e9cdotas y otros elementos que en definitiva, mantienen vivo el patrimonio de San Felipe\u201d.<\/p>\n<p>Este es el primer a\u00f1o que no participan equipos de establecimientos particulares subvencionados de la comuna, no obstante hay que destacar que en a\u00f1os anteriores, han sido los alumnos de escuelas municipalizadas, los que han ganado y que en definitiva, saben m\u00e1s de San Felipe.<\/p>\n","protected":false},"excerpt":{"rendered":"<p>Para este martes a las 18:00 horas en el auditorio de la Universidad de Playa Ancha de Calle Benigno Caldera, est\u00e1 previsto el inicio de la tercera versi\u00f3n del concurso \u00bfQui\u00e9n sabe&#8230;<\/p>\n","protected":false},"author":482,"featured_media":50037,"comment_status":"open","ping_status":"closed","sticky":false,"template":"","format":"standard","meta":{"advanced_seo_description":"","jetpack_seo_html_title":"","jetpack_seo_noindex":false,"_jetpack_memberships_contains_paid_content":false,"footnotes":""},"categories":[15],"tags":[],"class_list":["post-50036","post","type-post","status-publish","format-standard","has-post-thumbnail","hentry","category-comunidad"],"jetpack_featured_media_url":"https:\/\/i0.wp.com\/eltrabajo.cl\/portal\/wp-content\/uploads\/2014\/08\/Concurso1.jpg?fit=528%2C360&ssl=1","jetpack_sharing_enabled":true,"jetpack_likes_enabled":true,"jetpack-related-posts":[],"_links":{"self":[{"href":"https:\/\/eltrabajo.cl\/portal\/wp-json\/wp\/v2\/posts\/50036","targetHints":{"allow":["GET"]}}],"collection":[{"href":"https:\/\/eltrabajo.cl\/portal\/wp-json\/wp\/v2\/posts"}],"about":[{"href":"https:\/\/eltrabajo.cl\/portal\/wp-json\/wp\/v2\/types\/post"}],"author":[{"embeddable":true,"href":"https:\/\/eltrabajo.cl\/portal\/wp-json\/wp\/v2\/users\/482"}],"replies":[{"embeddable":true,"href":"https:\/\/eltrabajo.cl\/portal\/wp-json\/wp\/v2\/comments?post=50036"}],"version-history":[{"count":0,"href":"https:\/\/eltrabajo.cl\/portal\/wp-json\/wp\/v2\/posts\/50036\/revisions"}],"wp:featuredmedia":[{"embeddable":true,"href":"https:\/\/eltrabajo.cl\/portal\/wp-json\/wp\/v2\/media\/50037"}],"wp:attachment":[{"href":"https:\/\/eltrabajo.cl\/portal\/wp-json\/wp\/v2\/media?parent=50036"}],"wp:term":[{"taxonomy":"category","embeddable":true,"href":"https:\/\/eltrabajo.cl\/portal\/wp-json\/wp\/v2\/categories?post=50036"},{"taxonomy":"post_tag","embeddable":true,"href":"https:\/\/eltrabajo.cl\/portal\/wp-json\/wp\/v2\/tags?post=50036"}],"curies":[{"name":"wp","href":"https:\/\/api.w.org\/{rel}","templated":true}]}}