{"id":50040,"date":"2014-08-19T13:12:41","date_gmt":"2014-08-19T17:12:41","guid":{"rendered":"http:\/\/www.eltrabajo.cl\/portal\/?p=50040"},"modified":"2014-08-19T13:12:41","modified_gmt":"2014-08-19T17:12:41","slug":"establecimientos-educacionales-crean-huerto-escolar","status":"publish","type":"post","link":"https:\/\/eltrabajo.cl\/portal\/establecimientos-educacionales-crean-huerto-escolar\/","title":{"rendered":"Establecimientos educacionales crean huerto escolar"},"content":{"rendered":"<figure id=\"attachment_50041\" aria-describedby=\"caption-attachment-50041\" style=\"width: 529px\" class=\"wp-caption alignnone\"><a href=\"https:\/\/i0.wp.com\/www.eltrabajo.cl\/portal\/wp-content\/uploads\/2014\/08\/Huertos1.jpg\"><img data-recalc-dims=\"1\" loading=\"lazy\" decoding=\"async\" class=\"size-full wp-image-50041\" alt=\"En la Escuela Mateo Cockjlat de Tierras Blancas, las autoridades dieron el vamos a una gran iniciativa, misma que permitir\u00e1 realizar un trabajo intenso, en pos del cuidado del medioambiente.\" src=\"https:\/\/i0.wp.com\/www.eltrabajo.cl\/portal\/wp-content\/uploads\/2014\/08\/Huertos1.jpg?resize=529%2C401\" width=\"529\" height=\"401\" srcset=\"https:\/\/i0.wp.com\/eltrabajo.cl\/portal\/wp-content\/uploads\/2014\/08\/Huertos1.jpg?w=529&amp;ssl=1 529w, https:\/\/i0.wp.com\/eltrabajo.cl\/portal\/wp-content\/uploads\/2014\/08\/Huertos1.jpg?resize=197%2C150&amp;ssl=1 197w, https:\/\/i0.wp.com\/eltrabajo.cl\/portal\/wp-content\/uploads\/2014\/08\/Huertos1.jpg?resize=300%2C227&amp;ssl=1 300w, https:\/\/i0.wp.com\/eltrabajo.cl\/portal\/wp-content\/uploads\/2014\/08\/Huertos1.jpg?resize=150%2C113&amp;ssl=1 150w, https:\/\/i0.wp.com\/eltrabajo.cl\/portal\/wp-content\/uploads\/2014\/08\/Huertos1.jpg?resize=400%2C303&amp;ssl=1 400w\" sizes=\"auto, (max-width: 529px) 100vw, 529px\" \/><\/a><figcaption id=\"caption-attachment-50041\" class=\"wp-caption-text\">En la Escuela Mateo Cockjlat de Tierras Blancas, las autoridades dieron el vamos a una gran iniciativa, misma que permitir\u00e1 realizar un trabajo intenso, en pos del cuidado del medioambiente.<\/figcaption><\/figure>\n<p>La ma\u00f1ana del mi\u00e9rcoles reci\u00e9n pasado, en la Escuela Mateo Cockjlat de Tierras Blancas, las autoridades dieron el vamos a una gran iniciativa, misma que permitir\u00e1 realizar un trabajo intenso, en pos del cuidado del medioambiente. La unidad ambiental de la Secretaria de Planificaci\u00f3n Comunal, dentro de sus diferentes acciones, tiene un programa de forestaci\u00f3n urbana, el que permitir\u00e1 a los establecimientos educacionales, poder realizar interesantes actividades al interior de los recintos, y que son los \u2018huertos escolares\u2019.<\/p>\n<p>Con la participaci\u00f3n del Alcalde Patricio Freire, los concejales Dante Rodr\u00edguez, Juan Manuel Millanao, Jeannette Sotomayor y Basilio Muena, el Director de Educaci\u00f3n Municipal Iv\u00e1n Silva Padilla y el Director de la Escuela Agr\u00edcola de San Felipe, Carlos Dasso, se dio el vamos a esta interesante iniciativa, la que parte precisamente en las escuelas, por considerarse un espacio de trabajo importante y vital, pudiendo generar en los ni\u00f1os un capital de responsabilidad con el medio ambiente.<\/p>\n<p>En la ocasi\u00f3n Enrique Barrera, encargado de Medioambiente de la Secpla, entreg\u00f3 detalles de la importancia de desarrollar este tipo de actividades, se\u00f1alando que \u00abcreemos que los huertos escolares son una buena iniciativa, porque no solamente crea una buena perspectiva en los ni\u00f1os sobre el cuidado del medio ambiente, sino que tambi\u00e9n les sirve como un espacio pedag\u00f3gico, donde los profesores pueden desarrollar sus clases y hacerlas m\u00e1s entretenidas, comenzando con recursos de la promoci\u00f3n de la salud, iniciativa que se desarrolla desde el a\u00f1o 2009 y hoy estamos promoviendo esta actividad en este establecimiento\u00bb.<\/p>\n<p>El Alcalde Patricio Freire destac\u00f3 la importancia de generar una conciencia de respeto y cuidado al medio ambiente, se\u00f1alando que \u00abhay que acercarse a la naturaleza, potenciando todo lo que se realiza en los colegios de nuestra comuna, para que nuestros ni\u00f1os y ni\u00f1as sepan cuidar y apreciar su entorno, y con estos huertos, m\u00e1s la importante asociatividad con la Escuela Agr\u00edcola, el programa Promo de Salud y el municipio podemos lograr este objetivo\u00bb.<\/p>\n<p>Por su parte, Marcia Endara, directora del establecimiento, destac\u00f3 esta gran instancia, manifestando que \u00abesto es una gran instancia, y el huerto es algo principal, porque esto va inserto en el curriculum, lo que nos permitir\u00e1 certificar a la escuela con excelencia medio ambiental, que es lo que nos hemos propuesto, para lo que contamos con la valiosa colaboraci\u00f3n de la Municipalidad de San Felipe y la Escuela Agr\u00edcola, para as\u00ed, poder hacer un cambio de actitud hacia una conciencia m\u00e1s ecol\u00f3gica, que involucre a toda la comunidad escolar, actuando como un conjunto, para dar una muestra a los establecimientos no s\u00f3lo rurales, sino que tambi\u00e9n urbanos, de las cosas que podemos hacer\u00bb.<\/p>\n","protected":false},"excerpt":{"rendered":"<p>La ma\u00f1ana del mi\u00e9rcoles reci\u00e9n pasado, en la Escuela Mateo Cockjlat de Tierras Blancas, las autoridades dieron el vamos a una gran iniciativa, misma que permitir\u00e1 realizar un trabajo intenso, en pos&#8230;<\/p>\n","protected":false},"author":482,"featured_media":50041,"comment_status":"open","ping_status":"closed","sticky":false,"template":"","format":"standard","meta":{"advanced_seo_description":"","jetpack_seo_html_title":"","jetpack_seo_noindex":false,"_jetpack_memberships_contains_paid_content":false,"footnotes":""},"categories":[15],"tags":[],"class_list":["post-50040","post","type-post","status-publish","format-standard","has-post-thumbnail","hentry","category-comunidad"],"jetpack_featured_media_url":"https:\/\/i0.wp.com\/eltrabajo.cl\/portal\/wp-content\/uploads\/2014\/08\/Huertos1.jpg?fit=529%2C401&ssl=1","jetpack_sharing_enabled":true,"jetpack_likes_enabled":true,"jetpack-related-posts":[],"_links":{"self":[{"href":"https:\/\/eltrabajo.cl\/portal\/wp-json\/wp\/v2\/posts\/50040","targetHints":{"allow":["GET"]}}],"collection":[{"href":"https:\/\/eltrabajo.cl\/portal\/wp-json\/wp\/v2\/posts"}],"about":[{"href":"https:\/\/eltrabajo.cl\/portal\/wp-json\/wp\/v2\/types\/post"}],"author":[{"embeddable":true,"href":"https:\/\/eltrabajo.cl\/portal\/wp-json\/wp\/v2\/users\/482"}],"replies":[{"embeddable":true,"href":"https:\/\/eltrabajo.cl\/portal\/wp-json\/wp\/v2\/comments?post=50040"}],"version-history":[{"count":0,"href":"https:\/\/eltrabajo.cl\/portal\/wp-json\/wp\/v2\/posts\/50040\/revisions"}],"wp:featuredmedia":[{"embeddable":true,"href":"https:\/\/eltrabajo.cl\/portal\/wp-json\/wp\/v2\/media\/50041"}],"wp:attachment":[{"href":"https:\/\/eltrabajo.cl\/portal\/wp-json\/wp\/v2\/media?parent=50040"}],"wp:term":[{"taxonomy":"category","embeddable":true,"href":"https:\/\/eltrabajo.cl\/portal\/wp-json\/wp\/v2\/categories?post=50040"},{"taxonomy":"post_tag","embeddable":true,"href":"https:\/\/eltrabajo.cl\/portal\/wp-json\/wp\/v2\/tags?post=50040"}],"curies":[{"name":"wp","href":"https:\/\/api.w.org\/{rel}","templated":true}]}}