{"id":50059,"date":"2014-08-19T13:20:17","date_gmt":"2014-08-19T17:20:17","guid":{"rendered":"http:\/\/www.eltrabajo.cl\/portal\/?p=50059"},"modified":"2014-08-19T13:20:17","modified_gmt":"2014-08-19T17:20:17","slug":"camion-cargado-con-cloruro-de-calcio-volco-en-la-ruta-internacional","status":"publish","type":"post","link":"https:\/\/eltrabajo.cl\/portal\/camion-cargado-con-cloruro-de-calcio-volco-en-la-ruta-internacional\/","title":{"rendered":"Cami\u00f3n cargado con cloruro de calcio volc\u00f3 en la ruta internacional"},"content":{"rendered":"<figure id=\"attachment_50060\" aria-describedby=\"caption-attachment-50060\" style=\"width: 529px\" class=\"wp-caption alignnone\"><a href=\"https:\/\/i0.wp.com\/www.eltrabajo.cl\/portal\/wp-content\/uploads\/2014\/08\/Vuelco1.jpg\"><img data-recalc-dims=\"1\" loading=\"lazy\" decoding=\"async\" class=\"size-full wp-image-50060\" alt=\"Con lesiones leves result\u00f3 el conductor de un cami\u00f3n de transporte internacional que la tarde del domingo volc\u00f3 en medio de la calzada en la ruta internacional.\" src=\"https:\/\/i0.wp.com\/www.eltrabajo.cl\/portal\/wp-content\/uploads\/2014\/08\/Vuelco1.jpg?resize=529%2C304\" width=\"529\" height=\"304\" srcset=\"https:\/\/i0.wp.com\/eltrabajo.cl\/portal\/wp-content\/uploads\/2014\/08\/Vuelco1.jpg?w=529&amp;ssl=1 529w, https:\/\/i0.wp.com\/eltrabajo.cl\/portal\/wp-content\/uploads\/2014\/08\/Vuelco1.jpg?resize=200%2C114&amp;ssl=1 200w, https:\/\/i0.wp.com\/eltrabajo.cl\/portal\/wp-content\/uploads\/2014\/08\/Vuelco1.jpg?resize=300%2C172&amp;ssl=1 300w, https:\/\/i0.wp.com\/eltrabajo.cl\/portal\/wp-content\/uploads\/2014\/08\/Vuelco1.jpg?resize=150%2C86&amp;ssl=1 150w, https:\/\/i0.wp.com\/eltrabajo.cl\/portal\/wp-content\/uploads\/2014\/08\/Vuelco1.jpg?resize=400%2C229&amp;ssl=1 400w\" sizes=\"auto, (max-width: 529px) 100vw, 529px\" \/><\/a><figcaption id=\"caption-attachment-50060\" class=\"wp-caption-text\">Con lesiones leves result\u00f3 el conductor de un cami\u00f3n de transporte internacional que la tarde del domingo volc\u00f3 en medio de la calzada en la ruta internacional.<\/figcaption><\/figure>\n<p><strong>LOS ANDES<\/strong>.- Con lesiones leves result\u00f3 el conductor de un cami\u00f3n de transporte internacional que la tarde del domingo volc\u00f3 en medio de la calzada en la ruta internacional. El accidente se produjo cerca de las 13:00 horas en el kil\u00f3metro 81, en una curva existente cerca del ruta-centro Copec, cuando por causas que son investigadas el conductor del cami\u00f3n cargado con cloruro de calcio granulado que se dirig\u00eda de oriente a poniente perdi\u00f3 el control y volc\u00f3 de costado.<\/p>\n<figure id=\"attachment_50061\" aria-describedby=\"caption-attachment-50061\" style=\"width: 370px\" class=\"wp-caption alignright\"><a href=\"https:\/\/i0.wp.com\/www.eltrabajo.cl\/portal\/wp-content\/uploads\/2014\/08\/Vuelco2.jpg\"><img data-recalc-dims=\"1\" loading=\"lazy\" decoding=\"async\" class=\" wp-image-50061 \" alt=\"El tr\u00e1nsito por algunos momentos estuvo interrumpido, pero luego se habilit\u00f3 el tr\u00e1nsito por el camino antiguo de Guardia Vieja.\" src=\"https:\/\/i0.wp.com\/www.eltrabajo.cl\/portal\/wp-content\/uploads\/2014\/08\/Vuelco2.jpg?resize=370%2C213\" width=\"370\" height=\"213\" srcset=\"https:\/\/i0.wp.com\/eltrabajo.cl\/portal\/wp-content\/uploads\/2014\/08\/Vuelco2.jpg?w=529&amp;ssl=1 529w, https:\/\/i0.wp.com\/eltrabajo.cl\/portal\/wp-content\/uploads\/2014\/08\/Vuelco2.jpg?resize=200%2C114&amp;ssl=1 200w, https:\/\/i0.wp.com\/eltrabajo.cl\/portal\/wp-content\/uploads\/2014\/08\/Vuelco2.jpg?resize=300%2C172&amp;ssl=1 300w, https:\/\/i0.wp.com\/eltrabajo.cl\/portal\/wp-content\/uploads\/2014\/08\/Vuelco2.jpg?resize=150%2C86&amp;ssl=1 150w, https:\/\/i0.wp.com\/eltrabajo.cl\/portal\/wp-content\/uploads\/2014\/08\/Vuelco2.jpg?resize=400%2C229&amp;ssl=1 400w\" sizes=\"auto, (max-width: 370px) 100vw, 370px\" \/><\/a><figcaption id=\"caption-attachment-50061\" class=\"wp-caption-text\">El tr\u00e1nsito por algunos momentos estuvo interrumpido, pero luego se habilit\u00f3 el tr\u00e1nsito por el camino antiguo de Guardia Vieja.<\/figcaption><\/figure>\n<p>Pese a ello, el chofer fue asistido por otros conductores quienes lo ayudaron a salir de la cabina, presentando solo algunas contusiones y hematomas. Al lugar concurrieron unidades de la segunda y sexta compa\u00f1\u00edas de Bomberos de Los Andes, a fin de aislar el lugar y controlar una peque\u00f1a fuga de combustible del estanque de la m\u00e1quina. Asimismo, personal de la Carabineros de la Subcomisar\u00eda Los Libertadores adopt\u00f3 el procedimiento de rigor en estos casos.<\/p>\n<p>&nbsp;<\/p>\n","protected":false},"excerpt":{"rendered":"<p>LOS ANDES.- Con lesiones leves result\u00f3 el conductor de un cami\u00f3n de transporte internacional que la tarde del domingo volc\u00f3 en medio de la calzada en la ruta internacional. El accidente se&#8230;<\/p>\n","protected":false},"author":482,"featured_media":50060,"comment_status":"open","ping_status":"closed","sticky":false,"template":"","format":"standard","meta":{"advanced_seo_description":"","jetpack_seo_html_title":"","jetpack_seo_noindex":false,"_jetpack_memberships_contains_paid_content":false,"footnotes":""},"categories":[21],"tags":[],"class_list":["post-50059","post","type-post","status-publish","format-standard","has-post-thumbnail","hentry","category-policial"],"jetpack_featured_media_url":"https:\/\/i0.wp.com\/eltrabajo.cl\/portal\/wp-content\/uploads\/2014\/08\/Vuelco1.jpg?fit=529%2C304&ssl=1","jetpack_sharing_enabled":true,"jetpack_likes_enabled":true,"jetpack-related-posts":[],"_links":{"self":[{"href":"https:\/\/eltrabajo.cl\/portal\/wp-json\/wp\/v2\/posts\/50059","targetHints":{"allow":["GET"]}}],"collection":[{"href":"https:\/\/eltrabajo.cl\/portal\/wp-json\/wp\/v2\/posts"}],"about":[{"href":"https:\/\/eltrabajo.cl\/portal\/wp-json\/wp\/v2\/types\/post"}],"author":[{"embeddable":true,"href":"https:\/\/eltrabajo.cl\/portal\/wp-json\/wp\/v2\/users\/482"}],"replies":[{"embeddable":true,"href":"https:\/\/eltrabajo.cl\/portal\/wp-json\/wp\/v2\/comments?post=50059"}],"version-history":[{"count":0,"href":"https:\/\/eltrabajo.cl\/portal\/wp-json\/wp\/v2\/posts\/50059\/revisions"}],"wp:featuredmedia":[{"embeddable":true,"href":"https:\/\/eltrabajo.cl\/portal\/wp-json\/wp\/v2\/media\/50060"}],"wp:attachment":[{"href":"https:\/\/eltrabajo.cl\/portal\/wp-json\/wp\/v2\/media?parent=50059"}],"wp:term":[{"taxonomy":"category","embeddable":true,"href":"https:\/\/eltrabajo.cl\/portal\/wp-json\/wp\/v2\/categories?post=50059"},{"taxonomy":"post_tag","embeddable":true,"href":"https:\/\/eltrabajo.cl\/portal\/wp-json\/wp\/v2\/tags?post=50059"}],"curies":[{"name":"wp","href":"https:\/\/api.w.org\/{rel}","templated":true}]}}