{"id":50064,"date":"2014-08-19T13:22:23","date_gmt":"2014-08-19T17:22:23","guid":{"rendered":"http:\/\/www.eltrabajo.cl\/portal\/?p=50064"},"modified":"2014-08-19T13:22:23","modified_gmt":"2014-08-19T17:22:23","slug":"agradecida-familia-dona-importante-equipo-medico-al-hospital-san-camilo","status":"publish","type":"post","link":"https:\/\/eltrabajo.cl\/portal\/agradecida-familia-dona-importante-equipo-medico-al-hospital-san-camilo\/","title":{"rendered":"Agradecida familia dona importante equipo m\u00e9dico al Hospital San Camilo"},"content":{"rendered":"<figure id=\"attachment_50065\" aria-describedby=\"caption-attachment-50065\" style=\"width: 296px\" class=\"wp-caption alignleft\"><a href=\"https:\/\/i0.wp.com\/www.eltrabajo.cl\/portal\/wp-content\/uploads\/2014\/08\/Donacion1.jpg\"><img data-recalc-dims=\"1\" loading=\"lazy\" decoding=\"async\" class=\" wp-image-50065  \" alt=\"Aparece en la gr\u00e1fica Don Manuel Herrera Garay junto a la Sra. Adriana Rojas Pereira, Subdirectora de Gesti\u00f3n de Cuidado.\" src=\"https:\/\/i0.wp.com\/www.eltrabajo.cl\/portal\/wp-content\/uploads\/2014\/08\/Donacion1.jpg?resize=296%2C438\" width=\"296\" height=\"438\" srcset=\"https:\/\/i0.wp.com\/eltrabajo.cl\/portal\/wp-content\/uploads\/2014\/08\/Donacion1.jpg?w=529&amp;ssl=1 529w, https:\/\/i0.wp.com\/eltrabajo.cl\/portal\/wp-content\/uploads\/2014\/08\/Donacion1.jpg?resize=101%2C150&amp;ssl=1 101w, https:\/\/i0.wp.com\/eltrabajo.cl\/portal\/wp-content\/uploads\/2014\/08\/Donacion1.jpg?resize=203%2C300&amp;ssl=1 203w, https:\/\/i0.wp.com\/eltrabajo.cl\/portal\/wp-content\/uploads\/2014\/08\/Donacion1.jpg?resize=400%2C590&amp;ssl=1 400w\" sizes=\"auto, (max-width: 296px) 100vw, 296px\" \/><\/a><figcaption id=\"caption-attachment-50065\" class=\"wp-caption-text\">Aparece en la gr\u00e1fica Don Manuel Herrera Garay junto a la Sra. Adriana Rojas Pereira, Subdirectora de Gesti\u00f3n de Cuidado.<\/figcaption><\/figure>\n<ul>\n<li><strong>Tras la muerte de su hermana, decidieron aportar para que otros enfermos tengan la buena atenci\u00f3n que ella recibi\u00f3 en el centro hospitalario.<\/strong><\/li>\n<\/ul>\n<p>Siguiendo el ejemplo de su hermana, quien en vida fuera una mujer muy solidaria, la familia de Marta Luisa Herrera Garay decidi\u00f3 donar un importante equipo m\u00e9dico al Hospital San Camilo en agradecimiento por la buena atenci\u00f3n recibida durante su estad\u00eda en el recinto de salud. La entrega la realiz\u00f3 su hermano, Don Manuel Herrera Garay, quien de manera voluntaria concurri\u00f3 al establecimiento a realizar la donaci\u00f3n del equipo que permite aliviar los malestares de quienes se encuentran con problemas respiratorios y que es muy utilizado en servicios como Medicina.<\/p>\n<p>\u201cEstamos muy agradecidos por esta donaci\u00f3n, ya que nos habla de que todav\u00eda quedan ciudadanos que antes de pensar en el provecho econ\u00f3mico, deciden realizar una buena obra a favor de quienes m\u00e1s lo necesitan, por lo que nuestro compromiso es darle el mejor uso a este equipamiento que hoy nos entregan\u201d, asegur\u00f3 el Director del Hospital San Camilo.<\/p>\n<p>Por su parte Don Manuel, manifest\u00f3 que \u201cojala que con este equipo se pueda aliviar a otros enfermos, tal como en vida alivi\u00f3 a mi hermana, quien fue la de la idea de donar al hospital, ya que como sanfelipe\u00f1os que somos, queremos lo mejor para nuestra zona y su gente\u201d. Finalmente el Dr. Irribarra record\u00f3 que en este tipo de casos, el costo de lo donado no es lo m\u00e1s importante, sino el acto mismo de solidaridad que esta familia tuvo, ya que pudiendo vender el equipo, decidieron aportar a quienes m\u00e1s lo necesitan.<\/p>\n<p>&nbsp;<\/p>\n","protected":false},"excerpt":{"rendered":"<p>Tras la muerte de su hermana, decidieron aportar para que otros enfermos tengan la buena atenci\u00f3n que ella recibi\u00f3 en el centro hospitalario. Siguiendo el ejemplo de su hermana, quien en vida&#8230;<\/p>\n","protected":false},"author":482,"featured_media":50065,"comment_status":"open","ping_status":"closed","sticky":false,"template":"","format":"standard","meta":{"advanced_seo_description":"","jetpack_seo_html_title":"","jetpack_seo_noindex":false,"_jetpack_memberships_contains_paid_content":false,"footnotes":""},"categories":[15],"tags":[],"class_list":["post-50064","post","type-post","status-publish","format-standard","has-post-thumbnail","hentry","category-comunidad"],"jetpack_featured_media_url":"https:\/\/i0.wp.com\/eltrabajo.cl\/portal\/wp-content\/uploads\/2014\/08\/Donacion1.jpg?fit=529%2C781&ssl=1","jetpack_sharing_enabled":true,"jetpack_likes_enabled":true,"jetpack-related-posts":[],"_links":{"self":[{"href":"https:\/\/eltrabajo.cl\/portal\/wp-json\/wp\/v2\/posts\/50064","targetHints":{"allow":["GET"]}}],"collection":[{"href":"https:\/\/eltrabajo.cl\/portal\/wp-json\/wp\/v2\/posts"}],"about":[{"href":"https:\/\/eltrabajo.cl\/portal\/wp-json\/wp\/v2\/types\/post"}],"author":[{"embeddable":true,"href":"https:\/\/eltrabajo.cl\/portal\/wp-json\/wp\/v2\/users\/482"}],"replies":[{"embeddable":true,"href":"https:\/\/eltrabajo.cl\/portal\/wp-json\/wp\/v2\/comments?post=50064"}],"version-history":[{"count":0,"href":"https:\/\/eltrabajo.cl\/portal\/wp-json\/wp\/v2\/posts\/50064\/revisions"}],"wp:featuredmedia":[{"embeddable":true,"href":"https:\/\/eltrabajo.cl\/portal\/wp-json\/wp\/v2\/media\/50065"}],"wp:attachment":[{"href":"https:\/\/eltrabajo.cl\/portal\/wp-json\/wp\/v2\/media?parent=50064"}],"wp:term":[{"taxonomy":"category","embeddable":true,"href":"https:\/\/eltrabajo.cl\/portal\/wp-json\/wp\/v2\/categories?post=50064"},{"taxonomy":"post_tag","embeddable":true,"href":"https:\/\/eltrabajo.cl\/portal\/wp-json\/wp\/v2\/tags?post=50064"}],"curies":[{"name":"wp","href":"https:\/\/api.w.org\/{rel}","templated":true}]}}