{"id":50069,"date":"2014-08-19T13:32:27","date_gmt":"2014-08-19T17:32:27","guid":{"rendered":"http:\/\/www.eltrabajo.cl\/portal\/?p=50069"},"modified":"2021-06-11T16:41:09","modified_gmt":"2021-06-11T20:41:09","slug":"apunalan-a-taxista-y-lo-abandonan-en-calle-michimalongo","status":"publish","type":"post","link":"https:\/\/eltrabajo.cl\/portal\/apunalan-a-taxista-y-lo-abandonan-en-calle-michimalongo\/","title":{"rendered":"Apu\u00f1alan a taxista y lo abandonan en Calle Michimalongo"},"content":{"rendered":"<figure id=\"attachment_50070\" aria-describedby=\"caption-attachment-50070\" style=\"width: 370px\" class=\"wp-caption alignleft\"><a href=\"https:\/\/i0.wp.com\/www.eltrabajo.cl\/portal\/wp-content\/uploads\/2014\/08\/hombres-de-negro.jpg\"><img data-recalc-dims=\"1\" loading=\"lazy\" decoding=\"async\" class=\" wp-image-50070\" src=\"https:\/\/i0.wp.com\/www.eltrabajo.cl\/portal\/wp-content\/uploads\/2014\/08\/hombres-de-negro.jpg?resize=370%2C297\" alt=\"Los detenidos Jonathan Caro Lafqu\u00e9n y J.C.C., manten\u00edan las especies robadas de propiedad del conductor del radio taxi siendo aprehendidos por Carabineros.\" width=\"370\" height=\"297\" srcset=\"https:\/\/i0.wp.com\/eltrabajo.cl\/portal\/wp-content\/uploads\/2014\/08\/hombres-de-negro.jpg?w=528&amp;ssl=1 528w, https:\/\/i0.wp.com\/eltrabajo.cl\/portal\/wp-content\/uploads\/2014\/08\/hombres-de-negro.jpg?resize=186%2C150&amp;ssl=1 186w, https:\/\/i0.wp.com\/eltrabajo.cl\/portal\/wp-content\/uploads\/2014\/08\/hombres-de-negro.jpg?resize=300%2C240&amp;ssl=1 300w, https:\/\/i0.wp.com\/eltrabajo.cl\/portal\/wp-content\/uploads\/2014\/08\/hombres-de-negro.jpg?resize=150%2C120&amp;ssl=1 150w, https:\/\/i0.wp.com\/eltrabajo.cl\/portal\/wp-content\/uploads\/2014\/08\/hombres-de-negro.jpg?resize=400%2C321&amp;ssl=1 400w\" sizes=\"auto, (max-width: 370px) 100vw, 370px\" \/><\/a><figcaption id=\"caption-attachment-50070\" class=\"wp-caption-text\">Los detenidos Jonathan Caro Lafqu\u00e9n y J.C.C., manten\u00edan las especies robadas de propiedad del conductor del radio taxi siendo aprehendidos por Carabineros.<\/figcaption><\/figure>\n<p>En Prisi\u00f3n Preventiva dentro de los pr\u00f3ximos 75 d\u00edas permanecer\u00e1n dos hombres y una mujer, formalizados por Robo con violencia a un chofer de radiotaxi que fue apu\u00f1alado para arrebatarle diversas especies y dejarlo abandonado en Calle Michimalongo de San Felipe.<\/p>\n<p>Los hechos ocurrieron a eso de las 02:40 de la madrugada de ayer lunes, cuando el conductor del radio taxi de la empresa Taxcom conduc\u00eda su veh\u00edculo marca Toyota por Calle Merced y al llegar a la intersecci\u00f3n de Combate de Las Coimas, cuatro individuos desconocidos le solicitaron sus servicios para ser trasladados hasta Carretera San Mart\u00edn con el cruce de Tierras Blancas.<\/p>\n<p><strong>\u00a0EL ASALTO<\/strong><\/p>\n<p>Hasta ese momento todo era normal, hasta el que el chofer les solicit\u00f3 que le cancelaran la carrera, instante en que los pasajeros le se\u00f1alaron que no manten\u00edan dinero, por lo que el conductor detuvo la marcha en Calle Michimalongo, oblig\u00e1ndoles a que descendieran del m\u00f3vil.<\/p>\n<figure id=\"attachment_50071\" aria-describedby=\"caption-attachment-50071\" style=\"width: 222px\" class=\"wp-caption alignright\"><a href=\"https:\/\/i0.wp.com\/www.eltrabajo.cl\/portal\/wp-content\/uploads\/2014\/08\/Mujer-1.jpg\"><img data-recalc-dims=\"1\" loading=\"lazy\" decoding=\"async\" class=\" wp-image-50071 \" src=\"https:\/\/i0.wp.com\/www.eltrabajo.cl\/portal\/wp-content\/uploads\/2014\/08\/Mujer-1.jpg?resize=222%2C273\" alt=\"La imputada de 20 a\u00f1os de edad identificada como Jesabel L\u00f3pez Pino fue detenida y formalizada por su participaci\u00f3n en el robo con violencia.\" width=\"222\" height=\"273\" srcset=\"https:\/\/i0.wp.com\/eltrabajo.cl\/portal\/wp-content\/uploads\/2014\/08\/Mujer-1.jpg?w=529&amp;ssl=1 529w, https:\/\/i0.wp.com\/eltrabajo.cl\/portal\/wp-content\/uploads\/2014\/08\/Mujer-1.jpg?resize=122%2C150&amp;ssl=1 122w, https:\/\/i0.wp.com\/eltrabajo.cl\/portal\/wp-content\/uploads\/2014\/08\/Mujer-1.jpg?resize=244%2C300&amp;ssl=1 244w, https:\/\/i0.wp.com\/eltrabajo.cl\/portal\/wp-content\/uploads\/2014\/08\/Mujer-1.jpg?resize=400%2C491&amp;ssl=1 400w\" sizes=\"auto, (max-width: 222px) 100vw, 222px\" \/><\/a><figcaption id=\"caption-attachment-50071\" class=\"wp-caption-text\">La imputada de 20 a\u00f1os de edad identificada como Jesabel L\u00f3pez Pino fue detenida y formalizada por su participaci\u00f3n en el robo con violencia.<\/figcaption><\/figure>\n<p>Sin embargo, uno de los sujetos tom\u00f3 por el cuello al taxista y lo intimid\u00f3 con un cuchillo tipo mariposa, manifestando que no le cancelar\u00edan el servicio, por lo que sin clemencia le propin\u00f3 diversas pu\u00f1aladas en el hombro del conductor, identificado con las iniciales Y.S.B., de 30 a\u00f1os de edad, mientras que la mujer lo golpeaba con sus pu\u00f1os para sustraerle su tel\u00e9fono celular desde su bolsillo.<\/p>\n<p><strong>\u00a0PIDI\u00d3 AUXILIO<\/strong><\/p>\n<p>Los delincuentes continuaron el asalto descendiendo del m\u00f3vil, abrieron la puerta del conductor, sustrajeron dos tel\u00e9fonos celulares m\u00e1s que portaba la v\u00edctima, quien en un acto de desesperaci\u00f3n y sin que los antisociales se dieran cuenta, comenz\u00f3 a apretar reiteradas veces el \u2018petete\u2019 de la radio de comunicaci\u00f3n para pedir auxilio a sus colegas.<\/p>\n<p>En segundos, uno de los sujetos lo tom\u00f3 violentamente con sus brazos y lo oblig\u00f3 a descender del radiotaxi para escapar en el veh\u00edculo, dej\u00e1ndolo abandonado y herido en dicha intersecci\u00f3n, siendo rescatado posteriormente por sus colegas, quienes alertaron la presencia de Carabineros.<\/p>\n<p>En tanto la joven v\u00edctima de estos sucesos fue trasladado hasta el Servicio de Urgencias del Hospital San Camilo, siendo diagnosticado con m\u00faltiples heridas punzocortantes en su hombro derecho de car\u00e1cter leve.<\/p>\n<p><strong>\u00a0FUERON DETENIDOS<\/strong><\/p>\n<p>El procedimiento continu\u00f3 con la intensa b\u00fasqueda de los delincuentes a trav\u00e9s de patrullajes a cargo de los carabineros del Ret\u00e9n de Curim\u00f3n, quienes observaron en el kil\u00f3metro 12 de Carretera San Mart\u00edn, un veh\u00edculo en medio de la ruta con una de sus puertas abiertas y sin el panel de control de la radio musical ni la radio de comunicaciones.<\/p>\n<p>Cerca de las 03:30 horas en la misma carretera casi al llegar a Callej\u00f3n Los Gallardos, transitaban tres sujetos con caracter\u00edsticas similares indicadas por la v\u00edctima, a los cuales se les practic\u00f3 un control de identidad y comprobando que portaban los celulares de la v\u00edctima.<\/p>\n<p>Uno de los detenidos portaba once papelillos de pasta base de coca\u00edna y un tel\u00e9fono celular, adem\u00e1s de un arma blanca tipo mariposa de doce cent\u00edmetros, un panel de radio marca Pionner y un panel de radio comunicaciones de propiedad del conductor del radio taxi, quien reconoci\u00f3 a los tres sujetos como los autores del asalto y las heridas punzocortantes.<\/p>\n<p>Las especies sustra\u00eddas fueron avaluadas en un total de $7.750.000 que fueron devueltas a su propietario. Asimismo, Carabineros identific\u00f3 a los imputados como Jesabel Ester L\u00f3pez Pino (20), Jonathan Wladimir Caro Lafqu\u00e9n (23) y J.A.C.C., domiciliados en la comuna de San Felipe, quienes fueron trasladados hasta el Juzgado de Garant\u00eda de esta comuna.<\/p>\n<p>El Fiscal Julio Palacios los formaliz\u00f3 por el delito de Robo con violencia, requiriendo ante el Juez de Garant\u00eda Leopoldo Soto, la m\u00e1xima medida cautelar, mientras se investiga el caso para llegar a un juicio oral, petici\u00f3n que fue acogida por el tribunal.<\/p>\n<p>Los acusados podr\u00edan ser condenados a penas de crimen sin beneficios por su actuar en grupo o pandilla. La fiscal\u00eda solicit\u00f3 el registro de las c\u00e1maras de vigilancia del centro de la comuna de San Felipe como pruebas en contra de los sujetos cuando abordaron el veh\u00edculo de la v\u00edctima.<\/p>\n<p>\u00abSe pidi\u00f3 la Prisi\u00f3n Preventiva para los tres imputados por un plazo de 75 d\u00edas, ninguno de ellos manten\u00eda antecedentes pero son un peligro para la seguridad de la sociedad. El Ministerio P\u00fablico iniciar\u00e1 la correspondiente investigaci\u00f3n para esclarecer los hechos\u00bb, indic\u00f3 a Diario El Trabajo el Fiscal Julio Palacios.<\/p>\n<p>Los dos hombres imputados fueron conducidos hasta el Centro de Cumplimento Penitenciario de San Felipe, mientras que la mujer fue derivada hasta el Centro de Cumplimiento Penitenciario Femenino de la comuna de Los Andes.<\/p>\n<p>Pablo Salinas Sald\u00edas<\/p>\n","protected":false},"excerpt":{"rendered":"<p>En Prisi\u00f3n Preventiva dentro de los pr\u00f3ximos 75 d\u00edas permanecer\u00e1n dos hombres y una mujer, formalizados por Robo con violencia a un chofer de radiotaxi que fue apu\u00f1alado para arrebatarle diversas especies&#8230;<\/p>\n","protected":false},"author":482,"featured_media":50070,"comment_status":"open","ping_status":"closed","sticky":false,"template":"","format":"standard","meta":{"advanced_seo_description":"","jetpack_seo_html_title":"","jetpack_seo_noindex":false,"_jetpack_memberships_contains_paid_content":false,"footnotes":""},"categories":[21],"tags":[],"class_list":["post-50069","post","type-post","status-publish","format-standard","has-post-thumbnail","hentry","category-policial"],"jetpack_featured_media_url":"https:\/\/i0.wp.com\/eltrabajo.cl\/portal\/wp-content\/uploads\/2014\/08\/hombres-de-negro.jpg?fit=528%2C424&ssl=1","jetpack_sharing_enabled":true,"jetpack_likes_enabled":true,"jetpack-related-posts":[],"_links":{"self":[{"href":"https:\/\/eltrabajo.cl\/portal\/wp-json\/wp\/v2\/posts\/50069","targetHints":{"allow":["GET"]}}],"collection":[{"href":"https:\/\/eltrabajo.cl\/portal\/wp-json\/wp\/v2\/posts"}],"about":[{"href":"https:\/\/eltrabajo.cl\/portal\/wp-json\/wp\/v2\/types\/post"}],"author":[{"embeddable":true,"href":"https:\/\/eltrabajo.cl\/portal\/wp-json\/wp\/v2\/users\/482"}],"replies":[{"embeddable":true,"href":"https:\/\/eltrabajo.cl\/portal\/wp-json\/wp\/v2\/comments?post=50069"}],"version-history":[{"count":0,"href":"https:\/\/eltrabajo.cl\/portal\/wp-json\/wp\/v2\/posts\/50069\/revisions"}],"wp:featuredmedia":[{"embeddable":true,"href":"https:\/\/eltrabajo.cl\/portal\/wp-json\/wp\/v2\/media\/50070"}],"wp:attachment":[{"href":"https:\/\/eltrabajo.cl\/portal\/wp-json\/wp\/v2\/media?parent=50069"}],"wp:term":[{"taxonomy":"category","embeddable":true,"href":"https:\/\/eltrabajo.cl\/portal\/wp-json\/wp\/v2\/categories?post=50069"},{"taxonomy":"post_tag","embeddable":true,"href":"https:\/\/eltrabajo.cl\/portal\/wp-json\/wp\/v2\/tags?post=50069"}],"curies":[{"name":"wp","href":"https:\/\/api.w.org\/{rel}","templated":true}]}}