{"id":50093,"date":"2014-08-20T13:36:58","date_gmt":"2014-08-20T17:36:58","guid":{"rendered":"http:\/\/www.eltrabajo.cl\/portal\/?p=50093"},"modified":"2014-08-20T13:36:58","modified_gmt":"2014-08-20T17:36:58","slug":"sanfelipena-gana-6o-concurso-fotografico-lactancia-materna","status":"publish","type":"post","link":"https:\/\/eltrabajo.cl\/portal\/sanfelipena-gana-6o-concurso-fotografico-lactancia-materna\/","title":{"rendered":"Sanfelipe\u00f1a gana 6\u00ba concurso fotogr\u00e1fico \u2018Lactancia materna\u2019"},"content":{"rendered":"<figure id=\"attachment_50094\" aria-describedby=\"caption-attachment-50094\" style=\"width: 370px\" class=\"wp-caption alignleft\"><a href=\"https:\/\/i0.wp.com\/www.eltrabajo.cl\/portal\/wp-content\/uploads\/2014\/08\/Rosa-y-Moises.jpg\"><img data-recalc-dims=\"1\" loading=\"lazy\" decoding=\"async\" class=\" wp-image-50094 \" alt=\"Rosa Veas y su esposo Mois\u00e9s junto a su peque\u00f1a hija Francia de dos meses, resultaron ganadoras del sexto concurso fotogr\u00e1fico Lactancia materna.\" src=\"https:\/\/i0.wp.com\/www.eltrabajo.cl\/portal\/wp-content\/uploads\/2014\/08\/Rosa-y-Moises.jpg?resize=370%2C491\" width=\"370\" height=\"491\" srcset=\"https:\/\/i0.wp.com\/eltrabajo.cl\/portal\/wp-content\/uploads\/2014\/08\/Rosa-y-Moises.jpg?w=529&amp;ssl=1 529w, https:\/\/i0.wp.com\/eltrabajo.cl\/portal\/wp-content\/uploads\/2014\/08\/Rosa-y-Moises.jpg?resize=113%2C150&amp;ssl=1 113w, https:\/\/i0.wp.com\/eltrabajo.cl\/portal\/wp-content\/uploads\/2014\/08\/Rosa-y-Moises.jpg?resize=226%2C300&amp;ssl=1 226w, https:\/\/i0.wp.com\/eltrabajo.cl\/portal\/wp-content\/uploads\/2014\/08\/Rosa-y-Moises.jpg?resize=400%2C530&amp;ssl=1 400w\" sizes=\"auto, (max-width: 370px) 100vw, 370px\" \/><\/a><figcaption id=\"caption-attachment-50094\" class=\"wp-caption-text\">Rosa Veas y su esposo Mois\u00e9s junto a su peque\u00f1a hija Francia de dos meses, resultaron ganadoras del sexto concurso fotogr\u00e1fico Lactancia materna.<\/figcaption><\/figure>\n<p>La joven madre Rosa Veas Escudero y su peque\u00f1a hija Francia, de dos meses de vida, representando al Centro de Salud Familiar San Felipe El Real, fueron reconocidas con el primer lugar del sexto concurso que promueve la lactancia materna organizada por el Servicio Salud Aconcagua.<\/p>\n<p>La ceremonia realizada en el sal\u00f3n del Club \u00c1rabe de San Felipe la ma\u00f1ana de ayer martes, culmin\u00f3 con la entrega de reconocimientos a seis fotograf\u00edas escogidas por el jurado, tras una selecci\u00f3n de 140 im\u00e1genes que fueron enviadas para participar desde las diez comunas del Valle del Aconcagua.<\/p>\n<p>Para el Director del Servicio de Salud, Alejandro C\u00e1rdenas, result\u00f3 fundamental la promoci\u00f3n como Ministerio de Salud de la lactancia materna, por su significado en t\u00e9rminos de la salud del ni\u00f1o en su desarrollo f\u00edsico, emocional y psicol\u00f3gico. \u201cEsta es la sexta jornada del concurso, hace seis a\u00f1os el indicador que med\u00eda la cantidad de ni\u00f1os que estaban con lactancia materna a los seis meses ac\u00e1 en el Valle de Aconcagua alcanzaba el 40% en base a la poblaci\u00f3n bajo control. Despu\u00e9s de este concurso hemos alcanzado hasta el 50%, lo cual nos deja en una posici\u00f3n bastante positiva y siendo el indicador m\u00e1s alto del pa\u00eds y el m\u00e1s alto de la regi\u00f3n, es decir uno de cada dos ni\u00f1os en Aconcagua tiene un proceso de lactancia materna hasta los seis meses\u201d, expres\u00f3 C\u00e1rdenas a Diario El Trabajo.<\/p>\n<p>Rosa Veas y su hija Francia se convertir\u00e1n en la nueva imagen corporativa para el pr\u00f3ximo a\u00f1o, cuando se promueva una nueva versi\u00f3n de la Semana de la Lactancia Materna en su s\u00e9ptima edici\u00f3n.<\/p>\n<p>Adem\u00e1s se reconocieron las fotograf\u00edas en distintas categor\u00edas como Menci\u00f3n Familia a Constanza \u00c1lvarez y su hija Colomba Ulloa, del Cesfam de Llay Llay, junto con Cynthia P\u00e9rez y su hijo Felipe Ayala representando al Cesfam Doctor Segismundo Iturra de San Felipe.<\/p>\n<p>En la Menci\u00f3n Hospitalizado, Mateo Adarme del Hospital San Camilo, y en la Menci\u00f3n Producci\u00f3n Fotogr\u00e1fica: Andrea V\u00e9liz y su hija Am\u00e9rica Rodr\u00edguez de la comuna de Rinconada. En la categor\u00eda Menci\u00f3n Honrosa: Catherine Aracena y su hija Paz Urbina del Cesfam de la comuna de Llay Llay.<\/p>\n<p>En entrevista con la ganadora del primer lugar del concurso, Rosa Veas indic\u00f3 a Diario El Trabajo estar muy emocionada junto a su hija y su esposo por haber participado del concurso luego de convertirse en mam\u00e1 desde que naci\u00f3 su hija Francia el pasado 24 de junio.<\/p>\n<p>\u201cNos emocionamos mucho con mi esposo cuando nos avisaron, para nosotros ha sido muy bonita la lactancia materna aunque ha sido dif\u00edcil, no es f\u00e1cil, pero vemos crecer cada d\u00eda m\u00e1s a nuestra hija y eso nos llena por completo. Cada vez que le doy pecho y la veo junto conmigo, se crea un apego completamente real\u201d, se\u00f1al\u00f3 Rosa.<\/p>\n<p>La madre explic\u00f3 que su motivaci\u00f3n por participar de la causa fue tras enterarse por un medio radial y despu\u00e9s obtener informaci\u00f3n en Cesfam de Calle Cajales, \u201cnos motivaron y ah\u00ed nos sacamos la foto nosotros y la enviamos, pero nunca pens\u00e1bamos que \u00edbamos a ganar. Es muy importante porque uno lo ve por el sentido de que muchas mam\u00e1s dejan de darle pecho a su beb\u00e9s con relleno, aunque algunas lo tienen que hacer por necesidad, pero cuando uno puede es la mejor opci\u00f3n aparte de crear el apego uno est\u00e1 alimentando muy bien, porque nuestra hija est\u00e1 s\u00faper sanita, no se ha enfermado nada en el invierno, es un momento de integridad para la familia, mi esposo est\u00e1 conmigo es un momento de recreaci\u00f3n familiar siento que eso nos une m\u00e1s\u201d, concluy\u00f3.<\/p>\n<p>Pablo Salinas Sald\u00edas<\/p>\n<div class=\"tiled-gallery type-rectangular tiled-gallery-unresized\" data-original-width=\"640\" data-carousel-extra='null' itemscope itemtype=\"http:\/\/schema.org\/ImageGallery\" > <div class=\"gallery-row\" style=\"width: 640px; height: 309px;\" data-original-width=\"640\" data-original-height=\"309\" > <div class=\"gallery-group images-1\" style=\"width: 406px; height: 309px;\" data-original-width=\"406\" data-original-height=\"309\" > <div class=\"tiled-gallery-item tiled-gallery-item-large\" itemprop=\"associatedMedia\" itemscope itemtype=\"http:\/\/schema.org\/ImageObject\"> <a href=\"https:\/\/eltrabajo.cl\/portal\/sanfelipena-gana-6o-concurso-fotografico-lactancia-materna\/familia-2\/\" border=\"0\" itemprop=\"url\"> <meta itemprop=\"width\" content=\"402\"> <meta itemprop=\"height\" content=\"305\"> <img decoding=\"async\" class=\"\" data-attachment-id=\"50096\" data-orig-file=\"https:\/\/eltrabajo.cl\/portal\/wp-content\/uploads\/2014\/08\/Familia.jpg\" data-orig-size=\"528,400\" data-comments-opened=\"1\" data-image-meta=\"{&quot;aperture&quot;:&quot;0&quot;,&quot;credit&quot;:&quot;&quot;,&quot;camera&quot;:&quot;&quot;,&quot;caption&quot;:&quot;&quot;,&quot;created_timestamp&quot;:&quot;0&quot;,&quot;copyright&quot;:&quot;&quot;,&quot;focal_length&quot;:&quot;0&quot;,&quot;iso&quot;:&quot;0&quot;,&quot;shutter_speed&quot;:&quot;0&quot;,&quot;title&quot;:&quot;&quot;}\" data-image-title=\"Familia\" data-image-description=\"&lt;p&gt;Rosa Veas y su familia fueron reconocidas con el primer lugar siendo distinguidas por el Director del Servicio de Salud Aconcagua, Alejandro C\u00e1rdenas.&lt;\/p&gt; \" data-medium-file=\"https:\/\/i0.wp.com\/eltrabajo.cl\/portal\/wp-content\/uploads\/2014\/08\/Familia.jpg?fit=300%2C227&#038;ssl=1\" data-large-file=\"https:\/\/i0.wp.com\/eltrabajo.cl\/portal\/wp-content\/uploads\/2014\/08\/Familia.jpg?fit=528%2C400&#038;ssl=1\" src=\"https:\/\/i0.wp.com\/eltrabajo.cl\/portal\/wp-content\/uploads\/2014\/08\/Familia.jpg?w=402&#038;h=305&#038;ssl=1\" srcset=\"https:\/\/i0.wp.com\/eltrabajo.cl\/portal\/wp-content\/uploads\/2014\/08\/Familia.jpg?w=528&amp;ssl=1 528w, https:\/\/i0.wp.com\/eltrabajo.cl\/portal\/wp-content\/uploads\/2014\/08\/Familia.jpg?resize=198%2C150&amp;ssl=1 198w, https:\/\/i0.wp.com\/eltrabajo.cl\/portal\/wp-content\/uploads\/2014\/08\/Familia.jpg?resize=300%2C227&amp;ssl=1 300w, https:\/\/i0.wp.com\/eltrabajo.cl\/portal\/wp-content\/uploads\/2014\/08\/Familia.jpg?resize=150%2C113&amp;ssl=1 150w, https:\/\/i0.wp.com\/eltrabajo.cl\/portal\/wp-content\/uploads\/2014\/08\/Familia.jpg?resize=400%2C303&amp;ssl=1 400w\" width=\"402\" height=\"305\" loading=\"lazy\" data-original-width=\"402\" data-original-height=\"305\" itemprop=\"http:\/\/schema.org\/image\" title=\"Familia\" alt=\"Rosa Veas y su familia fueron reconocidas con el primer lugar siendo distinguidas por el Director del Servicio de Salud Aconcagua, Alejandro C\u00e1rdenas.\" style=\"width: 402px; height: 305px;\" \/> <\/a> <div class=\"tiled-gallery-caption\" itemprop=\"caption description\"> Rosa Veas y su familia fueron reconocidas con el primer lugar siendo distinguidas por el Director del Servicio de Salud Aconcagua, Alejandro C\u00e1rdenas. <\/div> <\/div> <\/div> <!-- close group --> <div class=\"gallery-group images-1\" style=\"width: 234px; height: 309px;\" data-original-width=\"234\" data-original-height=\"309\" > <div class=\"tiled-gallery-item tiled-gallery-item-small\" itemprop=\"associatedMedia\" itemscope itemtype=\"http:\/\/schema.org\/ImageObject\"> <a href=\"https:\/\/eltrabajo.cl\/portal\/sanfelipena-gana-6o-concurso-fotografico-lactancia-materna\/director-servicio-salud\/\" border=\"0\" itemprop=\"url\"> <meta itemprop=\"width\" content=\"230\"> <meta itemprop=\"height\" content=\"305\"> <img decoding=\"async\" class=\"\" data-attachment-id=\"50095\" data-orig-file=\"https:\/\/eltrabajo.cl\/portal\/wp-content\/uploads\/2014\/08\/Director-Servicio-Salud.jpg\" data-orig-size=\"529,701\" data-comments-opened=\"1\" data-image-meta=\"{&quot;aperture&quot;:&quot;0&quot;,&quot;credit&quot;:&quot;&quot;,&quot;camera&quot;:&quot;&quot;,&quot;caption&quot;:&quot;&quot;,&quot;created_timestamp&quot;:&quot;0&quot;,&quot;copyright&quot;:&quot;&quot;,&quot;focal_length&quot;:&quot;0&quot;,&quot;iso&quot;:&quot;0&quot;,&quot;shutter_speed&quot;:&quot;0&quot;,&quot;title&quot;:&quot;&quot;}\" data-image-title=\"Director Servicio Salud\" data-image-description=\"&lt;p&gt;El director del Servicio de Salud Aconcagua, Alejandro C\u00e1rdenas destac\u00f3 la promoci\u00f3n de la lactancia materna en la comunidad.&lt;\/p&gt; \" data-medium-file=\"https:\/\/i0.wp.com\/eltrabajo.cl\/portal\/wp-content\/uploads\/2014\/08\/Director-Servicio-Salud.jpg?fit=226%2C300&#038;ssl=1\" data-large-file=\"https:\/\/i0.wp.com\/eltrabajo.cl\/portal\/wp-content\/uploads\/2014\/08\/Director-Servicio-Salud.jpg?fit=529%2C701&#038;ssl=1\" src=\"https:\/\/i0.wp.com\/eltrabajo.cl\/portal\/wp-content\/uploads\/2014\/08\/Director-Servicio-Salud.jpg?w=230&#038;h=305&#038;ssl=1\" srcset=\"https:\/\/i0.wp.com\/eltrabajo.cl\/portal\/wp-content\/uploads\/2014\/08\/Director-Servicio-Salud.jpg?w=529&amp;ssl=1 529w, https:\/\/i0.wp.com\/eltrabajo.cl\/portal\/wp-content\/uploads\/2014\/08\/Director-Servicio-Salud.jpg?resize=113%2C150&amp;ssl=1 113w, https:\/\/i0.wp.com\/eltrabajo.cl\/portal\/wp-content\/uploads\/2014\/08\/Director-Servicio-Salud.jpg?resize=226%2C300&amp;ssl=1 226w, https:\/\/i0.wp.com\/eltrabajo.cl\/portal\/wp-content\/uploads\/2014\/08\/Director-Servicio-Salud.jpg?resize=400%2C530&amp;ssl=1 400w\" width=\"230\" height=\"305\" loading=\"lazy\" data-original-width=\"230\" data-original-height=\"305\" itemprop=\"http:\/\/schema.org\/image\" title=\"Director Servicio Salud\" alt=\"El director del Servicio de Salud Aconcagua, Alejandro C\u00e1rdenas destac\u00f3 la promoci\u00f3n de la lactancia materna en la comunidad.\" style=\"width: 230px; height: 305px;\" \/> <\/a> <div class=\"tiled-gallery-caption\" itemprop=\"caption description\"> El director del Servicio de Salud Aconcagua, Alejandro C\u00e1rdenas destac\u00f3 la promoci\u00f3n de la lactancia materna en la comunidad. <\/div> <\/div> <\/div> <!-- close group --> <\/div> <!-- close row --> <\/div>\n","protected":false},"excerpt":{"rendered":"<p>La joven madre Rosa Veas Escudero y su peque\u00f1a hija Francia, de dos meses de vida, representando al Centro de Salud Familiar San Felipe El Real, fueron reconocidas con el primer lugar&#8230;<\/p>\n","protected":false},"author":482,"featured_media":50094,"comment_status":"open","ping_status":"closed","sticky":false,"template":"","format":"standard","meta":{"advanced_seo_description":"","jetpack_seo_html_title":"","jetpack_seo_noindex":false,"_jetpack_memberships_contains_paid_content":false,"footnotes":""},"categories":[15],"tags":[],"class_list":["post-50093","post","type-post","status-publish","format-standard","has-post-thumbnail","hentry","category-comunidad"],"jetpack_featured_media_url":"https:\/\/i0.wp.com\/eltrabajo.cl\/portal\/wp-content\/uploads\/2014\/08\/Rosa-y-Moises.jpg?fit=529%2C701&ssl=1","jetpack_sharing_enabled":true,"jetpack_likes_enabled":true,"jetpack-related-posts":[],"_links":{"self":[{"href":"https:\/\/eltrabajo.cl\/portal\/wp-json\/wp\/v2\/posts\/50093","targetHints":{"allow":["GET"]}}],"collection":[{"href":"https:\/\/eltrabajo.cl\/portal\/wp-json\/wp\/v2\/posts"}],"about":[{"href":"https:\/\/eltrabajo.cl\/portal\/wp-json\/wp\/v2\/types\/post"}],"author":[{"embeddable":true,"href":"https:\/\/eltrabajo.cl\/portal\/wp-json\/wp\/v2\/users\/482"}],"replies":[{"embeddable":true,"href":"https:\/\/eltrabajo.cl\/portal\/wp-json\/wp\/v2\/comments?post=50093"}],"version-history":[{"count":0,"href":"https:\/\/eltrabajo.cl\/portal\/wp-json\/wp\/v2\/posts\/50093\/revisions"}],"wp:featuredmedia":[{"embeddable":true,"href":"https:\/\/eltrabajo.cl\/portal\/wp-json\/wp\/v2\/media\/50094"}],"wp:attachment":[{"href":"https:\/\/eltrabajo.cl\/portal\/wp-json\/wp\/v2\/media?parent=50093"}],"wp:term":[{"taxonomy":"category","embeddable":true,"href":"https:\/\/eltrabajo.cl\/portal\/wp-json\/wp\/v2\/categories?post=50093"},{"taxonomy":"post_tag","embeddable":true,"href":"https:\/\/eltrabajo.cl\/portal\/wp-json\/wp\/v2\/tags?post=50093"}],"curies":[{"name":"wp","href":"https:\/\/api.w.org\/{rel}","templated":true}]}}