{"id":50099,"date":"2014-08-20T13:38:32","date_gmt":"2014-08-20T17:38:32","guid":{"rendered":"http:\/\/www.eltrabajo.cl\/portal\/?p=50099"},"modified":"2014-08-20T13:38:32","modified_gmt":"2014-08-20T17:38:32","slug":"premian-a-ganadores-de-la-vuelta-a-san-felipe-en-80-palabras","status":"publish","type":"post","link":"https:\/\/eltrabajo.cl\/portal\/premian-a-ganadores-de-la-vuelta-a-san-felipe-en-80-palabras\/","title":{"rendered":"Premian a ganadores de \u2018La vuelta a San Felipe en 80 palabras\u2019"},"content":{"rendered":"<figure id=\"attachment_50100\" aria-describedby=\"caption-attachment-50100\" style=\"width: 370px\" class=\"wp-caption alignleft\"><a href=\"https:\/\/i0.wp.com\/www.eltrabajo.cl\/portal\/wp-content\/uploads\/2014\/08\/Concurso11.jpg\"><img data-recalc-dims=\"1\" loading=\"lazy\" decoding=\"async\" class=\" wp-image-50100 \" alt=\"En el concurso participaron 198 trabajos escritos, de los cuales durante el mes de julio, el jurado pre seleccionador, eligi\u00f3 56 cuentos que cumpl\u00edan con las bases.\" src=\"https:\/\/i0.wp.com\/www.eltrabajo.cl\/portal\/wp-content\/uploads\/2014\/08\/Concurso11.jpg?resize=370%2C242\" width=\"370\" height=\"242\" srcset=\"https:\/\/i0.wp.com\/eltrabajo.cl\/portal\/wp-content\/uploads\/2014\/08\/Concurso11.jpg?w=528&amp;ssl=1 528w, https:\/\/i0.wp.com\/eltrabajo.cl\/portal\/wp-content\/uploads\/2014\/08\/Concurso11.jpg?resize=200%2C131&amp;ssl=1 200w, https:\/\/i0.wp.com\/eltrabajo.cl\/portal\/wp-content\/uploads\/2014\/08\/Concurso11.jpg?resize=300%2C196&amp;ssl=1 300w, https:\/\/i0.wp.com\/eltrabajo.cl\/portal\/wp-content\/uploads\/2014\/08\/Concurso11.jpg?resize=150%2C98&amp;ssl=1 150w, https:\/\/i0.wp.com\/eltrabajo.cl\/portal\/wp-content\/uploads\/2014\/08\/Concurso11.jpg?resize=400%2C262&amp;ssl=1 400w\" sizes=\"auto, (max-width: 370px) 100vw, 370px\" \/><\/a><figcaption id=\"caption-attachment-50100\" class=\"wp-caption-text\">En el concurso participaron 198 trabajos escritos, de los cuales durante el mes de julio, el jurado pre seleccionador, eligi\u00f3 56 cuentos que cumpl\u00edan con las bases.<\/figcaption><\/figure>\n<p>En una emotiva ceremonia encabezada por el Alcalde Patricio Freire, se efectu\u00f3 la premiaci\u00f3n de los ganadores del concurso literario \u2018La vuelta a San Felipe en 80 palabras\u2019, iniciativa impulsada por el \u00c1rea de Cultura de la municipalidad, en conjunto con la biblioteca p\u00fablica. La iniciativa, que tuvo su lanzamiento el pasado 23 de abril, D\u00eda Mundial del Libro y del Derecho de Autor, cerr\u00f3 su convocatoria el d\u00eda 23 de junio, con un \u00e9xito de participaci\u00f3n inesperado, culminando su primera versi\u00f3n con esta instancia de premiaci\u00f3n.<\/p>\n<p><strong>LOS GANADORES<\/strong><\/p>\n<p>\u2018Safari Urbano\u2019, del autor Gerardo Jara, fue el ganador de esta primera edici\u00f3n del concurso, resultando la alumna del Liceo Mixto Francisca Urriola, con la obra \u2018Viaje de regreso a casa\u2019, en segundo lugar, mientras que Mar\u00eda Ang\u00e9lica Rivera obtuvo el tercer puesto, con la obra \u2018Fuerte y feliz\u2019.<\/p>\n<p>Ellos recibieron diploma, libros del escritor Carlos Ruiz Zald\u00edvar, obsequios del Sistema Nacional de Bibliotecas P\u00fablicas y la suma de $100.000, $60.000 y $40.000 respectivamente; premios otorgados por la Municipalidad de San Felipe.<\/p>\n<p>Asimismo, se hizo entrega de un premio otorgado por el p\u00fablico, consistente en un diploma y un celular Samsung Galaxy Trend, gentileza del Programa Biblio-redes de la Dibam. Este reconocimiento lo obtuvo Mart\u00edn Manzano Z\u00fa\u00f1iga, alumno de sexto b\u00e1sico del Liceo Mixto, quien con su cuento \u2018Las estatuas de San Felipe\u2019, logr\u00f3 1.022 votos, seguido de \u2018Caldera\u2019, del autor Gino Ulloa Hurtado, quien logr\u00f3 925 votos y por gentileza del Programa Biblio-redes, recibi\u00f3 un pendrive de 4 GB m\u00e1s una mochila Kensington para notebook, libros del escritor Carlos Ruiz Zald\u00edvar y otros obsequios.<\/p>\n<p>Del mismo modo se entregaron premios al talento infantil, juvenil y adulto, a Mart\u00edn Manzano Z\u00fa\u00f1iga, con el cuento \u2018Las estatuas de San Felipe\u2019; Catalina Mu\u00f1oz Miranda, alumna del Instituto Abd\u00f3n Cifuentes, con el cuento \u2018El l\u00edder del campanario\u2019; y El\u00edas Lobos P\u00e9rez, con el cuento \u2018La verdadera libertad\u2019.<\/p>\n<p><strong>\u00a0MENCI\u00d3N HONROSA<\/strong><\/p>\n<p>Las menciones honrosas recayeron en Isaac R\u00edos Or\u00f3stegui, con el cuento \u2018Toro Mazote\u2019; Sergio Poblete Vargas, con el cuento \u2018El perseguido\u2019 y Javier Gallardo Rodr\u00edguez, con el cuento \u2018Aconcagua es mi tierra querida\u2019. Por participaci\u00f3n destacada recibieron premios Cristian Rodr\u00edguez Cabrera, con \u2018Un cuento veloz\u2019, Natalie Israyy Contreras, con el cuento \u2018Corina, Corina\u2019; Mariela Olgu\u00edn Barraza, con el cuento \u2018Infinito susurro\u2019 y Luis Arancibia Barrios, con \u2018El corredor ilegal\u2019.<\/p>\n<p>En la oportunidad, el ganador del primer lugar en este concurso, Gerardo Jara, manifest\u00f3 que \u201cme llam\u00f3 mucho la atenci\u00f3n que en San Felipe se est\u00e9n haciendo estos concursos, porque es una iniciativa muy atractiva, donde se motiva a la gente a escribir un cuento en 80 palabras. Mi cuento es sobre la plaza de San Felipe y los leones de m\u00e1rmol que espero, alg\u00fan d\u00eda aparezcan\u201d.<\/p>\n<p>El Alcalde Freire destac\u00f3 la realizaci\u00f3n de la actividad, se\u00f1alando que \u201ces una iniciativa muy importante en el aniversario de la ciudad, es un concurso que parte este a\u00f1o y la idea es volver a realizarlo el pr\u00f3ximo a\u00f1o, con la participaci\u00f3n de m\u00e1s autores y escritores, este a\u00f1o participaron ni\u00f1os y adultos quienes con sus cuentos rescataron para de la historia de San Felipe\u201d.<\/p>\n<p>En tanto, la encargada de la Biblioteca P\u00fablica, Macarena Blanca, resalt\u00f3 que \u201cha sido un gran desaf\u00edo, tanto o m\u00e1s importante que otros proyectos por los que he trabajado en los casi 19 a\u00f1os, a cargo de esta biblioteca p\u00fablica. La respuesta de la comunidad, me indica que han valido la pena los esfuerzos, con el objeto de viajar en esta vuelta a San Felipe, que ha sido una gran aventura literaria\u201d.<\/p>\n<p>&nbsp;<\/p>\n","protected":false},"excerpt":{"rendered":"<p>En una emotiva ceremonia encabezada por el Alcalde Patricio Freire, se efectu\u00f3 la premiaci\u00f3n de los ganadores del concurso literario \u2018La vuelta a San Felipe en 80 palabras\u2019, iniciativa impulsada por el&#8230;<\/p>\n","protected":false},"author":482,"featured_media":50100,"comment_status":"open","ping_status":"closed","sticky":false,"template":"","format":"standard","meta":{"advanced_seo_description":"","jetpack_seo_html_title":"","jetpack_seo_noindex":false,"_jetpack_memberships_contains_paid_content":false,"footnotes":""},"categories":[15],"tags":[],"class_list":["post-50099","post","type-post","status-publish","format-standard","has-post-thumbnail","hentry","category-comunidad"],"jetpack_featured_media_url":"https:\/\/i0.wp.com\/eltrabajo.cl\/portal\/wp-content\/uploads\/2014\/08\/Concurso11.jpg?fit=528%2C346&ssl=1","jetpack_sharing_enabled":true,"jetpack_likes_enabled":true,"jetpack-related-posts":[],"_links":{"self":[{"href":"https:\/\/eltrabajo.cl\/portal\/wp-json\/wp\/v2\/posts\/50099","targetHints":{"allow":["GET"]}}],"collection":[{"href":"https:\/\/eltrabajo.cl\/portal\/wp-json\/wp\/v2\/posts"}],"about":[{"href":"https:\/\/eltrabajo.cl\/portal\/wp-json\/wp\/v2\/types\/post"}],"author":[{"embeddable":true,"href":"https:\/\/eltrabajo.cl\/portal\/wp-json\/wp\/v2\/users\/482"}],"replies":[{"embeddable":true,"href":"https:\/\/eltrabajo.cl\/portal\/wp-json\/wp\/v2\/comments?post=50099"}],"version-history":[{"count":0,"href":"https:\/\/eltrabajo.cl\/portal\/wp-json\/wp\/v2\/posts\/50099\/revisions"}],"wp:featuredmedia":[{"embeddable":true,"href":"https:\/\/eltrabajo.cl\/portal\/wp-json\/wp\/v2\/media\/50100"}],"wp:attachment":[{"href":"https:\/\/eltrabajo.cl\/portal\/wp-json\/wp\/v2\/media?parent=50099"}],"wp:term":[{"taxonomy":"category","embeddable":true,"href":"https:\/\/eltrabajo.cl\/portal\/wp-json\/wp\/v2\/categories?post=50099"},{"taxonomy":"post_tag","embeddable":true,"href":"https:\/\/eltrabajo.cl\/portal\/wp-json\/wp\/v2\/tags?post=50099"}],"curies":[{"name":"wp","href":"https:\/\/api.w.org\/{rel}","templated":true}]}}