{"id":50108,"date":"2014-08-20T13:35:57","date_gmt":"2014-08-20T17:35:57","guid":{"rendered":"http:\/\/www.eltrabajo.cl\/portal\/?p=50108"},"modified":"2014-08-20T13:42:05","modified_gmt":"2014-08-20T17:42:05","slug":"cambio-de-veredas-e-instalacion-de-luminarias-contempla-proyecto","status":"publish","type":"post","link":"https:\/\/eltrabajo.cl\/portal\/cambio-de-veredas-e-instalacion-de-luminarias-contempla-proyecto\/","title":{"rendered":"Cambio de veredas e instalaci\u00f3n de luminarias contempla proyecto"},"content":{"rendered":"<figure id=\"attachment_50109\" aria-describedby=\"caption-attachment-50109\" style=\"width: 529px\" class=\"wp-caption alignnone\"><a href=\"https:\/\/i0.wp.com\/www.eltrabajo.cl\/portal\/wp-content\/uploads\/2014\/08\/Veredas1.jpg\"><img data-recalc-dims=\"1\" loading=\"lazy\" decoding=\"async\" class=\"size-full wp-image-50109\" alt=\"Este proyecto fue financiado a trav\u00e9s del Fondo Regional de Inversi\u00f3n Local, Fril, significa una inversi\u00f3n superior a los $60 millones y permitir\u00e1 intervenir desde Calle Joaqu\u00edn Oliva hasta Calle San Mart\u00edn.    \" src=\"https:\/\/i0.wp.com\/www.eltrabajo.cl\/portal\/wp-content\/uploads\/2014\/08\/Veredas1.jpg?resize=529%2C340\" width=\"529\" height=\"340\" srcset=\"https:\/\/i0.wp.com\/eltrabajo.cl\/portal\/wp-content\/uploads\/2014\/08\/Veredas1.jpg?w=529&amp;ssl=1 529w, https:\/\/i0.wp.com\/eltrabajo.cl\/portal\/wp-content\/uploads\/2014\/08\/Veredas1.jpg?resize=200%2C128&amp;ssl=1 200w, https:\/\/i0.wp.com\/eltrabajo.cl\/portal\/wp-content\/uploads\/2014\/08\/Veredas1.jpg?resize=300%2C192&amp;ssl=1 300w, https:\/\/i0.wp.com\/eltrabajo.cl\/portal\/wp-content\/uploads\/2014\/08\/Veredas1.jpg?resize=150%2C96&amp;ssl=1 150w, https:\/\/i0.wp.com\/eltrabajo.cl\/portal\/wp-content\/uploads\/2014\/08\/Veredas1.jpg?resize=400%2C257&amp;ssl=1 400w\" sizes=\"auto, (max-width: 529px) 100vw, 529px\" \/><\/a><figcaption id=\"caption-attachment-50109\" class=\"wp-caption-text\">Este proyecto fue financiado a trav\u00e9s del Fondo Regional de Inversi\u00f3n Local, Fril, significa una inversi\u00f3n superior a los $60 millones y permitir\u00e1 intervenir desde Calle Joaqu\u00edn Oliva hasta Calle San Mart\u00edn.<\/figcaption><\/figure>\n<p>Este lunes comenz\u00f3 a ejecutarse el proyecto de cambio de veredas en Avenida Yungay, entre las calles Joaqu\u00edn Oliva y San Mart\u00edn, una iniciativa que permitir\u00e1 hermosear el sector que es la puerta de entrada a San Felipe. Desde el lunes se comenz\u00f3 a realizar el retiro de las antiguas veredas, proceso que ejecut\u00f3 Inmobiliaria Almendral, material que ser\u00e1 sustituido por baldosas micro-vibradas a las que se sumar\u00e1n adem\u00e1s esca\u00f1os anti-vand\u00e1licos, alcorques que corresponden a tazas que rodean los \u00e1rboles existentes en el lugar, adem\u00e1s de iluminaci\u00f3n en todo el sector.<\/p>\n<p>Para revisar los trabajos que se est\u00e1n realizando, se traslad\u00f3 hasta el lugar el Alcalde Patricio Freire, acompa\u00f1ado del Secretario de Planificaci\u00f3n Claudio Paredes y el Asesor Legal Jorge Jara, quienes recorrieron el lugar, adem\u00e1s de visitar las obras que contin\u00faan realiz\u00e1ndose en la feria de artesanos. \u00abEsta semana comenzaron los trabajos y esperamos que de aqu\u00ed a 60 d\u00edas tengamos nuevas veredas en el sector, que es el ingreso a San Felipe, al que debemos cambiarle la cara. Aqu\u00ed contempla el cambio veredas, iluminaci\u00f3n y esca\u00f1os anti-vand\u00e1licos\u00bb, dijo el jefe comunal.<\/p>\n","protected":false},"excerpt":{"rendered":"<p>Este lunes comenz\u00f3 a ejecutarse el proyecto de cambio de veredas en Avenida Yungay, entre las calles Joaqu\u00edn Oliva y San Mart\u00edn, una iniciativa que permitir\u00e1 hermosear el sector que es la&#8230;<\/p>\n","protected":false},"author":482,"featured_media":50109,"comment_status":"open","ping_status":"closed","sticky":false,"template":"","format":"standard","meta":{"advanced_seo_description":"","jetpack_seo_html_title":"","jetpack_seo_noindex":false,"_jetpack_memberships_contains_paid_content":false,"footnotes":""},"categories":[15],"tags":[],"class_list":["post-50108","post","type-post","status-publish","format-standard","has-post-thumbnail","hentry","category-comunidad"],"jetpack_featured_media_url":"https:\/\/i0.wp.com\/eltrabajo.cl\/portal\/wp-content\/uploads\/2014\/08\/Veredas1.jpg?fit=529%2C340&ssl=1","jetpack_sharing_enabled":true,"jetpack_likes_enabled":true,"jetpack-related-posts":[],"_links":{"self":[{"href":"https:\/\/eltrabajo.cl\/portal\/wp-json\/wp\/v2\/posts\/50108","targetHints":{"allow":["GET"]}}],"collection":[{"href":"https:\/\/eltrabajo.cl\/portal\/wp-json\/wp\/v2\/posts"}],"about":[{"href":"https:\/\/eltrabajo.cl\/portal\/wp-json\/wp\/v2\/types\/post"}],"author":[{"embeddable":true,"href":"https:\/\/eltrabajo.cl\/portal\/wp-json\/wp\/v2\/users\/482"}],"replies":[{"embeddable":true,"href":"https:\/\/eltrabajo.cl\/portal\/wp-json\/wp\/v2\/comments?post=50108"}],"version-history":[{"count":0,"href":"https:\/\/eltrabajo.cl\/portal\/wp-json\/wp\/v2\/posts\/50108\/revisions"}],"wp:featuredmedia":[{"embeddable":true,"href":"https:\/\/eltrabajo.cl\/portal\/wp-json\/wp\/v2\/media\/50109"}],"wp:attachment":[{"href":"https:\/\/eltrabajo.cl\/portal\/wp-json\/wp\/v2\/media?parent=50108"}],"wp:term":[{"taxonomy":"category","embeddable":true,"href":"https:\/\/eltrabajo.cl\/portal\/wp-json\/wp\/v2\/categories?post=50108"},{"taxonomy":"post_tag","embeddable":true,"href":"https:\/\/eltrabajo.cl\/portal\/wp-json\/wp\/v2\/tags?post=50108"}],"curies":[{"name":"wp","href":"https:\/\/api.w.org\/{rel}","templated":true}]}}