{"id":50113,"date":"2014-08-20T13:44:10","date_gmt":"2014-08-20T17:44:10","guid":{"rendered":"http:\/\/www.eltrabajo.cl\/portal\/?p=50113"},"modified":"2014-08-20T13:44:28","modified_gmt":"2014-08-20T17:44:28","slug":"confuso-incidente-afecto-a-conocido-comerciante","status":"publish","type":"post","link":"https:\/\/eltrabajo.cl\/portal\/confuso-incidente-afecto-a-conocido-comerciante\/","title":{"rendered":"Confuso incidente afect\u00f3 a conocido comerciante"},"content":{"rendered":"<figure id=\"attachment_50114\" aria-describedby=\"caption-attachment-50114\" style=\"width: 423px\" class=\"wp-caption alignleft\"><a href=\"https:\/\/i0.wp.com\/www.eltrabajo.cl\/portal\/wp-content\/uploads\/2014\/08\/Local1.jpg\"><img data-recalc-dims=\"1\" loading=\"lazy\" decoding=\"async\" class=\"wp-image-50114 \" alt=\"La testigo que pidi\u00f3 reserva de la identidad, se\u00f1alo que est\u00e1 dispuesta a acudir a los tribunales para entregar su versi\u00f3n como testigo a favor del comerciante afectado.\" src=\"https:\/\/i0.wp.com\/www.eltrabajo.cl\/portal\/wp-content\/uploads\/2014\/08\/Local1.jpg?resize=423%2C286\" width=\"423\" height=\"286\" srcset=\"https:\/\/i0.wp.com\/eltrabajo.cl\/portal\/wp-content\/uploads\/2014\/08\/Local1.jpg?w=529&amp;ssl=1 529w, https:\/\/i0.wp.com\/eltrabajo.cl\/portal\/wp-content\/uploads\/2014\/08\/Local1.jpg?resize=200%2C135&amp;ssl=1 200w, https:\/\/i0.wp.com\/eltrabajo.cl\/portal\/wp-content\/uploads\/2014\/08\/Local1.jpg?resize=300%2C203&amp;ssl=1 300w, https:\/\/i0.wp.com\/eltrabajo.cl\/portal\/wp-content\/uploads\/2014\/08\/Local1.jpg?resize=150%2C101&amp;ssl=1 150w, https:\/\/i0.wp.com\/eltrabajo.cl\/portal\/wp-content\/uploads\/2014\/08\/Local1.jpg?resize=400%2C270&amp;ssl=1 400w\" sizes=\"auto, (max-width: 423px) 100vw, 423px\" \/><\/a><figcaption id=\"caption-attachment-50114\" class=\"wp-caption-text\">La testigo que pidi\u00f3 reserva de la identidad, se\u00f1alo que est\u00e1 dispuesta a acudir a los tribunales para entregar su versi\u00f3n como testigo a favor del comerciante afectado.<\/figcaption><\/figure>\n<p><strong>PUTAENDO.<\/strong>&#8211; Un confuso incidente afect\u00f3 a un conocido comerciante de Calle Bulnes en pleno centro de la comuna la tarde del lunes.<\/p>\n<p>La informaci\u00f3n oficial entregada por el Teniente de Carabineros \u00c1ngelo Acevedo, indica que a eso de las 18:00 horas del d\u00eda lunes se registr\u00f3 una pelea al interior del local comercial signado con el n\u00famero 51 de Calle Bulnes, en el cual el propietario del local de iniciales R.D.G.E. de 63 a\u00f1os, mantuvo una discusi\u00f3n que luego pas\u00f3 a las agresiones con el sujeto M.H.C.O. de 43 a\u00f1os, quienes habr\u00edan discutido y luego el \u00faltimo de los individuos arroj\u00f3 un cuchillo para cortar zapallos al propietario del local y adem\u00e1s caus\u00f3 da\u00f1os, mientras que el comerciante, al responder la agresi\u00f3n, tambi\u00e9n fue detenido junto al segundo individuo por el delito de Pendencia.<\/p>\n<p>Ambos sujetos fueron trasladados al Hospital San Antonio, para la constataci\u00f3n de lesiones y quedaron en calidad de detenidos, hasta que posteriormente por instrucci\u00f3n del Fiscal de Turno quedaron en libertad y a la espera de la citaci\u00f3n correspondiente para comparecer a la fiscal\u00eda.<\/p>\n<p><strong>HABLA TESTIGO<\/strong><\/p>\n<p>En forma exclusiva, una mujer que en el preciso instante en que ocurrieron los hechos estaba comprando en el mencionado lugar, se\u00f1al\u00f3 a Diario El Trabajo que todo se habr\u00eda iniciado por un peque\u00f1o perro que el propietario del lugar hab\u00eda recogido y alimentado, asegur\u00f3 que el otro sujeto fue muy agresivo y violento contra el comerciante, al que primero lo insult\u00f3 y luego le recrimin\u00f3 haber tratado mal a su hijo, lo que el comerciante neg\u00f3, momento en el cual se\u00f1ala la testigo, el comerciante comenz\u00f3 a ser agredido salvajemente y como pudo, tom\u00f3 un palo para defenderse mientras que el otro sujeto primero le tiraba la mercader\u00eda y luego comenz\u00f3 a quebrar las vitrinas, todo en un clima de suma violencia por parte de ese sujeto.<\/p>\n<p>Patricio Gallardo M.<\/p>\n","protected":false},"excerpt":{"rendered":"<p>PUTAENDO.&#8211; Un confuso incidente afect\u00f3 a un conocido comerciante de Calle Bulnes en pleno centro de la comuna la tarde del lunes. La informaci\u00f3n oficial entregada por el Teniente de Carabineros \u00c1ngelo&#8230;<\/p>\n","protected":false},"author":482,"featured_media":50114,"comment_status":"open","ping_status":"closed","sticky":false,"template":"","format":"standard","meta":{"advanced_seo_description":"","jetpack_seo_html_title":"","jetpack_seo_noindex":false,"_jetpack_memberships_contains_paid_content":false,"footnotes":""},"categories":[21],"tags":[],"class_list":["post-50113","post","type-post","status-publish","format-standard","has-post-thumbnail","hentry","category-policial"],"jetpack_featured_media_url":"https:\/\/i0.wp.com\/eltrabajo.cl\/portal\/wp-content\/uploads\/2014\/08\/Local1.jpg?fit=529%2C358&ssl=1","jetpack_sharing_enabled":true,"jetpack_likes_enabled":true,"jetpack-related-posts":[],"_links":{"self":[{"href":"https:\/\/eltrabajo.cl\/portal\/wp-json\/wp\/v2\/posts\/50113","targetHints":{"allow":["GET"]}}],"collection":[{"href":"https:\/\/eltrabajo.cl\/portal\/wp-json\/wp\/v2\/posts"}],"about":[{"href":"https:\/\/eltrabajo.cl\/portal\/wp-json\/wp\/v2\/types\/post"}],"author":[{"embeddable":true,"href":"https:\/\/eltrabajo.cl\/portal\/wp-json\/wp\/v2\/users\/482"}],"replies":[{"embeddable":true,"href":"https:\/\/eltrabajo.cl\/portal\/wp-json\/wp\/v2\/comments?post=50113"}],"version-history":[{"count":0,"href":"https:\/\/eltrabajo.cl\/portal\/wp-json\/wp\/v2\/posts\/50113\/revisions"}],"wp:featuredmedia":[{"embeddable":true,"href":"https:\/\/eltrabajo.cl\/portal\/wp-json\/wp\/v2\/media\/50114"}],"wp:attachment":[{"href":"https:\/\/eltrabajo.cl\/portal\/wp-json\/wp\/v2\/media?parent=50113"}],"wp:term":[{"taxonomy":"category","embeddable":true,"href":"https:\/\/eltrabajo.cl\/portal\/wp-json\/wp\/v2\/categories?post=50113"},{"taxonomy":"post_tag","embeddable":true,"href":"https:\/\/eltrabajo.cl\/portal\/wp-json\/wp\/v2\/tags?post=50113"}],"curies":[{"name":"wp","href":"https:\/\/api.w.org\/{rel}","templated":true}]}}