{"id":50119,"date":"2014-08-20T13:45:38","date_gmt":"2014-08-20T17:45:38","guid":{"rendered":"http:\/\/www.eltrabajo.cl\/portal\/?p=50119"},"modified":"2014-08-20T13:45:38","modified_gmt":"2014-08-20T17:45:38","slug":"con-arma-de-fuego-intimidan-a-pareja-para-robarles-celular-y-30-000","status":"publish","type":"post","link":"https:\/\/eltrabajo.cl\/portal\/con-arma-de-fuego-intimidan-a-pareja-para-robarles-celular-y-30-000\/","title":{"rendered":"Con arma de fuego intimidan a pareja para robarles celular y $30.000"},"content":{"rendered":"<figure id=\"attachment_50120\" aria-describedby=\"caption-attachment-50120\" style=\"width: 422px\" class=\"wp-caption alignleft\"><a href=\"https:\/\/i0.wp.com\/www.eltrabajo.cl\/portal\/wp-content\/uploads\/2014\/08\/Detenido-Llay-LLay.jpg\"><img data-recalc-dims=\"1\" loading=\"lazy\" decoding=\"async\" class=\" wp-image-50120 \" alt=\"El adolescente de 17 a\u00f1os de edad, fue detenido por Carabineros por su participaci\u00f3n en el robo, recuperando su libertad hasta que el Ministerio P\u00fablico investigue el caso.\" src=\"https:\/\/i0.wp.com\/www.eltrabajo.cl\/portal\/wp-content\/uploads\/2014\/08\/Detenido-Llay-LLay.jpg?resize=422%2C353\" width=\"422\" height=\"353\" srcset=\"https:\/\/i0.wp.com\/eltrabajo.cl\/portal\/wp-content\/uploads\/2014\/08\/Detenido-Llay-LLay.jpg?w=528&amp;ssl=1 528w, https:\/\/i0.wp.com\/eltrabajo.cl\/portal\/wp-content\/uploads\/2014\/08\/Detenido-Llay-LLay.jpg?resize=179%2C150&amp;ssl=1 179w, https:\/\/i0.wp.com\/eltrabajo.cl\/portal\/wp-content\/uploads\/2014\/08\/Detenido-Llay-LLay.jpg?resize=300%2C250&amp;ssl=1 300w, https:\/\/i0.wp.com\/eltrabajo.cl\/portal\/wp-content\/uploads\/2014\/08\/Detenido-Llay-LLay.jpg?resize=150%2C125&amp;ssl=1 150w, https:\/\/i0.wp.com\/eltrabajo.cl\/portal\/wp-content\/uploads\/2014\/08\/Detenido-Llay-LLay.jpg?resize=400%2C334&amp;ssl=1 400w\" sizes=\"auto, (max-width: 422px) 100vw, 422px\" \/><\/a><figcaption id=\"caption-attachment-50120\" class=\"wp-caption-text\">El adolescente de 17 a\u00f1os de edad, fue detenido por Carabineros por su participaci\u00f3n en el robo, recuperando su libertad hasta que el Ministerio P\u00fablico investigue el caso.<\/figcaption><\/figure>\n<p>Una pareja fue v\u00edctima de asalto por un tr\u00edo de delincuentes que premunidos de un arma de fuego, obligaron al conductor de un veh\u00edculo que se encontraba estacionado, a entregar el dinero que portaba y un tel\u00e9fono celular, para luego darse a la fuga.<\/p>\n<p>El hecho ocurri\u00f3 pasado la medianoche de ayer martes, cuando la pareja se encontraba al interior del veh\u00edculo de propiedad de una de las v\u00edctimas en el sector rural Las Vegas. Seg\u00fan su testimonio, fueron intimidados por tres sujetos premunidos de arma de fuego, uno de ellos rompi\u00f3 el vidrio del conductor para obligarlos a que les hicieran entrega del dinero que portaba, la suma de $30.000 y un tel\u00e9fono celular, para posteriormente darse a la fuga.<\/p>\n<p>A los pocos minutos, personal de Carabineros de la subcomisar\u00eda de esa comuna, recepcion\u00f3 un llamado de alerta para que se trasladaran hasta el lugar coordinando diversos patrullajes por distintas poblaciones de acuerdo a las caracter\u00edsticas f\u00edsicas y de vestimentas indicadas por las v\u00edctimas.<\/p>\n<p><strong>MENOR DETENIDO<\/strong><\/p>\n<p>Seg\u00fan inform\u00f3 el Capit\u00e1n de Carabineros, Felipe Maureira, sorprendieron a un adolescente que transitaba por Calle Las Palmas, \u201cel cual al advertir la presencia policial pretendi\u00f3 escapar, por lo cual fue detenido, siendo reconocido posteriormente por las v\u00edctimas como uno de los autores del asalto, del cual no se logr\u00f3 recuperar el dinero ni el tel\u00e9fono celular\u201d, indic\u00f3 Maureira.<\/p>\n<p>El imputado fue identificado con las iniciales M.I.A.R. de 17 a\u00f1os de edad, fue sometido a control de detenci\u00f3n en el Juzgado de Garant\u00eda de San Felipe, siendo formalizado por el delito de Robo con intimidaci\u00f3n por el Fiscal del Ministerio P\u00fablico, Julio Palacios Bobadilla.<\/p>\n<p>\u201cUno de los sujetos, quien a\u00fan no se encuentra identificado, golpea el vidrio del veh\u00edculo y procede a intimidar al conductor al parecer con un arma de fuego, sustray\u00e9ndole el dinero y un celular, adem\u00e1s las llaves del veh\u00edculo para luego darse a la fuga.<\/p>\n<p>Se logr\u00f3 la detenci\u00f3n de un imputado, es adolescente que no tiene antecedentes\u201d, precis\u00f3 Palacios a Diario El Trabajo. El Tribunal decret\u00f3 como medida cautelar para el adolescente la Prohibici\u00f3n de salir del pa\u00eds por un plazo de 60 d\u00edas.<\/p>\n<p>Pablo Salinas Sald\u00edas<\/p>\n","protected":false},"excerpt":{"rendered":"<p>Una pareja fue v\u00edctima de asalto por un tr\u00edo de delincuentes que premunidos de un arma de fuego, obligaron al conductor de un veh\u00edculo que se encontraba estacionado, a entregar el dinero&#8230;<\/p>\n","protected":false},"author":482,"featured_media":50120,"comment_status":"open","ping_status":"closed","sticky":false,"template":"","format":"standard","meta":{"advanced_seo_description":"","jetpack_seo_html_title":"","jetpack_seo_noindex":false,"_jetpack_memberships_contains_paid_content":false,"footnotes":""},"categories":[21],"tags":[],"class_list":["post-50119","post","type-post","status-publish","format-standard","has-post-thumbnail","hentry","category-policial"],"jetpack_featured_media_url":"https:\/\/i0.wp.com\/eltrabajo.cl\/portal\/wp-content\/uploads\/2014\/08\/Detenido-Llay-LLay.jpg?fit=528%2C441&ssl=1","jetpack_sharing_enabled":true,"jetpack_likes_enabled":true,"jetpack-related-posts":[],"_links":{"self":[{"href":"https:\/\/eltrabajo.cl\/portal\/wp-json\/wp\/v2\/posts\/50119","targetHints":{"allow":["GET"]}}],"collection":[{"href":"https:\/\/eltrabajo.cl\/portal\/wp-json\/wp\/v2\/posts"}],"about":[{"href":"https:\/\/eltrabajo.cl\/portal\/wp-json\/wp\/v2\/types\/post"}],"author":[{"embeddable":true,"href":"https:\/\/eltrabajo.cl\/portal\/wp-json\/wp\/v2\/users\/482"}],"replies":[{"embeddable":true,"href":"https:\/\/eltrabajo.cl\/portal\/wp-json\/wp\/v2\/comments?post=50119"}],"version-history":[{"count":0,"href":"https:\/\/eltrabajo.cl\/portal\/wp-json\/wp\/v2\/posts\/50119\/revisions"}],"wp:featuredmedia":[{"embeddable":true,"href":"https:\/\/eltrabajo.cl\/portal\/wp-json\/wp\/v2\/media\/50120"}],"wp:attachment":[{"href":"https:\/\/eltrabajo.cl\/portal\/wp-json\/wp\/v2\/media?parent=50119"}],"wp:term":[{"taxonomy":"category","embeddable":true,"href":"https:\/\/eltrabajo.cl\/portal\/wp-json\/wp\/v2\/categories?post=50119"},{"taxonomy":"post_tag","embeddable":true,"href":"https:\/\/eltrabajo.cl\/portal\/wp-json\/wp\/v2\/tags?post=50119"}],"curies":[{"name":"wp","href":"https:\/\/api.w.org\/{rel}","templated":true}]}}