{"id":50139,"date":"2014-08-21T13:18:10","date_gmt":"2014-08-21T17:18:10","guid":{"rendered":"http:\/\/www.eltrabajo.cl\/portal\/?p=50139"},"modified":"2014-08-21T13:18:10","modified_gmt":"2014-08-21T17:18:10","slug":"ex-alumnos-de-escuela-granja-de-pocuro-celebraron-el-75-aniversario","status":"publish","type":"post","link":"https:\/\/eltrabajo.cl\/portal\/ex-alumnos-de-escuela-granja-de-pocuro-celebraron-el-75-aniversario\/","title":{"rendered":"Ex-alumnos de Escuela Granja de Pocuro celebraron el 75 aniversario"},"content":{"rendered":"<figure id=\"attachment_50140\" aria-describedby=\"caption-attachment-50140\" style=\"width: 529px\" class=\"wp-caption alignnone\"><a href=\"https:\/\/i0.wp.com\/www.eltrabajo.cl\/portal\/wp-content\/uploads\/2014\/08\/Grupal11.jpg\"><img data-recalc-dims=\"1\" loading=\"lazy\" decoding=\"async\" class=\"size-full wp-image-50140\" alt=\"Reencuentros, historias y an\u00e9cdotas, compartieron los ex-alumnos, quienes recordaron la importancia de haber sido educados en esta escuela.\" src=\"https:\/\/i0.wp.com\/www.eltrabajo.cl\/portal\/wp-content\/uploads\/2014\/08\/Grupal11.jpg?resize=529%2C301\" width=\"529\" height=\"301\" srcset=\"https:\/\/i0.wp.com\/eltrabajo.cl\/portal\/wp-content\/uploads\/2014\/08\/Grupal11.jpg?w=529&amp;ssl=1 529w, https:\/\/i0.wp.com\/eltrabajo.cl\/portal\/wp-content\/uploads\/2014\/08\/Grupal11.jpg?resize=200%2C113&amp;ssl=1 200w, https:\/\/i0.wp.com\/eltrabajo.cl\/portal\/wp-content\/uploads\/2014\/08\/Grupal11.jpg?resize=300%2C170&amp;ssl=1 300w, https:\/\/i0.wp.com\/eltrabajo.cl\/portal\/wp-content\/uploads\/2014\/08\/Grupal11.jpg?resize=150%2C85&amp;ssl=1 150w, https:\/\/i0.wp.com\/eltrabajo.cl\/portal\/wp-content\/uploads\/2014\/08\/Grupal11.jpg?resize=400%2C227&amp;ssl=1 400w\" sizes=\"auto, (max-width: 529px) 100vw, 529px\" \/><\/a><figcaption id=\"caption-attachment-50140\" class=\"wp-caption-text\">Reencuentros, historias y an\u00e9cdotas, compartieron los ex-alumnos, quienes recordaron la importancia de haber sido educados en esta escuela.<\/figcaption><\/figure>\n<p><strong>CALLE LARGA<\/strong>.- Un emotivo encuentro se realiz\u00f3 en dependencias del Centro Cultural y Museo Presidente Pedro Aguirre Cerda. En este lugar, cuyas dependencias adem\u00e1s de ser parte de la casona en la que naci\u00f3 el ex-presidente, fueron parte de la desaparecida Escuela Granja de Pocuro, sus ex-alumnos se reunieron en el marco de la celebraci\u00f3n del 75 aniversario de este establecimiento educacional.<\/p>\n<figure id=\"attachment_50141\" aria-describedby=\"caption-attachment-50141\" style=\"width: 370px\" class=\"wp-caption alignright\"><a href=\"https:\/\/i0.wp.com\/www.eltrabajo.cl\/portal\/wp-content\/uploads\/2014\/08\/Escuela1.jpg\"><img data-recalc-dims=\"1\" loading=\"lazy\" decoding=\"async\" class=\" wp-image-50141 \" alt=\"Ellos fueron parte de la desaparecida Escuela Granja de Pocuro, sus ex-alumnos se reunieron en el marco de la celebraci\u00f3n del 75 aniversario de este establecimiento educacional.\" src=\"https:\/\/i0.wp.com\/www.eltrabajo.cl\/portal\/wp-content\/uploads\/2014\/08\/Escuela1.jpg?resize=370%2C253\" width=\"370\" height=\"253\" srcset=\"https:\/\/i0.wp.com\/eltrabajo.cl\/portal\/wp-content\/uploads\/2014\/08\/Escuela1.jpg?w=528&amp;ssl=1 528w, https:\/\/i0.wp.com\/eltrabajo.cl\/portal\/wp-content\/uploads\/2014\/08\/Escuela1.jpg?resize=200%2C136&amp;ssl=1 200w, https:\/\/i0.wp.com\/eltrabajo.cl\/portal\/wp-content\/uploads\/2014\/08\/Escuela1.jpg?resize=300%2C205&amp;ssl=1 300w, https:\/\/i0.wp.com\/eltrabajo.cl\/portal\/wp-content\/uploads\/2014\/08\/Escuela1.jpg?resize=150%2C102&amp;ssl=1 150w, https:\/\/i0.wp.com\/eltrabajo.cl\/portal\/wp-content\/uploads\/2014\/08\/Escuela1.jpg?resize=400%2C273&amp;ssl=1 400w\" sizes=\"auto, (max-width: 370px) 100vw, 370px\" \/><\/a><figcaption id=\"caption-attachment-50141\" class=\"wp-caption-text\">Ellos fueron parte de la desaparecida Escuela Granja de Pocuro, sus ex-alumnos se reunieron en el marco de la celebraci\u00f3n del 75 aniversario de este establecimiento educacional.<\/figcaption><\/figure>\n<p>Reencuentros, historias y an\u00e9cdotas, compartieron los ex-alumnos, quienes recordaron la importancia de haber sido educados en esta escuela. As\u00ed lo cont\u00f3 No\u00e9 Fern\u00e1ndez Mart\u00ednez, ex-estudiante de la Escuela Granja de Pocuro.<\/p>\n<p>\u00abHall\u00e9 muy lindo este reencuentro. Me reun\u00ed con ex-compa\u00f1eros que no ve\u00eda hace a\u00f1os y con otros a quienes no veo nunca. Todo lo que se vivi\u00f3 ac\u00e1 fue muy pero muy emocionante. Ojala que nos reencontremos nuevamente lo m\u00e1s pronto posible(\u2026) la verdad estoy muy contento con la iniciativa\u00bb, sostuvo Fern\u00e1ndez.<\/p>\n<p>Tambi\u00e9n Jos\u00e9 Antonio Araya manifest\u00f3 su emoci\u00f3n por el reencuentro con algunos de sus ex-compa\u00f1eros, a quienes muchos no ve\u00eda desde hace muchos a\u00f1os.<\/p>\n<p>\u00abToda esta actividad me hizo recordar muchas cosas de ni\u00f1os. Me reencontr\u00e9 con mis ex-compa\u00f1eros con quienes ojal\u00e1 podamos m\u00e1s adelante reunirnos con otros compa\u00f1eros que no asistieron en esta actividad. Para m\u00ed, haber estudiado en esta escuela me hizo aprender much\u00edsimo en un ambiente que era sumamente familiar\u00bb, cont\u00f3 Jos\u00e9 Antonio Araya.<\/p>\n<p>Por su parte el Alcalde Nelson Venegas, destac\u00f3 la trascendencia hist\u00f3rica y humana de este encuentro.<\/p>\n<p>\u00abQuienes en un momento decidimos recuperar en un momento este espacio, no s\u00f3lo tiene que ver con la reconstrucci\u00f3n de infraestructura, sino que llenarlo con la sustancia que existe en el lugar y que tiene que ver con la imagen de Pedro Aguirre Cerda y la historia que tuvo la Escuela Granja. Con este tipo de actividades recuperamos el alma de lo que significa este importante edificio\u00bb, sostuvo Venegas.<\/p>\n<p>&nbsp;<\/p>\n","protected":false},"excerpt":{"rendered":"<p>CALLE LARGA.- Un emotivo encuentro se realiz\u00f3 en dependencias del Centro Cultural y Museo Presidente Pedro Aguirre Cerda. En este lugar, cuyas dependencias adem\u00e1s de ser parte de la casona en la&#8230;<\/p>\n","protected":false},"author":482,"featured_media":50140,"comment_status":"open","ping_status":"closed","sticky":false,"template":"","format":"standard","meta":{"advanced_seo_description":"","jetpack_seo_html_title":"","jetpack_seo_noindex":false,"_jetpack_memberships_contains_paid_content":false,"footnotes":""},"categories":[15],"tags":[],"class_list":["post-50139","post","type-post","status-publish","format-standard","has-post-thumbnail","hentry","category-comunidad"],"jetpack_featured_media_url":"https:\/\/i0.wp.com\/eltrabajo.cl\/portal\/wp-content\/uploads\/2014\/08\/Grupal11.jpg?fit=529%2C301&ssl=1","jetpack_sharing_enabled":true,"jetpack_likes_enabled":true,"jetpack-related-posts":[],"_links":{"self":[{"href":"https:\/\/eltrabajo.cl\/portal\/wp-json\/wp\/v2\/posts\/50139","targetHints":{"allow":["GET"]}}],"collection":[{"href":"https:\/\/eltrabajo.cl\/portal\/wp-json\/wp\/v2\/posts"}],"about":[{"href":"https:\/\/eltrabajo.cl\/portal\/wp-json\/wp\/v2\/types\/post"}],"author":[{"embeddable":true,"href":"https:\/\/eltrabajo.cl\/portal\/wp-json\/wp\/v2\/users\/482"}],"replies":[{"embeddable":true,"href":"https:\/\/eltrabajo.cl\/portal\/wp-json\/wp\/v2\/comments?post=50139"}],"version-history":[{"count":0,"href":"https:\/\/eltrabajo.cl\/portal\/wp-json\/wp\/v2\/posts\/50139\/revisions"}],"wp:featuredmedia":[{"embeddable":true,"href":"https:\/\/eltrabajo.cl\/portal\/wp-json\/wp\/v2\/media\/50140"}],"wp:attachment":[{"href":"https:\/\/eltrabajo.cl\/portal\/wp-json\/wp\/v2\/media?parent=50139"}],"wp:term":[{"taxonomy":"category","embeddable":true,"href":"https:\/\/eltrabajo.cl\/portal\/wp-json\/wp\/v2\/categories?post=50139"},{"taxonomy":"post_tag","embeddable":true,"href":"https:\/\/eltrabajo.cl\/portal\/wp-json\/wp\/v2\/tags?post=50139"}],"curies":[{"name":"wp","href":"https:\/\/api.w.org\/{rel}","templated":true}]}}