{"id":50149,"date":"2014-08-21T13:23:37","date_gmt":"2014-08-21T17:23:37","guid":{"rendered":"http:\/\/www.eltrabajo.cl\/portal\/?p=50149"},"modified":"2014-08-21T13:23:37","modified_gmt":"2014-08-21T17:23:37","slug":"club-deportivo-olimpico-campeon-del-futbol-amateur-serie-b","status":"publish","type":"post","link":"https:\/\/eltrabajo.cl\/portal\/club-deportivo-olimpico-campeon-del-futbol-amateur-serie-b\/","title":{"rendered":"Club Deportivo Ol\u00edmpico campe\u00f3n del f\u00fatbol amateur Serie B"},"content":{"rendered":"<figure id=\"attachment_50150\" aria-describedby=\"caption-attachment-50150\" style=\"width: 529px\" class=\"wp-caption alignnone\"><a href=\"https:\/\/i0.wp.com\/www.eltrabajo.cl\/portal\/wp-content\/uploads\/2014\/08\/olimpico1.jpg\"><img data-recalc-dims=\"1\" loading=\"lazy\" decoding=\"async\" class=\"size-full wp-image-50150\" alt=\"Estos j\u00f3venes celebran alegremente que su Club Deportivo Ol\u00edmpico se coronara campe\u00f3n del f\u00fatbol amateur Serie B.\" src=\"https:\/\/i0.wp.com\/www.eltrabajo.cl\/portal\/wp-content\/uploads\/2014\/08\/olimpico1.jpg?resize=529%2C401\" width=\"529\" height=\"401\" srcset=\"https:\/\/i0.wp.com\/eltrabajo.cl\/portal\/wp-content\/uploads\/2014\/08\/olimpico1.jpg?w=529&amp;ssl=1 529w, https:\/\/i0.wp.com\/eltrabajo.cl\/portal\/wp-content\/uploads\/2014\/08\/olimpico1.jpg?resize=197%2C150&amp;ssl=1 197w, https:\/\/i0.wp.com\/eltrabajo.cl\/portal\/wp-content\/uploads\/2014\/08\/olimpico1.jpg?resize=300%2C227&amp;ssl=1 300w, https:\/\/i0.wp.com\/eltrabajo.cl\/portal\/wp-content\/uploads\/2014\/08\/olimpico1.jpg?resize=150%2C113&amp;ssl=1 150w, https:\/\/i0.wp.com\/eltrabajo.cl\/portal\/wp-content\/uploads\/2014\/08\/olimpico1.jpg?resize=400%2C303&amp;ssl=1 400w\" sizes=\"auto, (max-width: 529px) 100vw, 529px\" \/><\/a><figcaption id=\"caption-attachment-50150\" class=\"wp-caption-text\">Estos j\u00f3venes celebran alegremente que su Club Deportivo Ol\u00edmpico se coronara campe\u00f3n del f\u00fatbol amateur Serie B.<\/figcaption><\/figure>\n<p><strong>PUTAENDO.<\/strong>&#8211; El f\u00fatbol en la comuna es el alma de los d\u00edas domingos para las familias y fan\u00e1ticos de este popular deporte, donde en la galer\u00eda se comparten las historias de la semana, colaciones varias y la infaltable broma que hace crecer la amistad y la fraternidad, expresada en colectas comunitarias cuando un miembro del club le sucede algo no deseable, est\u00e1 desde las ayudas m\u00e9dicas a la palabra de aliento cuando pierden alguno de los suyos, es com\u00fan ver los colores institucionales en eventos de gran tristeza, donde se revientan las redes sociales comunicando estas noticias que generan afectos. Por eso el triunfo de este domingo del Club Ol\u00edmpico de Granallas vino a coronar tantas tardes de presi\u00f3n y gritos contenidos por goles en contra, goles a favor anulados, criticando castizamente a los arbitrajes y tantas penurias del d\u00eda a d\u00eda que se descargan en esos ep\u00edtetos que salen del alma, de esos cientos de chilenas y chilenos que componen la hinchada, padres, hijos, esposas, pololas, madres y tantos que sienten que ese equipo donde sufren y gozan mirando a su jugador preferido, que aunque no lo pongan en el equipo es parte del alma de ese club, en este caso la familia lila como se denominan ellos, en la cancha del Club Uni\u00f3n Cordillera de Casablanca le llev\u00f3 la copa a las manos temblorosas del m\u00e1s longevo jugador del club, socio hist\u00f3rico y fundador, el que con l\u00e1grimas en los ojos, dijo no recordar la \u00faltima vez que su equipo lila hab\u00eda salido campe\u00f3n.<\/p>\n<p><strong>\u00a0ASOCIACIONES\u00a0SERIES A Y B<\/strong><\/p>\n<p>1- Club Deportivo San Mart\u00edn 2 &#8211; Club Deportivo Uni\u00f3n Cordillera3 &#8211; Club Deportivo Copacabana. 4 &#8211; Club Deportivo Am\u00e9rica 5 &#8211; Club Deportivo Juventud Unida 6 &#8211; Club Deportivo Lo Vicu\u00f1a 7 &#8211; Club Deportivo Dos Amigos 8 &#8211; Club Deportivo Alianza 9 &#8211; Club Deportivo Libertad 10 &#8211; Club Deportivo Social Putaendo 11 &#8211; Club de Deportes y Social Brasil 12 &#8211; Club Deportivo Ol\u00edmpico 13 &#8211; Club Deportivo Centro Chile 14 &#8211; Club Deportivo O\u2019Higgins 15 &#8211; Club Deportivo El Asiento 16 &#8211; Club Deportivo Estrella 17 &#8211; Club Deportivo Central 18 &#8211; Club Deportivo Riverton 19 &#8211; Club Deportivo Inter Sporting 20 &#8211; Club Deportivo C\u00f3ndor 21 &#8211; Club Deportivo Independiente.<\/p>\n<p>En Diario El Trabajo nos sumamos a las felicitaciones de la comunidad a ese distinguido club deportivo, a sus socios y simpatizantes, pero muy especialmente a las decenas de jugadores que domingo a domingo construyeron esta historia de triunfo que quedar\u00e1 para siempre en los corazones de la Familia Lila de Putaendo.<\/p>\n<p>Patricio Gallardo M.<\/p>\n<p>&nbsp;<\/p>\n","protected":false},"excerpt":{"rendered":"<p>PUTAENDO.&#8211; El f\u00fatbol en la comuna es el alma de los d\u00edas domingos para las familias y fan\u00e1ticos de este popular deporte, donde en la galer\u00eda se comparten las historias de la&#8230;<\/p>\n","protected":false},"author":482,"featured_media":50150,"comment_status":"open","ping_status":"closed","sticky":false,"template":"","format":"standard","meta":{"advanced_seo_description":"","jetpack_seo_html_title":"","jetpack_seo_noindex":false,"_jetpack_memberships_contains_paid_content":false,"footnotes":""},"categories":[15],"tags":[],"class_list":["post-50149","post","type-post","status-publish","format-standard","has-post-thumbnail","hentry","category-comunidad"],"jetpack_featured_media_url":"https:\/\/i0.wp.com\/eltrabajo.cl\/portal\/wp-content\/uploads\/2014\/08\/olimpico1.jpg?fit=529%2C401&ssl=1","jetpack_sharing_enabled":true,"jetpack_likes_enabled":true,"jetpack-related-posts":[],"_links":{"self":[{"href":"https:\/\/eltrabajo.cl\/portal\/wp-json\/wp\/v2\/posts\/50149","targetHints":{"allow":["GET"]}}],"collection":[{"href":"https:\/\/eltrabajo.cl\/portal\/wp-json\/wp\/v2\/posts"}],"about":[{"href":"https:\/\/eltrabajo.cl\/portal\/wp-json\/wp\/v2\/types\/post"}],"author":[{"embeddable":true,"href":"https:\/\/eltrabajo.cl\/portal\/wp-json\/wp\/v2\/users\/482"}],"replies":[{"embeddable":true,"href":"https:\/\/eltrabajo.cl\/portal\/wp-json\/wp\/v2\/comments?post=50149"}],"version-history":[{"count":0,"href":"https:\/\/eltrabajo.cl\/portal\/wp-json\/wp\/v2\/posts\/50149\/revisions"}],"wp:featuredmedia":[{"embeddable":true,"href":"https:\/\/eltrabajo.cl\/portal\/wp-json\/wp\/v2\/media\/50150"}],"wp:attachment":[{"href":"https:\/\/eltrabajo.cl\/portal\/wp-json\/wp\/v2\/media?parent=50149"}],"wp:term":[{"taxonomy":"category","embeddable":true,"href":"https:\/\/eltrabajo.cl\/portal\/wp-json\/wp\/v2\/categories?post=50149"},{"taxonomy":"post_tag","embeddable":true,"href":"https:\/\/eltrabajo.cl\/portal\/wp-json\/wp\/v2\/tags?post=50149"}],"curies":[{"name":"wp","href":"https:\/\/api.w.org\/{rel}","templated":true}]}}