{"id":50153,"date":"2014-08-21T13:25:55","date_gmt":"2014-08-21T17:25:55","guid":{"rendered":"http:\/\/www.eltrabajo.cl\/portal\/?p=50153"},"modified":"2014-08-21T13:25:55","modified_gmt":"2014-08-21T17:25:55","slug":"arrendataria-de-casa-incendiada-asegura-que-siniestro-fue-intencional","status":"publish","type":"post","link":"https:\/\/eltrabajo.cl\/portal\/arrendataria-de-casa-incendiada-asegura-que-siniestro-fue-intencional\/","title":{"rendered":"Arrendataria de casa incendiada asegura que siniestro fue intencional"},"content":{"rendered":"<figure id=\"attachment_50154\" aria-describedby=\"caption-attachment-50154\" style=\"width: 529px\" class=\"wp-caption alignnone\"><a href=\"https:\/\/i0.wp.com\/www.eltrabajo.cl\/portal\/wp-content\/uploads\/2014\/08\/Fuego12.jpg\"><img data-recalc-dims=\"1\" loading=\"lazy\" decoding=\"async\" class=\"size-full wp-image-50154\" alt=\"IN NADA.- Sep\u00falveda coment\u00f3 que hace poco tiempo hab\u00eda adquirido m\u00e1quinas frigor\u00edficas nuevas para su negocio, por lo que s\u00f3lo en bienes muebles, ropa y art\u00edculos electr\u00f3nicos las p\u00e9rdidas superan los $8 millones.\" src=\"https:\/\/i0.wp.com\/www.eltrabajo.cl\/portal\/wp-content\/uploads\/2014\/08\/Fuego12.jpg?resize=529%2C358\" width=\"529\" height=\"358\" srcset=\"https:\/\/i0.wp.com\/eltrabajo.cl\/portal\/wp-content\/uploads\/2014\/08\/Fuego12.jpg?w=529&amp;ssl=1 529w, https:\/\/i0.wp.com\/eltrabajo.cl\/portal\/wp-content\/uploads\/2014\/08\/Fuego12.jpg?resize=200%2C135&amp;ssl=1 200w, https:\/\/i0.wp.com\/eltrabajo.cl\/portal\/wp-content\/uploads\/2014\/08\/Fuego12.jpg?resize=300%2C203&amp;ssl=1 300w, https:\/\/i0.wp.com\/eltrabajo.cl\/portal\/wp-content\/uploads\/2014\/08\/Fuego12.jpg?resize=150%2C101&amp;ssl=1 150w, https:\/\/i0.wp.com\/eltrabajo.cl\/portal\/wp-content\/uploads\/2014\/08\/Fuego12.jpg?resize=400%2C270&amp;ssl=1 400w\" sizes=\"auto, (max-width: 529px) 100vw, 529px\" \/><\/a><figcaption id=\"caption-attachment-50154\" class=\"wp-caption-text\">IN NADA.- Sep\u00falveda coment\u00f3 que hace poco tiempo hab\u00eda adquirido m\u00e1quinas frigor\u00edficas nuevas para su negocio, por lo que s\u00f3lo en bienes muebles, ropa y art\u00edculos electr\u00f3nicos las p\u00e9rdidas superan los $8 millones.<\/figcaption><\/figure>\n<p><strong>LOS ANDES.-<\/strong> In\u00e9s Sep\u00falveda Bravo, arrendataria desde hace 15 a\u00f1os de la casa de abobe que se quem\u00f3 completamente la madrugada de este mi\u00e9rcoles en Calle Mateo D\u00edaz, asegur\u00f3 que las llamas habr\u00edan sido provocadas de manera intencional. Visiblemente afectada por esta tragedia que la golpe\u00f3 a ella y su grupo familiar, quienes pr\u00e1cticamente quedaron con lo puesto, declar\u00f3 que a eso de las 03:00 horas y previo al inicio del fuego, sintieron ruidos de j\u00f3venes en el exterior y luego un fuerte golpe en una de las ventanas que da hacia la calle donde ten\u00edan montado un peque\u00f1o almac\u00e9n.<\/p>\n<figure id=\"attachment_50155\" aria-describedby=\"caption-attachment-50155\" style=\"width: 370px\" class=\"wp-caption alignright\"><a href=\"https:\/\/i0.wp.com\/www.eltrabajo.cl\/portal\/wp-content\/uploads\/2014\/08\/Fuego22.jpg\"><img data-recalc-dims=\"1\" loading=\"lazy\" decoding=\"async\" class=\" wp-image-50155 \" alt=\"Los afectados a eso de las 03:00 horas y previo al inicio del fuego, sintieron ruidos de j\u00f3venes en el exterior y luego un fuerte golpe en una de las ventanas que da hacia la calle donde ten\u00edan montado un peque\u00f1o almac\u00e9n.\" src=\"https:\/\/i0.wp.com\/www.eltrabajo.cl\/portal\/wp-content\/uploads\/2014\/08\/Fuego22.jpg?resize=370%2C231\" width=\"370\" height=\"231\" srcset=\"https:\/\/i0.wp.com\/eltrabajo.cl\/portal\/wp-content\/uploads\/2014\/08\/Fuego22.jpg?w=528&amp;ssl=1 528w, https:\/\/i0.wp.com\/eltrabajo.cl\/portal\/wp-content\/uploads\/2014\/08\/Fuego22.jpg?resize=200%2C125&amp;ssl=1 200w, https:\/\/i0.wp.com\/eltrabajo.cl\/portal\/wp-content\/uploads\/2014\/08\/Fuego22.jpg?resize=300%2C187&amp;ssl=1 300w, https:\/\/i0.wp.com\/eltrabajo.cl\/portal\/wp-content\/uploads\/2014\/08\/Fuego22.jpg?resize=150%2C93&amp;ssl=1 150w, https:\/\/i0.wp.com\/eltrabajo.cl\/portal\/wp-content\/uploads\/2014\/08\/Fuego22.jpg?resize=400%2C250&amp;ssl=1 400w\" sizes=\"auto, (max-width: 370px) 100vw, 370px\" \/><\/a><figcaption id=\"caption-attachment-50155\" class=\"wp-caption-text\">Los afectados a eso de las 03:00 horas y previo al inicio del fuego, sintieron ruidos de j\u00f3venes en el exterior y luego un fuerte golpe en una de las ventanas que da hacia la calle donde ten\u00edan montado un peque\u00f1o almac\u00e9n.<\/figcaption><\/figure>\n<p>Indic\u00f3 que tras eso vieron salir llamas de detr\u00e1s de un mostrador, propag\u00e1ndose r\u00e1pidamente a toda la habitaci\u00f3n y luego al resto de la casa que en un 80% est\u00e1 construida en adobe y madera. Agreg\u00f3 que apenas alcanz\u00f3 a despertar a sus hijas, una de ellas con capacidades diferentes, logrando salir por una puerta hacia el patio posterior, pero sin poder rescatar ninguno de sus enseres.<\/p>\n<p>Sep\u00falveda coment\u00f3 que hace poco tiempo hab\u00eda adquirido m\u00e1quinas frigor\u00edficas nuevas para su negocio, por lo que s\u00f3lo en bienes muebles, ropa y art\u00edculos electr\u00f3nicos las p\u00e9rdidas superan los $8 millones, sin contar el valor de la casa, que aunque es de adobe de todas maneras tiene un costo significativo. La afectada asegur\u00f3 que en el almac\u00e9n las m\u00e1quinas estaban desenchufadas, por lo que cree que desconocidos pudieron haber lanzado algo hacia la ventana que caus\u00f3 el fuego.<\/p>\n<p>Es por ello que el sector del almac\u00e9n fue aislado a fin de ser periciado por experto del Departamento de Investigaci\u00f3n de Incendios del Cuerpo de Bomberos de Los Andes, a fin de aclarar el origen de las llamas.<\/p>\n<p><strong>AYUDA MUNICIPAL<\/strong><\/p>\n<p>El Jefe de la Unidad de Emergencias del municipio andino, Marcelo \u00d3rdenes, confirm\u00f3 que la familia est\u00e1 siendo albergada en casa de familiares y conforme una evaluaci\u00f3n que hagan los profesionales del departamento de obras se entregar\u00e1 la ayuda correspondiente para reparar la casa, demolerla o instalar una mediagua de emergencia.<\/p>\n<p>&nbsp;<\/p>\n","protected":false},"excerpt":{"rendered":"<p>LOS ANDES.- In\u00e9s Sep\u00falveda Bravo, arrendataria desde hace 15 a\u00f1os de la casa de abobe que se quem\u00f3 completamente la madrugada de este mi\u00e9rcoles en Calle Mateo D\u00edaz, asegur\u00f3 que las llamas&#8230;<\/p>\n","protected":false},"author":482,"featured_media":50154,"comment_status":"open","ping_status":"closed","sticky":false,"template":"","format":"standard","meta":{"advanced_seo_description":"","jetpack_seo_html_title":"","jetpack_seo_noindex":false,"_jetpack_memberships_contains_paid_content":false,"footnotes":""},"categories":[15],"tags":[],"class_list":["post-50153","post","type-post","status-publish","format-standard","has-post-thumbnail","hentry","category-comunidad"],"jetpack_featured_media_url":"https:\/\/i0.wp.com\/eltrabajo.cl\/portal\/wp-content\/uploads\/2014\/08\/Fuego12.jpg?fit=529%2C358&ssl=1","jetpack_sharing_enabled":true,"jetpack_likes_enabled":true,"jetpack-related-posts":[],"_links":{"self":[{"href":"https:\/\/eltrabajo.cl\/portal\/wp-json\/wp\/v2\/posts\/50153","targetHints":{"allow":["GET"]}}],"collection":[{"href":"https:\/\/eltrabajo.cl\/portal\/wp-json\/wp\/v2\/posts"}],"about":[{"href":"https:\/\/eltrabajo.cl\/portal\/wp-json\/wp\/v2\/types\/post"}],"author":[{"embeddable":true,"href":"https:\/\/eltrabajo.cl\/portal\/wp-json\/wp\/v2\/users\/482"}],"replies":[{"embeddable":true,"href":"https:\/\/eltrabajo.cl\/portal\/wp-json\/wp\/v2\/comments?post=50153"}],"version-history":[{"count":0,"href":"https:\/\/eltrabajo.cl\/portal\/wp-json\/wp\/v2\/posts\/50153\/revisions"}],"wp:featuredmedia":[{"embeddable":true,"href":"https:\/\/eltrabajo.cl\/portal\/wp-json\/wp\/v2\/media\/50154"}],"wp:attachment":[{"href":"https:\/\/eltrabajo.cl\/portal\/wp-json\/wp\/v2\/media?parent=50153"}],"wp:term":[{"taxonomy":"category","embeddable":true,"href":"https:\/\/eltrabajo.cl\/portal\/wp-json\/wp\/v2\/categories?post=50153"},{"taxonomy":"post_tag","embeddable":true,"href":"https:\/\/eltrabajo.cl\/portal\/wp-json\/wp\/v2\/tags?post=50153"}],"curies":[{"name":"wp","href":"https:\/\/api.w.org\/{rel}","templated":true}]}}