{"id":50162,"date":"2014-08-21T13:31:38","date_gmt":"2014-08-21T17:31:38","guid":{"rendered":"http:\/\/www.eltrabajo.cl\/portal\/?p=50162"},"modified":"2014-08-21T13:31:38","modified_gmt":"2014-08-21T17:31:38","slug":"el-hombre-mas-grande-del-mundo-llega-al-valle-de-aconcagua","status":"publish","type":"post","link":"https:\/\/eltrabajo.cl\/portal\/el-hombre-mas-grande-del-mundo-llega-al-valle-de-aconcagua\/","title":{"rendered":"El Hombre m\u00e1s grande del mundo llega al Valle de Aconcagua"},"content":{"rendered":"<figure id=\"attachment_50163\" aria-describedby=\"caption-attachment-50163\" style=\"width: 529px\" class=\"wp-caption alignnone\"><a href=\"https:\/\/i0.wp.com\/www.eltrabajo.cl\/portal\/wp-content\/uploads\/2014\/08\/Gigante1.jpg\"><img data-recalc-dims=\"1\" loading=\"lazy\" decoding=\"async\" class=\"size-full wp-image-50163\" alt=\"ENORME.- La diferencia de tama\u00f1o es notoria y extraordinaria, nuestro Director Marco Juri y Elizardo Llanos s\u00f3lo pueden mirarle a los ojos, viendo para arriba.\" src=\"https:\/\/i0.wp.com\/www.eltrabajo.cl\/portal\/wp-content\/uploads\/2014\/08\/Gigante1.jpg?resize=529%2C371\" width=\"529\" height=\"371\" srcset=\"https:\/\/i0.wp.com\/eltrabajo.cl\/portal\/wp-content\/uploads\/2014\/08\/Gigante1.jpg?w=529&amp;ssl=1 529w, https:\/\/i0.wp.com\/eltrabajo.cl\/portal\/wp-content\/uploads\/2014\/08\/Gigante1.jpg?resize=200%2C140&amp;ssl=1 200w, https:\/\/i0.wp.com\/eltrabajo.cl\/portal\/wp-content\/uploads\/2014\/08\/Gigante1.jpg?resize=300%2C210&amp;ssl=1 300w, https:\/\/i0.wp.com\/eltrabajo.cl\/portal\/wp-content\/uploads\/2014\/08\/Gigante1.jpg?resize=150%2C105&amp;ssl=1 150w, https:\/\/i0.wp.com\/eltrabajo.cl\/portal\/wp-content\/uploads\/2014\/08\/Gigante1.jpg?resize=400%2C280&amp;ssl=1 400w\" sizes=\"auto, (max-width: 529px) 100vw, 529px\" \/><\/a><figcaption id=\"caption-attachment-50163\" class=\"wp-caption-text\">ENORME.- La diferencia de tama\u00f1o es notoria y extraordinaria, nuestro Director Marco Juri y Elizardo Llanos s\u00f3lo pueden mirarle a los ojos, viendo para arriba.<\/figcaption><\/figure>\n<p>A partir de este viernes, en su debut, usted podr\u00e1 conocer al Hombre m\u00e1s grande del mundo, Nicolay Sabolotniy, de 46 a\u00f1os de edad, oriundo de Ucrania y quien mide nada menos que 2,42 mts. (dos metros con cuarenta y dos cent\u00edmetros). El ucraniano se presenta junto al Circo Spacial, que se est\u00e1 instalando en Enc\u00f3n, a un costado de Servicentro Terpel.<\/p>\n<figure id=\"attachment_50164\" aria-describedby=\"caption-attachment-50164\" style=\"width: 259px\" class=\"wp-caption alignright\"><a href=\"https:\/\/i0.wp.com\/www.eltrabajo.cl\/portal\/wp-content\/uploads\/2014\/08\/Modelito1.jpg\"><img data-recalc-dims=\"1\" loading=\"lazy\" decoding=\"async\" class=\" wp-image-50164  \" alt=\"GRAN DIFERENCIA.- Ang\u00e9lica Juri, diagramadora de Diario El Trabajo, tambi\u00e9n pos\u00f3 para nuestras c\u00e1maras al lado de Nicolay Sabolotniy en nuestra Sala de Redacci\u00f3n.\" src=\"https:\/\/i0.wp.com\/www.eltrabajo.cl\/portal\/wp-content\/uploads\/2014\/08\/Modelito1.jpg?resize=259%2C407\" width=\"259\" height=\"407\" srcset=\"https:\/\/i0.wp.com\/eltrabajo.cl\/portal\/wp-content\/uploads\/2014\/08\/Modelito1.jpg?w=529&amp;ssl=1 529w, https:\/\/i0.wp.com\/eltrabajo.cl\/portal\/wp-content\/uploads\/2014\/08\/Modelito1.jpg?resize=95%2C150&amp;ssl=1 95w, https:\/\/i0.wp.com\/eltrabajo.cl\/portal\/wp-content\/uploads\/2014\/08\/Modelito1.jpg?resize=191%2C300&amp;ssl=1 191w, https:\/\/i0.wp.com\/eltrabajo.cl\/portal\/wp-content\/uploads\/2014\/08\/Modelito1.jpg?resize=400%2C627&amp;ssl=1 400w\" sizes=\"auto, (max-width: 259px) 100vw, 259px\" \/><\/a><figcaption id=\"caption-attachment-50164\" class=\"wp-caption-text\">GRAN DIFERENCIA.- Ang\u00e9lica Juri, diagramadora de Diario El Trabajo, tambi\u00e9n pos\u00f3 para nuestras c\u00e1maras al lado de Nicolay Sabolotniy en nuestra Sala de Redacci\u00f3n.<\/figcaption><\/figure>\n<p>El debut est\u00e1 anunciado para este viernes a las 21:30 horas, \u00fanica funci\u00f3n, mientras que para el s\u00e1bado y domingo se contemplan dos presentaciones, a las 18:30 y 21:30 horas.<\/p>\n<p><strong>\u00a0CRECI\u00d3 33 CM.\u00a0EN TRES MESES<\/strong><\/p>\n<p>Nicolay, quien lleva ya un a\u00f1o en Chile y tres en Sudam\u00e9rica, se cas\u00f3 con una colombiana con quien vive felizmente en este mundo del circo. Seg\u00fan nos cuenta, era un muchacho normal hasta los 16 a\u00f1os, cuando med\u00eda 1,80 mts., estatura totalmente normal en su pa\u00eds. Eso med\u00eda al menos cuando se fue de vacaciones al terminar el a\u00f1o escolar; no obstante, tres meses despu\u00e9s, al regresar a clases, lleg\u00f3 midiendo 33 cent\u00edmetros m\u00e1s, es decir 2,13 mts. De ah\u00ed continu\u00f3 creciendo, aunque a un ritmo m\u00e1s normal, hasta llegar a los 2,42 mts.<\/p>\n<p>Si bien Nicolay reconoce que su estatura le da algunas ventajas (s\u00f3lo verlo infunde un tremendo respeto), son muchas m\u00e1s las desventajas, tales como la ropa o el calzado, los cuales hoy en d\u00eda afortunadamente puede adquirir a trav\u00e9s de Internet en los Estados Unidos, aunque claro, por la web uno no se puede probar las prendas. Otro de los inconvenientes tiene que ver con lo inc\u00f3modo que puede resultar andar por la calle y que todo el mundo te quede mirando (algunos hasta le piden fotografiarse junto a \u00e9l), situaci\u00f3n que es m\u00e1s com\u00fan en un pa\u00eds como el nuestro, donde la altura promedio est\u00e1 por debajo del 1,80 mts.<\/p>\n<p><strong>BASQUETBOLISTA\u00a0PROFESIONAL<\/strong><\/p>\n<p>Sentado junto al ucraniano durante esta entrevista, la diferencia se aten\u00faa bastante. Nos cuenta que fue basquetbolista profesional all\u00e1 en su pa\u00eds, y precisamente su papel en el circo es a trav\u00e9s de esta disciplina deportiva, interactuado con el p\u00fablico en una excelente rutina art\u00edstica. Claro que pese a lo sorprendente de su estatura, en realidad es el segundo hombre m\u00e1s alto del mundo, ya que en estricto rigor, el t\u00edtulo le corresponde al turco Sultan Kosen, quien mide 2,51 metros.<\/p>\n<p>Finalmente Nicolay, quien viene acompa\u00f1ado de Elizardo Llanos de solo 1,70 y fracci\u00f3n, representante del circo, llam\u00f3 a los sanfelipe\u00f1os a visitar el excelente show que toda la compa\u00f1\u00eda tiene preparado para este fin de semana. Seg\u00fan Elizardo Llanos, vienen con precios populares de $1.000 (mil pesos) para ni\u00f1os y $3.000 (tres mil pesos) para los adultos.<\/p>\n<p>Marco Antonio Juri<\/p>\n<p>&nbsp;<\/p>\n","protected":false},"excerpt":{"rendered":"<p>A partir de este viernes, en su debut, usted podr\u00e1 conocer al Hombre m\u00e1s grande del mundo, Nicolay Sabolotniy, de 46 a\u00f1os de edad, oriundo de Ucrania y quien mide nada menos&#8230;<\/p>\n","protected":false},"author":482,"featured_media":50163,"comment_status":"open","ping_status":"closed","sticky":false,"template":"","format":"standard","meta":{"advanced_seo_description":"","jetpack_seo_html_title":"","jetpack_seo_noindex":false,"_jetpack_memberships_contains_paid_content":false,"footnotes":""},"categories":[15],"tags":[],"class_list":["post-50162","post","type-post","status-publish","format-standard","has-post-thumbnail","hentry","category-comunidad"],"jetpack_featured_media_url":"https:\/\/i0.wp.com\/eltrabajo.cl\/portal\/wp-content\/uploads\/2014\/08\/Gigante1.jpg?fit=529%2C371&ssl=1","jetpack_sharing_enabled":true,"jetpack_likes_enabled":true,"jetpack-related-posts":[],"_links":{"self":[{"href":"https:\/\/eltrabajo.cl\/portal\/wp-json\/wp\/v2\/posts\/50162","targetHints":{"allow":["GET"]}}],"collection":[{"href":"https:\/\/eltrabajo.cl\/portal\/wp-json\/wp\/v2\/posts"}],"about":[{"href":"https:\/\/eltrabajo.cl\/portal\/wp-json\/wp\/v2\/types\/post"}],"author":[{"embeddable":true,"href":"https:\/\/eltrabajo.cl\/portal\/wp-json\/wp\/v2\/users\/482"}],"replies":[{"embeddable":true,"href":"https:\/\/eltrabajo.cl\/portal\/wp-json\/wp\/v2\/comments?post=50162"}],"version-history":[{"count":0,"href":"https:\/\/eltrabajo.cl\/portal\/wp-json\/wp\/v2\/posts\/50162\/revisions"}],"wp:featuredmedia":[{"embeddable":true,"href":"https:\/\/eltrabajo.cl\/portal\/wp-json\/wp\/v2\/media\/50163"}],"wp:attachment":[{"href":"https:\/\/eltrabajo.cl\/portal\/wp-json\/wp\/v2\/media?parent=50162"}],"wp:term":[{"taxonomy":"category","embeddable":true,"href":"https:\/\/eltrabajo.cl\/portal\/wp-json\/wp\/v2\/categories?post=50162"},{"taxonomy":"post_tag","embeddable":true,"href":"https:\/\/eltrabajo.cl\/portal\/wp-json\/wp\/v2\/tags?post=50162"}],"curies":[{"name":"wp","href":"https:\/\/api.w.org\/{rel}","templated":true}]}}