{"id":50169,"date":"2014-08-21T13:34:18","date_gmt":"2014-08-21T17:34:18","guid":{"rendered":"http:\/\/www.eltrabajo.cl\/portal\/?p=50169"},"modified":"2014-08-21T13:34:18","modified_gmt":"2014-08-21T17:34:18","slug":"con-flamante-desfile-conmemoran-natalicio-de-bernardo-o%c2%b4higgins","status":"publish","type":"post","link":"https:\/\/eltrabajo.cl\/portal\/con-flamante-desfile-conmemoran-natalicio-de-bernardo-o%c2%b4higgins\/","title":{"rendered":"Con flamante desfile conmemoran Natalicio de Bernardo O\u00b4Higgins"},"content":{"rendered":"<figure id=\"attachment_50170\" aria-describedby=\"caption-attachment-50170\" style=\"width: 528px\" class=\"wp-caption alignnone\"><a href=\"https:\/\/i0.wp.com\/www.eltrabajo.cl\/portal\/wp-content\/uploads\/2014\/08\/Desfile1.jpg\"><img data-recalc-dims=\"1\" loading=\"lazy\" decoding=\"async\" class=\"size-full wp-image-50170\" alt=\"Con una gran asistencia de p\u00fablico, se realiz\u00f3 en el frontis de la municipalidad de esta comuna, el desfile en Honor del Natalicio de Bernardo O\u2019Higgins.\" src=\"https:\/\/i0.wp.com\/www.eltrabajo.cl\/portal\/wp-content\/uploads\/2014\/08\/Desfile1.jpg?resize=528%2C328\" width=\"528\" height=\"328\" srcset=\"https:\/\/i0.wp.com\/eltrabajo.cl\/portal\/wp-content\/uploads\/2014\/08\/Desfile1.jpg?w=528&amp;ssl=1 528w, https:\/\/i0.wp.com\/eltrabajo.cl\/portal\/wp-content\/uploads\/2014\/08\/Desfile1.jpg?resize=200%2C124&amp;ssl=1 200w, https:\/\/i0.wp.com\/eltrabajo.cl\/portal\/wp-content\/uploads\/2014\/08\/Desfile1.jpg?resize=300%2C186&amp;ssl=1 300w, https:\/\/i0.wp.com\/eltrabajo.cl\/portal\/wp-content\/uploads\/2014\/08\/Desfile1.jpg?resize=150%2C93&amp;ssl=1 150w, https:\/\/i0.wp.com\/eltrabajo.cl\/portal\/wp-content\/uploads\/2014\/08\/Desfile1.jpg?resize=400%2C248&amp;ssl=1 400w\" sizes=\"auto, (max-width: 528px) 100vw, 528px\" \/><\/a><figcaption id=\"caption-attachment-50170\" class=\"wp-caption-text\">Con una gran asistencia de p\u00fablico, se realiz\u00f3 en el frontis de la municipalidad de esta comuna, el desfile en Honor del Natalicio de Bernardo O\u2019Higgins.<\/figcaption><\/figure>\n<p><strong>SANTA MAR\u00cdA<\/strong>.- Con una gran asistencia de p\u00fablico, se realiz\u00f3 en el frontis de la municipalidad de esta comuna, el desfile en Honor del Natalicio de Bernardo O\u2019Higgins. La actividad, que estuvo a cargo de la Direcci\u00f3n de Educaci\u00f3n, cont\u00f3 con la presencia de las m\u00e1ximas autoridades comunales, encabezadas por el Alcalde Claudio Zurita Ibarra y el Concejo Municipal, por miembros del Club de Leones de esta comuna, adem\u00e1s de los directores de las unidades educativas y del Jefe de Tenencia de Carabineros, Claudio del Canto, entre otros invitados especiales.<\/p>\n<figure id=\"attachment_50171\" aria-describedby=\"caption-attachment-50171\" style=\"width: 370px\" class=\"wp-caption alignright\"><a href=\"https:\/\/i0.wp.com\/www.eltrabajo.cl\/portal\/wp-content\/uploads\/2014\/08\/Saludo1.jpg\"><img data-recalc-dims=\"1\" loading=\"lazy\" decoding=\"async\" class=\" wp-image-50171 \" alt=\" El Alcalde Claudio Zurita saluda al Presidente del Club de Leones Jaime Salazar en la entrega de Ofrenda Floral.\" src=\"https:\/\/i0.wp.com\/www.eltrabajo.cl\/portal\/wp-content\/uploads\/2014\/08\/Saludo1.jpg?resize=370%2C266\" width=\"370\" height=\"266\" srcset=\"https:\/\/i0.wp.com\/eltrabajo.cl\/portal\/wp-content\/uploads\/2014\/08\/Saludo1.jpg?w=529&amp;ssl=1 529w, https:\/\/i0.wp.com\/eltrabajo.cl\/portal\/wp-content\/uploads\/2014\/08\/Saludo1.jpg?resize=200%2C143&amp;ssl=1 200w, https:\/\/i0.wp.com\/eltrabajo.cl\/portal\/wp-content\/uploads\/2014\/08\/Saludo1.jpg?resize=300%2C215&amp;ssl=1 300w, https:\/\/i0.wp.com\/eltrabajo.cl\/portal\/wp-content\/uploads\/2014\/08\/Saludo1.jpg?resize=150%2C107&amp;ssl=1 150w, https:\/\/i0.wp.com\/eltrabajo.cl\/portal\/wp-content\/uploads\/2014\/08\/Saludo1.jpg?resize=400%2C287&amp;ssl=1 400w\" sizes=\"auto, (max-width: 370px) 100vw, 370px\" \/><\/a><figcaption id=\"caption-attachment-50171\" class=\"wp-caption-text\">El Alcalde Claudio Zurita saluda al Presidente del Club de Leones Jaime Salazar en la entrega de Ofrenda Floral.<\/figcaption><\/figure>\n<p>Durante la ceremonia se entreg\u00f3 una completa rese\u00f1a sobre el significado de esta fecha, con una referencia hist\u00f3rica del pr\u00f3cer, su vida y su obra, acompa\u00f1ada de otros n\u00fameros art\u00edsticos que incluyeron poes\u00eda y m\u00fasica, presentaciones a cargo de docentes y alumnos. El desfile de honor fue encabezado por la Banda de guerra Alejandro Bernal del Liceo Dar\u00edo Salas y donde participaron delegaciones de todas las unidades educativas de la comuna, en una impecable presentaci\u00f3n.<\/p>\n<p>Muy contento se mostr\u00f3 Walter Hauva Cuadra, Gobernador del Distrito T1 que abarca desde la Quinta Regi\u00f3n hasta Arica, qui\u00e9n se\u00f1al\u00f3 que \u201cel desfile estuvo muy bien organizado, es un orgullo que se haga este homenaje al Padre de la Patria en nuestra comuna. Nuestro club siempre ha tenido una participaci\u00f3n activa en este homenaje, algo que se ha vuelto ya una tradici\u00f3n\u201d<\/p>\n<p>Por su parte el Alcalde Claudio Zurita, agradeci\u00f3 a todos quienes hicieron esto posible, destacando la participaci\u00f3n de la comunidad educativa y de los funcionarios municipales. Adem\u00e1s felicit\u00f3 a cada uno de los integrantes del Club de Leones por su entrega a sus ideales y a su reciente electo gobernador distrital. En la oportunidad el edil, junto al Presidente del Club de Leones, Jaime Salazar Gonz\u00e1lez, colocaron una ofrenda floral frente al busto de O\u2019Higgins, ubicado en la remozada y recientemente abierta Plaza de Armas de Santa Mar\u00eda.<\/p>\n<p>&nbsp;<\/p>\n","protected":false},"excerpt":{"rendered":"<p>SANTA MAR\u00cdA.- Con una gran asistencia de p\u00fablico, se realiz\u00f3 en el frontis de la municipalidad de esta comuna, el desfile en Honor del Natalicio de Bernardo O\u2019Higgins. La actividad, que estuvo&#8230;<\/p>\n","protected":false},"author":482,"featured_media":50170,"comment_status":"open","ping_status":"closed","sticky":false,"template":"","format":"standard","meta":{"advanced_seo_description":"","jetpack_seo_html_title":"","jetpack_seo_noindex":false,"_jetpack_memberships_contains_paid_content":false,"footnotes":""},"categories":[15],"tags":[],"class_list":["post-50169","post","type-post","status-publish","format-standard","has-post-thumbnail","hentry","category-comunidad"],"jetpack_featured_media_url":"https:\/\/i0.wp.com\/eltrabajo.cl\/portal\/wp-content\/uploads\/2014\/08\/Desfile1.jpg?fit=528%2C328&ssl=1","jetpack_sharing_enabled":true,"jetpack_likes_enabled":true,"jetpack-related-posts":[],"_links":{"self":[{"href":"https:\/\/eltrabajo.cl\/portal\/wp-json\/wp\/v2\/posts\/50169","targetHints":{"allow":["GET"]}}],"collection":[{"href":"https:\/\/eltrabajo.cl\/portal\/wp-json\/wp\/v2\/posts"}],"about":[{"href":"https:\/\/eltrabajo.cl\/portal\/wp-json\/wp\/v2\/types\/post"}],"author":[{"embeddable":true,"href":"https:\/\/eltrabajo.cl\/portal\/wp-json\/wp\/v2\/users\/482"}],"replies":[{"embeddable":true,"href":"https:\/\/eltrabajo.cl\/portal\/wp-json\/wp\/v2\/comments?post=50169"}],"version-history":[{"count":0,"href":"https:\/\/eltrabajo.cl\/portal\/wp-json\/wp\/v2\/posts\/50169\/revisions"}],"wp:featuredmedia":[{"embeddable":true,"href":"https:\/\/eltrabajo.cl\/portal\/wp-json\/wp\/v2\/media\/50170"}],"wp:attachment":[{"href":"https:\/\/eltrabajo.cl\/portal\/wp-json\/wp\/v2\/media?parent=50169"}],"wp:term":[{"taxonomy":"category","embeddable":true,"href":"https:\/\/eltrabajo.cl\/portal\/wp-json\/wp\/v2\/categories?post=50169"},{"taxonomy":"post_tag","embeddable":true,"href":"https:\/\/eltrabajo.cl\/portal\/wp-json\/wp\/v2\/tags?post=50169"}],"curies":[{"name":"wp","href":"https:\/\/api.w.org\/{rel}","templated":true}]}}