{"id":5018,"date":"2011-10-20T08:45:34","date_gmt":"2011-10-20T12:45:34","guid":{"rendered":"http:\/\/www.eltrabajo.cl\/portal\/?p=5018"},"modified":"2011-10-20T08:45:34","modified_gmt":"2011-10-20T12:45:34","slug":"jovenes-secundarios-estan-invitados-a-participar-en-i-festival-de-cortometrajes","status":"publish","type":"post","link":"https:\/\/eltrabajo.cl\/portal\/jovenes-secundarios-estan-invitados-a-participar-en-i-festival-de-cortometrajes\/","title":{"rendered":"J\u00f3venes secundarios est\u00e1n invitados a participar en I Festival de Cortometrajes"},"content":{"rendered":"<p>&nbsp;<\/p>\n<figure id=\"attachment_5019\" aria-describedby=\"caption-attachment-5019\" style=\"width: 600px\" class=\"wp-caption alignnone\"><a href=\"http:\/\/www.eltrabajo.cl\/portal\/archives\/5018\/leonel-alegria-2\" rel=\"attachment wp-att-5019\"><img data-recalc-dims=\"1\" loading=\"lazy\" decoding=\"async\" class=\"size-full wp-image-5019\" title=\"leonel alegria (2)\" src=\"https:\/\/i0.wp.com\/www.eltrabajo.cl\/portal\/wp-content\/uploads\/2011\/10\/leonel-alegria-2.jpg?resize=600%2C451\" alt=\"\" width=\"600\" height=\"451\" srcset=\"https:\/\/i0.wp.com\/eltrabajo.cl\/portal\/wp-content\/uploads\/2011\/10\/leonel-alegria-2.jpg?w=600&amp;ssl=1 600w, https:\/\/i0.wp.com\/eltrabajo.cl\/portal\/wp-content\/uploads\/2011\/10\/leonel-alegria-2.jpg?resize=200%2C150&amp;ssl=1 200w, https:\/\/i0.wp.com\/eltrabajo.cl\/portal\/wp-content\/uploads\/2011\/10\/leonel-alegria-2.jpg?resize=300%2C225&amp;ssl=1 300w, https:\/\/i0.wp.com\/eltrabajo.cl\/portal\/wp-content\/uploads\/2011\/10\/leonel-alegria-2.jpg?resize=150%2C112&amp;ssl=1 150w, https:\/\/i0.wp.com\/eltrabajo.cl\/portal\/wp-content\/uploads\/2011\/10\/leonel-alegria-2.jpg?resize=400%2C300&amp;ssl=1 400w\" sizes=\"auto, (max-width: 600px) 100vw, 600px\" \/><\/a><figcaption id=\"caption-attachment-5019\" class=\"wp-caption-text\">En su etapa final se encuentran los preparativos del Primer Festival de Cortometrajes de car\u00e1cter estudiantil que se desarrollar\u00e1 en San Felipe, se\u00f1al\u00f3 el concejal Leonel Alegr\u00eda.<\/figcaption><\/figure>\n<p>En la recta final se encuentran los preparativos del Primer Festiva de Cortometrajes de car\u00e1cter estudiantil, que est\u00e1 dirigido a los alumnos de ense\u00f1anza media de las provincias de San Felipe y Los Andes.<\/p>\n<p>La actividad est\u00e1 organizada por el Club Auca, fue financiado a trav\u00e9s del 2% del Fondo de Cultura del Gobierno regional y est\u00e1 enfocado a los j\u00f3venes aficionados, que gracias al desarrollo de la tecnolog\u00eda realizan videos de muy buen nivel.<\/p>\n<p>El plazo de presentaci\u00f3n de los trabajos es el pr\u00f3ximo 31 de octubre, fecha definitiva, ya que se ampli\u00f3 el plazo para entregar los videos debido a la situaci\u00f3n que se ha vivido a nivel de los colegios con las manifestaciones estudiantiles.<\/p>\n<p>\u00abLa idea es despertar la creatividad, la utilizaci\u00f3n de los medios tecnol\u00f3gicos y a trav\u00e9s de ellos desarrollar los cortometrajes, que permitan mostrar cuales son los temas, las inquietudes que tienen los j\u00f3venes, a trav\u00e9s del desarrollo de estas aplicaciones tecnol\u00f3gicas\u00bb, se\u00f1al\u00f3 el concejal Leonel Alegr\u00eda, promotor de esta actividad.<\/p>\n<p>De acuerdo a los aspectos t\u00e9cnicos que deben tener los trabajos, cada cortometraje debe ser presentado en formato DVD, debe tener una duraci\u00f3n m\u00e1xima de 10 minutos, y no existe tiempo m\u00ednimo, adem\u00e1s puede ser individual o grupal y los premios que pueden obtener los ganadores son elementos tecnol\u00f3gicos, ya que la idea es reforzar el trabajo que los j\u00f3venes de ense\u00f1anza media est\u00e1n desarrollando a trav\u00e9s de las t\u00e9cnicas audiovisuales.<\/p>\n<p>El jurado estar\u00e1 compuesto por 3 personas id\u00f3neas en la materia, pero que no han sido todav\u00eda confirmadas, que evaluar\u00e1n la tem\u00e1tica, el desarrollo del contenido, la coherencia y el dominio audiovisual.<\/p>\n<p>En tanto, en relaci\u00f3n a los trabajos, una vez que sean seleccionados se presentar\u00e1n en el Teatro Municipal de San Felipe, con la idea de difundir el trabajo de los j\u00f3venes.<\/p>\n","protected":false},"excerpt":{"rendered":"<p>&nbsp; En la recta final se encuentran los preparativos del Primer Festiva de Cortometrajes de car\u00e1cter estudiantil, que est\u00e1 dirigido a los alumnos de ense\u00f1anza media de las provincias de San Felipe&#8230;<\/p>\n","protected":false},"author":482,"featured_media":5019,"comment_status":"open","ping_status":"open","sticky":false,"template":"","format":"standard","meta":{"advanced_seo_description":"","jetpack_seo_html_title":"","jetpack_seo_noindex":false,"_jetpack_memberships_contains_paid_content":false,"footnotes":""},"categories":[15],"tags":[],"class_list":["post-5018","post","type-post","status-publish","format-standard","has-post-thumbnail","hentry","category-comunidad"],"jetpack_featured_media_url":"https:\/\/i0.wp.com\/eltrabajo.cl\/portal\/wp-content\/uploads\/2011\/10\/leonel-alegria-2.jpg?fit=600%2C451&ssl=1","jetpack_sharing_enabled":true,"jetpack_likes_enabled":true,"jetpack-related-posts":[],"_links":{"self":[{"href":"https:\/\/eltrabajo.cl\/portal\/wp-json\/wp\/v2\/posts\/5018","targetHints":{"allow":["GET"]}}],"collection":[{"href":"https:\/\/eltrabajo.cl\/portal\/wp-json\/wp\/v2\/posts"}],"about":[{"href":"https:\/\/eltrabajo.cl\/portal\/wp-json\/wp\/v2\/types\/post"}],"author":[{"embeddable":true,"href":"https:\/\/eltrabajo.cl\/portal\/wp-json\/wp\/v2\/users\/482"}],"replies":[{"embeddable":true,"href":"https:\/\/eltrabajo.cl\/portal\/wp-json\/wp\/v2\/comments?post=5018"}],"version-history":[{"count":0,"href":"https:\/\/eltrabajo.cl\/portal\/wp-json\/wp\/v2\/posts\/5018\/revisions"}],"wp:featuredmedia":[{"embeddable":true,"href":"https:\/\/eltrabajo.cl\/portal\/wp-json\/wp\/v2\/media\/5019"}],"wp:attachment":[{"href":"https:\/\/eltrabajo.cl\/portal\/wp-json\/wp\/v2\/media?parent=5018"}],"wp:term":[{"taxonomy":"category","embeddable":true,"href":"https:\/\/eltrabajo.cl\/portal\/wp-json\/wp\/v2\/categories?post=5018"},{"taxonomy":"post_tag","embeddable":true,"href":"https:\/\/eltrabajo.cl\/portal\/wp-json\/wp\/v2\/tags?post=5018"}],"curies":[{"name":"wp","href":"https:\/\/api.w.org\/{rel}","templated":true}]}}