{"id":50180,"date":"2014-08-21T13:38:51","date_gmt":"2014-08-21T17:38:51","guid":{"rendered":"http:\/\/www.eltrabajo.cl\/portal\/?p=50180"},"modified":"2014-08-21T13:38:51","modified_gmt":"2014-08-21T17:38:51","slug":"falla-en-sistema-de-valvulas-deja-sin-agua-a-vecinos-de-casa-blanca","status":"publish","type":"post","link":"https:\/\/eltrabajo.cl\/portal\/falla-en-sistema-de-valvulas-deja-sin-agua-a-vecinos-de-casa-blanca\/","title":{"rendered":"Falla en sistema de v\u00e1lvulas deja sin agua a vecinos de Casa Blanca"},"content":{"rendered":"<figure id=\"attachment_50181\" aria-describedby=\"caption-attachment-50181\" style=\"width: 528px\" class=\"wp-caption alignnone\"><a href=\"https:\/\/i0.wp.com\/www.eltrabajo.cl\/portal\/wp-content\/uploads\/2014\/08\/Aljibe1.jpg\"><img data-recalc-dims=\"1\" loading=\"lazy\" decoding=\"async\" class=\"size-full wp-image-50181\" alt=\"Una falla t\u00e9cnica en el sistema de v\u00e1lvulas de la planta del Comit\u00e9 de agua potable rural de Casa Blanca, ser\u00eda la causa de que hoy m\u00e1s de 1.500 vecinos de ese sector lleven varios d\u00edas sin el vital elemento.\" src=\"https:\/\/i0.wp.com\/www.eltrabajo.cl\/portal\/wp-content\/uploads\/2014\/08\/Aljibe1.jpg?resize=528%2C316\" width=\"528\" height=\"316\" srcset=\"https:\/\/i0.wp.com\/eltrabajo.cl\/portal\/wp-content\/uploads\/2014\/08\/Aljibe1.jpg?w=528&amp;ssl=1 528w, https:\/\/i0.wp.com\/eltrabajo.cl\/portal\/wp-content\/uploads\/2014\/08\/Aljibe1.jpg?resize=200%2C119&amp;ssl=1 200w, https:\/\/i0.wp.com\/eltrabajo.cl\/portal\/wp-content\/uploads\/2014\/08\/Aljibe1.jpg?resize=300%2C179&amp;ssl=1 300w, https:\/\/i0.wp.com\/eltrabajo.cl\/portal\/wp-content\/uploads\/2014\/08\/Aljibe1.jpg?resize=150%2C89&amp;ssl=1 150w, https:\/\/i0.wp.com\/eltrabajo.cl\/portal\/wp-content\/uploads\/2014\/08\/Aljibe1.jpg?resize=400%2C239&amp;ssl=1 400w\" sizes=\"auto, (max-width: 528px) 100vw, 528px\" \/><\/a><figcaption id=\"caption-attachment-50181\" class=\"wp-caption-text\">Una falla t\u00e9cnica en el sistema de v\u00e1lvulas de la planta del Comit\u00e9 de agua potable rural de Casa Blanca, ser\u00eda la causa de que hoy m\u00e1s de 1.500 vecinos de ese sector lleven varios d\u00edas sin el vital elemento.<\/figcaption><\/figure>\n<p><strong>PUTAENDO<\/strong>.- Una falla t\u00e9cnica en el sistema de v\u00e1lvulas de la planta del Comit\u00e9 de agua potable rural de Casa Blanca, ser\u00eda la causa de que hoy m\u00e1s de 1.500 vecinos de ese sector lleven varios d\u00edas sin el vital elemento. La falta de agua potable comenz\u00f3 a registrarse durante el fin de semana, y seg\u00fan informo el Director de Obras Municipales, Jorge Reyes, la situaci\u00f3n se ha transformado ya en una emergencia, producto de lo extenso del corte del suministro lo que ha obligado al municipio a coordinar en conjunto con la gobernaci\u00f3n provincial el env\u00edo de camiones aljibes, con el apoyo de Bomberos de Putaendo hasta los estanques acumuladores de agua, para llenarlos y entregar agua al sector de Casa Blanca, lo que se ha materializado en horas de la ma\u00f1ana de este mi\u00e9rcoles.<\/p>\n<p>En un recorrido por el sector comprobamos que efectivamente los vecinos manifiestan que desde el domingo est\u00e1n sin agua y que a medida que se han ido llenando los estanques ha comenzado a salir un poco de agua que les ha permitido acumular el vital elemento, pero que la presi\u00f3n es insuficiente para hacer funcionar lavadoras y calefont.<\/p>\n<p>El director de obras se\u00f1alo que al intentar regular el inconveniente t\u00e9cnico que existe se produjo un segundo inconveniente, que produjo que los vecinos de los Patos que perdieran tambi\u00e9n una importante presi\u00f3n en su red, por lo que claramente el problema debe solucionarlo un t\u00e9cnico de la DOH.<\/p>\n<p>En este sentido indic\u00f3 que han hecho todas las gestiones para que un equipo t\u00e9cnico de esa repartici\u00f3n se constituya a la brevedad en Casa Blanca, pero no ha sido posible y lo m\u00e1s probable es que este problema t\u00e9cnico dure incluso un par de d\u00edas m\u00e1s, por lo cual se continuara enviando camiones aljibes hasta ese sector.<\/p>\n<p>Patricio Gallardo M.<\/p>\n<p>&nbsp;<\/p>\n","protected":false},"excerpt":{"rendered":"<p>PUTAENDO.- Una falla t\u00e9cnica en el sistema de v\u00e1lvulas de la planta del Comit\u00e9 de agua potable rural de Casa Blanca, ser\u00eda la causa de que hoy m\u00e1s de 1.500 vecinos de&#8230;<\/p>\n","protected":false},"author":482,"featured_media":50181,"comment_status":"open","ping_status":"closed","sticky":false,"template":"","format":"standard","meta":{"advanced_seo_description":"","jetpack_seo_html_title":"","jetpack_seo_noindex":false,"_jetpack_memberships_contains_paid_content":false,"footnotes":""},"categories":[15],"tags":[],"class_list":["post-50180","post","type-post","status-publish","format-standard","has-post-thumbnail","hentry","category-comunidad"],"jetpack_featured_media_url":"https:\/\/i0.wp.com\/eltrabajo.cl\/portal\/wp-content\/uploads\/2014\/08\/Aljibe1.jpg?fit=528%2C316&ssl=1","jetpack_sharing_enabled":true,"jetpack_likes_enabled":true,"jetpack-related-posts":[],"_links":{"self":[{"href":"https:\/\/eltrabajo.cl\/portal\/wp-json\/wp\/v2\/posts\/50180","targetHints":{"allow":["GET"]}}],"collection":[{"href":"https:\/\/eltrabajo.cl\/portal\/wp-json\/wp\/v2\/posts"}],"about":[{"href":"https:\/\/eltrabajo.cl\/portal\/wp-json\/wp\/v2\/types\/post"}],"author":[{"embeddable":true,"href":"https:\/\/eltrabajo.cl\/portal\/wp-json\/wp\/v2\/users\/482"}],"replies":[{"embeddable":true,"href":"https:\/\/eltrabajo.cl\/portal\/wp-json\/wp\/v2\/comments?post=50180"}],"version-history":[{"count":0,"href":"https:\/\/eltrabajo.cl\/portal\/wp-json\/wp\/v2\/posts\/50180\/revisions"}],"wp:featuredmedia":[{"embeddable":true,"href":"https:\/\/eltrabajo.cl\/portal\/wp-json\/wp\/v2\/media\/50181"}],"wp:attachment":[{"href":"https:\/\/eltrabajo.cl\/portal\/wp-json\/wp\/v2\/media?parent=50180"}],"wp:term":[{"taxonomy":"category","embeddable":true,"href":"https:\/\/eltrabajo.cl\/portal\/wp-json\/wp\/v2\/categories?post=50180"},{"taxonomy":"post_tag","embeddable":true,"href":"https:\/\/eltrabajo.cl\/portal\/wp-json\/wp\/v2\/tags?post=50180"}],"curies":[{"name":"wp","href":"https:\/\/api.w.org\/{rel}","templated":true}]}}