{"id":50197,"date":"2014-08-22T13:00:16","date_gmt":"2014-08-22T17:00:16","guid":{"rendered":"http:\/\/www.eltrabajo.cl\/portal\/?p=50197"},"modified":"2014-08-22T13:00:16","modified_gmt":"2014-08-22T17:00:16","slug":"rita-valencia-lanzo-su-libro-delirios-y-melodias-de-isska-coranit","status":"publish","type":"post","link":"https:\/\/eltrabajo.cl\/portal\/rita-valencia-lanzo-su-libro-delirios-y-melodias-de-isska-coranit\/","title":{"rendered":"Rita Valencia lanz\u00f3 su libro \u2018Delirios y melod\u00edas de Isska Coranit\u2019"},"content":{"rendered":"<figure id=\"attachment_50198\" aria-describedby=\"caption-attachment-50198\" style=\"width: 370px\" class=\"wp-caption alignleft\"><a href=\"https:\/\/i0.wp.com\/www.eltrabajo.cl\/portal\/wp-content\/uploads\/2014\/08\/PAG-16-LIBRO.jpg\"><img data-recalc-dims=\"1\" loading=\"lazy\" decoding=\"async\" class=\" wp-image-50198 \" alt=\"Todo un \u00e9xito result\u00f3 el lanzamiento del libro Delirios y melod\u00edas de Isska Coranit, escrito por Rita Valencia, en la Biblioteca Municipal de Catemu.\" src=\"https:\/\/i0.wp.com\/www.eltrabajo.cl\/portal\/wp-content\/uploads\/2014\/08\/PAG-16-LIBRO.jpg?resize=370%2C291\" width=\"370\" height=\"291\" srcset=\"https:\/\/i0.wp.com\/eltrabajo.cl\/portal\/wp-content\/uploads\/2014\/08\/PAG-16-LIBRO.jpg?w=529&amp;ssl=1 529w, https:\/\/i0.wp.com\/eltrabajo.cl\/portal\/wp-content\/uploads\/2014\/08\/PAG-16-LIBRO.jpg?resize=191%2C150&amp;ssl=1 191w, https:\/\/i0.wp.com\/eltrabajo.cl\/portal\/wp-content\/uploads\/2014\/08\/PAG-16-LIBRO.jpg?resize=300%2C235&amp;ssl=1 300w, https:\/\/i0.wp.com\/eltrabajo.cl\/portal\/wp-content\/uploads\/2014\/08\/PAG-16-LIBRO.jpg?resize=150%2C117&amp;ssl=1 150w, https:\/\/i0.wp.com\/eltrabajo.cl\/portal\/wp-content\/uploads\/2014\/08\/PAG-16-LIBRO.jpg?resize=400%2C313&amp;ssl=1 400w\" sizes=\"auto, (max-width: 370px) 100vw, 370px\" \/><\/a><figcaption id=\"caption-attachment-50198\" class=\"wp-caption-text\">Todo un \u00e9xito result\u00f3 el lanzamiento del libro Delirios y melod\u00edas de Isska Coranit, escrito por Rita Valencia, en la Biblioteca Municipal de Catemu.<\/figcaption><\/figure>\n<p><strong>CATEMU<\/strong>.- Todo un \u00e9xito result\u00f3 el lanzamiento del libro Delirios y melod\u00edas de Isska Coranit, escrito por Rita Valencia, en la Biblioteca Municipal de Catemu, la escritora catemina realiz\u00f3 el lanzamiento ante un atento p\u00fablico que muy emocionado se dispuso a conocer sobre la escritora y sus versos.<\/p>\n<p>Luego de la lectura y comentarios de algunos poemas, tambi\u00e9n se refiri\u00f3 a su seud\u00f3nimo al cual quiso darle un sentido, encontrando en el vocablo jud\u00edo lo que representara lo que ella buscaba, Iskka Coranit, que quiere decir \u2018la que vio un rayo de luz\u2019.<\/p>\n<p>Durante la ceremonia, dos poetas amigos de Rita declamaron sus poemas, Carlos Eduardo Sa\u00e1 y Cecilia Vargas, quienes manifestaron un gran aprecio por la escritora y valoraron el ambiente que se dio en esta ceremonia.<\/p>\n<p>El Alcalde Luksic realiz\u00f3 la lectura del pr\u00f3logo del libro, adem\u00e1s cont\u00f3 acerca de Rita y su familia, destac\u00e1ndolos como un ejemplo de esfuerzo y grandes logros, sin importar las dificultades que se presenten.<\/p>\n<p>&nbsp;<\/p>\n","protected":false},"excerpt":{"rendered":"<p>CATEMU.- Todo un \u00e9xito result\u00f3 el lanzamiento del libro Delirios y melod\u00edas de Isska Coranit, escrito por Rita Valencia, en la Biblioteca Municipal de Catemu, la escritora catemina realiz\u00f3 el lanzamiento ante&#8230;<\/p>\n","protected":false},"author":482,"featured_media":50198,"comment_status":"open","ping_status":"closed","sticky":false,"template":"","format":"standard","meta":{"advanced_seo_description":"","jetpack_seo_html_title":"","jetpack_seo_noindex":false,"_jetpack_memberships_contains_paid_content":false,"footnotes":""},"categories":[15],"tags":[],"class_list":["post-50197","post","type-post","status-publish","format-standard","has-post-thumbnail","hentry","category-comunidad"],"jetpack_featured_media_url":"https:\/\/i0.wp.com\/eltrabajo.cl\/portal\/wp-content\/uploads\/2014\/08\/PAG-16-LIBRO.jpg?fit=529%2C415&ssl=1","jetpack_sharing_enabled":true,"jetpack_likes_enabled":true,"jetpack-related-posts":[],"_links":{"self":[{"href":"https:\/\/eltrabajo.cl\/portal\/wp-json\/wp\/v2\/posts\/50197","targetHints":{"allow":["GET"]}}],"collection":[{"href":"https:\/\/eltrabajo.cl\/portal\/wp-json\/wp\/v2\/posts"}],"about":[{"href":"https:\/\/eltrabajo.cl\/portal\/wp-json\/wp\/v2\/types\/post"}],"author":[{"embeddable":true,"href":"https:\/\/eltrabajo.cl\/portal\/wp-json\/wp\/v2\/users\/482"}],"replies":[{"embeddable":true,"href":"https:\/\/eltrabajo.cl\/portal\/wp-json\/wp\/v2\/comments?post=50197"}],"version-history":[{"count":0,"href":"https:\/\/eltrabajo.cl\/portal\/wp-json\/wp\/v2\/posts\/50197\/revisions"}],"wp:featuredmedia":[{"embeddable":true,"href":"https:\/\/eltrabajo.cl\/portal\/wp-json\/wp\/v2\/media\/50198"}],"wp:attachment":[{"href":"https:\/\/eltrabajo.cl\/portal\/wp-json\/wp\/v2\/media?parent=50197"}],"wp:term":[{"taxonomy":"category","embeddable":true,"href":"https:\/\/eltrabajo.cl\/portal\/wp-json\/wp\/v2\/categories?post=50197"},{"taxonomy":"post_tag","embeddable":true,"href":"https:\/\/eltrabajo.cl\/portal\/wp-json\/wp\/v2\/tags?post=50197"}],"curies":[{"name":"wp","href":"https:\/\/api.w.org\/{rel}","templated":true}]}}