{"id":50202,"date":"2014-08-22T13:04:50","date_gmt":"2014-08-22T17:04:50","guid":{"rendered":"http:\/\/www.eltrabajo.cl\/portal\/?p=50202"},"modified":"2014-08-22T13:04:50","modified_gmt":"2014-08-22T17:04:50","slug":"autoridades-de-salud-visitaron-a-joven-trasplantado-en-llay-llay","status":"publish","type":"post","link":"https:\/\/eltrabajo.cl\/portal\/autoridades-de-salud-visitaron-a-joven-trasplantado-en-llay-llay\/","title":{"rendered":"Autoridades de Salud visitaron a joven trasplantado en Llay Llay"},"content":{"rendered":"<figure id=\"attachment_50203\" aria-describedby=\"caption-attachment-50203\" style=\"width: 529px\" class=\"wp-caption alignnone\"><a href=\"https:\/\/i0.wp.com\/www.eltrabajo.cl\/portal\/wp-content\/uploads\/2014\/08\/Olmos1.jpg\"><img data-recalc-dims=\"1\" loading=\"lazy\" decoding=\"async\" class=\"size-full wp-image-50203\" alt=\"Alejandro C\u00e1rdenas, Director del Servicio de Salud Aconcagua, y el Dr. Luis Foncea, Subdirector de Gesti\u00f3n Asistencial, ofrecieron al joven y a su familia los apoyos cl\u00ednicos necesarios para su recuperaci\u00f3n.\" src=\"https:\/\/i0.wp.com\/www.eltrabajo.cl\/portal\/wp-content\/uploads\/2014\/08\/Olmos1.jpg?resize=529%2C344\" width=\"529\" height=\"344\" srcset=\"https:\/\/i0.wp.com\/eltrabajo.cl\/portal\/wp-content\/uploads\/2014\/08\/Olmos1.jpg?w=529&amp;ssl=1 529w, https:\/\/i0.wp.com\/eltrabajo.cl\/portal\/wp-content\/uploads\/2014\/08\/Olmos1.jpg?resize=200%2C130&amp;ssl=1 200w, https:\/\/i0.wp.com\/eltrabajo.cl\/portal\/wp-content\/uploads\/2014\/08\/Olmos1.jpg?resize=300%2C195&amp;ssl=1 300w, https:\/\/i0.wp.com\/eltrabajo.cl\/portal\/wp-content\/uploads\/2014\/08\/Olmos1.jpg?resize=150%2C97&amp;ssl=1 150w, https:\/\/i0.wp.com\/eltrabajo.cl\/portal\/wp-content\/uploads\/2014\/08\/Olmos1.jpg?resize=400%2C260&amp;ssl=1 400w\" sizes=\"auto, (max-width: 529px) 100vw, 529px\" \/><\/a><figcaption id=\"caption-attachment-50203\" class=\"wp-caption-text\">Alejandro C\u00e1rdenas, Director del Servicio de Salud Aconcagua, y el Dr. Luis Foncea, Subdirector de Gesti\u00f3n Asistencial, ofrecieron al joven y a su familia los apoyos cl\u00ednicos necesarios para su recuperaci\u00f3n.<\/figcaption><\/figure>\n<p>El Director del Servicio de Salud Aconcagua Alejandro C\u00e1rdenas y el Subdirector de Gesti\u00f3n Asistencial, Dr Luis Foncea, llegaron al domicilio del joven de Llay Llay trasplantado de h\u00edgado para ofrecer los apoyo cl\u00ednicos necesarios para su recuperaci\u00f3n y para hacer un llamado a la comunidad para que sean donantes de \u00f3rganos.<\/p>\n<figure id=\"attachment_50204\" aria-describedby=\"caption-attachment-50204\" style=\"width: 370px\" class=\"wp-caption alignright\"><a href=\"https:\/\/i0.wp.com\/www.eltrabajo.cl\/portal\/wp-content\/uploads\/2014\/08\/Visita1.jpg\"><img data-recalc-dims=\"1\" loading=\"lazy\" decoding=\"async\" class=\" wp-image-50204 \" alt=\"Los padres de Giovanni Olmos, junto con agradecer la preocupaci\u00f3n y los apoyos recibidos, hicieron un sentido reconocimiento a los familiares del donante y aprovecharon la oportunidad tambi\u00e9n para llamar a la gente a ser donante.\" src=\"https:\/\/i0.wp.com\/www.eltrabajo.cl\/portal\/wp-content\/uploads\/2014\/08\/Visita1.jpg?resize=370%2C247\" width=\"370\" height=\"247\" srcset=\"https:\/\/i0.wp.com\/eltrabajo.cl\/portal\/wp-content\/uploads\/2014\/08\/Visita1.jpg?w=529&amp;ssl=1 529w, https:\/\/i0.wp.com\/eltrabajo.cl\/portal\/wp-content\/uploads\/2014\/08\/Visita1.jpg?resize=200%2C133&amp;ssl=1 200w, https:\/\/i0.wp.com\/eltrabajo.cl\/portal\/wp-content\/uploads\/2014\/08\/Visita1.jpg?resize=300%2C200&amp;ssl=1 300w, https:\/\/i0.wp.com\/eltrabajo.cl\/portal\/wp-content\/uploads\/2014\/08\/Visita1.jpg?resize=150%2C100&amp;ssl=1 150w, https:\/\/i0.wp.com\/eltrabajo.cl\/portal\/wp-content\/uploads\/2014\/08\/Visita1.jpg?resize=400%2C266&amp;ssl=1 400w\" sizes=\"auto, (max-width: 370px) 100vw, 370px\" \/><\/a><figcaption id=\"caption-attachment-50204\" class=\"wp-caption-text\">Los padres de Giovanni Olmos, junto con agradecer la preocupaci\u00f3n y los apoyos recibidos, hicieron un sentido reconocimiento a los familiares del donante y aprovecharon la oportunidad tambi\u00e9n para llamar a la gente a ser donante.<\/figcaption><\/figure>\n<p>\u00abEstamos muy contentos del estado de salud y la recuperaci\u00f3n que ha tenido Giovanni Olmos. Ha sido algo extraordinario que no s\u00f3lo alegra a su familia, sino tambi\u00e9n a toda la comunidad que durante todo este tiempo expres\u00f3 su solidaridad con este joven. Como Director del Servicio de Salud Aconcagua y en representaci\u00f3n de la Ministra de Salud, hemos querido saludar a \u00e9l y a su familia, a quienes les hemos ofrecido el apoyo cl\u00ednico necesario que en este per\u00edodo de recuperaci\u00f3n ser\u00e1 vital para el \u00e9xito que todos queremos y esperamos\u00bb, expres\u00f3 C\u00e1rdenas.<\/p>\n<p>Por su parte el Dr. Luis Foncea, no ocult\u00f3 su asombro por el estado de salud en que se encuentra el joven trasplantado, haciendo un llamado a la comunidad, para que se inscriban como donantes de \u00f3rganos. \u00abEs sorprendente el estado an\u00edmico y de salud en que se encuentra Giovanni. Queda un largo camino por recorrer y queremos acompa\u00f1arlo en este proceso. Es un caso ejemplar que todos debi\u00e9ramos imitar. Con esta donaci\u00f3n se ha salvado la vida de este joven y de aqu\u00ed la importancia de ser donante de \u00f3rganos. Hago un llamado a la gente que piense, lo comparta con su familia y tome la determinaci\u00f3n de ser donante para salvar y dar vida a otras personas, tal como ocurri\u00f3 con Giovanni Olmos\u00bb.<\/p>\n<p><strong>GIOVANNI ALEGRE<\/strong><\/p>\n<p>Emocionado, Giovanni Olmos y su esposa Elizabeth Valencia agradecieron la visita, el inter\u00e9s y la solidaridad que han recibido durante este tiempo. Agradezco la visita de las autoridades de salud, a todas las personas que nos han apoyado y de manera muy especial a la familia del donante por el cual me encuentro vivo y que me abre las esperanzas de conocer a mi hijo que pronto va a nacer y de seguir compartiendo junto a mi familia\u00bb, se\u00f1al\u00f3 Giovanni Olmos.<\/p>\n<p>Finalmente, los padres de Giovanni Olmos, junto con agradecer la preocupaci\u00f3n y los apoyos recibidos, hicieron un sentido reconocimiento a los familiares del donante y aprovecharon la oportunidad tambi\u00e9n para llamar a la gente a ser donante. \u00abEstamos felices de que nuestro hijo haya vuelto con vida a nuestra casa. Estamos felices de poder seguir compartiendo con \u00e9l. Estamos felices de que pronto nuestro hijo conocer\u00e1 y disfrutar\u00e1 a su hijo. Agradecemos a Dios y a la familia donante por su generosidad y posibilidad que nos ha dado. Queremos hacer un llamado a que la gente sepa lo importante que es ser donante, porque gracias a ellos nosotros tenemos con vida a un ser querido\u00bb, concluyeron los padres de Giovanni Olmos.<\/p>\n<p>&nbsp;<\/p>\n","protected":false},"excerpt":{"rendered":"<p>El Director del Servicio de Salud Aconcagua Alejandro C\u00e1rdenas y el Subdirector de Gesti\u00f3n Asistencial, Dr Luis Foncea, llegaron al domicilio del joven de Llay Llay trasplantado de h\u00edgado para ofrecer los&#8230;<\/p>\n","protected":false},"author":482,"featured_media":50203,"comment_status":"open","ping_status":"closed","sticky":false,"template":"","format":"standard","meta":{"advanced_seo_description":"","jetpack_seo_html_title":"","jetpack_seo_noindex":false,"_jetpack_memberships_contains_paid_content":false,"footnotes":""},"categories":[15],"tags":[],"class_list":["post-50202","post","type-post","status-publish","format-standard","has-post-thumbnail","hentry","category-comunidad"],"jetpack_featured_media_url":"https:\/\/i0.wp.com\/eltrabajo.cl\/portal\/wp-content\/uploads\/2014\/08\/Olmos1.jpg?fit=529%2C344&ssl=1","jetpack_sharing_enabled":true,"jetpack_likes_enabled":true,"jetpack-related-posts":[],"_links":{"self":[{"href":"https:\/\/eltrabajo.cl\/portal\/wp-json\/wp\/v2\/posts\/50202","targetHints":{"allow":["GET"]}}],"collection":[{"href":"https:\/\/eltrabajo.cl\/portal\/wp-json\/wp\/v2\/posts"}],"about":[{"href":"https:\/\/eltrabajo.cl\/portal\/wp-json\/wp\/v2\/types\/post"}],"author":[{"embeddable":true,"href":"https:\/\/eltrabajo.cl\/portal\/wp-json\/wp\/v2\/users\/482"}],"replies":[{"embeddable":true,"href":"https:\/\/eltrabajo.cl\/portal\/wp-json\/wp\/v2\/comments?post=50202"}],"version-history":[{"count":0,"href":"https:\/\/eltrabajo.cl\/portal\/wp-json\/wp\/v2\/posts\/50202\/revisions"}],"wp:featuredmedia":[{"embeddable":true,"href":"https:\/\/eltrabajo.cl\/portal\/wp-json\/wp\/v2\/media\/50203"}],"wp:attachment":[{"href":"https:\/\/eltrabajo.cl\/portal\/wp-json\/wp\/v2\/media?parent=50202"}],"wp:term":[{"taxonomy":"category","embeddable":true,"href":"https:\/\/eltrabajo.cl\/portal\/wp-json\/wp\/v2\/categories?post=50202"},{"taxonomy":"post_tag","embeddable":true,"href":"https:\/\/eltrabajo.cl\/portal\/wp-json\/wp\/v2\/tags?post=50202"}],"curies":[{"name":"wp","href":"https:\/\/api.w.org\/{rel}","templated":true}]}}