{"id":50208,"date":"2014-08-22T13:05:40","date_gmt":"2014-08-22T17:05:40","guid":{"rendered":"http:\/\/www.eltrabajo.cl\/portal\/?p=50208"},"modified":"2014-08-22T13:05:40","modified_gmt":"2014-08-22T17:05:40","slug":"inauguran-mural-que-promueve-ambientes-libres-de-humo-de-tabaco","status":"publish","type":"post","link":"https:\/\/eltrabajo.cl\/portal\/inauguran-mural-que-promueve-ambientes-libres-de-humo-de-tabaco\/","title":{"rendered":"Inauguran mural que promueve ambientes libres de humo de tabaco"},"content":{"rendered":"<figure id=\"attachment_50209\" aria-describedby=\"caption-attachment-50209\" style=\"width: 528px\" class=\"wp-caption alignnone\"><a href=\"https:\/\/i0.wp.com\/www.eltrabajo.cl\/portal\/wp-content\/uploads\/2014\/08\/Mural1.jpg\"><img data-recalc-dims=\"1\" loading=\"lazy\" decoding=\"async\" class=\"size-full wp-image-50209\" alt=\"Daniel Codoceo fue el muralista que gui\u00f3 a los ni\u00f1os en la confecci\u00f3n del mural y que los motiv\u00f3 a continuar realizando este tipo de actividades, que permiten embellecer el sector.\" src=\"https:\/\/i0.wp.com\/www.eltrabajo.cl\/portal\/wp-content\/uploads\/2014\/08\/Mural1.jpg?resize=528%2C303\" width=\"528\" height=\"303\" srcset=\"https:\/\/i0.wp.com\/eltrabajo.cl\/portal\/wp-content\/uploads\/2014\/08\/Mural1.jpg?w=528&amp;ssl=1 528w, https:\/\/i0.wp.com\/eltrabajo.cl\/portal\/wp-content\/uploads\/2014\/08\/Mural1.jpg?resize=200%2C114&amp;ssl=1 200w, https:\/\/i0.wp.com\/eltrabajo.cl\/portal\/wp-content\/uploads\/2014\/08\/Mural1.jpg?resize=300%2C172&amp;ssl=1 300w, https:\/\/i0.wp.com\/eltrabajo.cl\/portal\/wp-content\/uploads\/2014\/08\/Mural1.jpg?resize=150%2C86&amp;ssl=1 150w, https:\/\/i0.wp.com\/eltrabajo.cl\/portal\/wp-content\/uploads\/2014\/08\/Mural1.jpg?resize=400%2C229&amp;ssl=1 400w\" sizes=\"auto, (max-width: 528px) 100vw, 528px\" \/><\/a><figcaption id=\"caption-attachment-50209\" class=\"wp-caption-text\">Daniel Codoceo fue el muralista que gui\u00f3 a los ni\u00f1os en la confecci\u00f3n del mural y que los motiv\u00f3 a continuar realizando este tipo de actividades, que permiten embellecer el sector.<\/figcaption><\/figure>\n<p>En el marco del Plan de Promoci\u00f3n de la Salud y a prop\u00f3sito del D\u00eda sin fumar, que promueve ambientes libre de humo del tabaco, los vecinos y especialmente los ni\u00f1os de Villa 250 A\u00f1os, pintaron un mural, mismo que fue inaugurado por el Alcalde Patricio Freire este lunes 18 de agosto. La iniciativa naci\u00f3 al interior del Programa comunal de Promoci\u00f3n de la Salud 2014 y ten\u00eda como objetivo potenciar los ambientes libres de humo de tabaco entre los ni\u00f1os y sus padres, la alimentaci\u00f3n saludable y la realizaci\u00f3n de actividad f\u00edsica, todo lo que qued\u00f3 plasmado en el mural, y que son los ejes fundamentales sobre los que trabaja el Programa de Promoci\u00f3n de la salud durante este a\u00f1o.<\/p>\n<p>\u201cLos ni\u00f1os estuvieron muy motivados, los vecinos muy felices de participar y con muy buen recibimiento y los ni\u00f1os peque\u00f1os estuvieron desde temprano esper\u00e1ndonos para pintar, as\u00ed que agradecemos a los vecinos que nos acogieron y que se motivaron por pintar este mural, lo que permite hermosear Villa 250 A\u00f1os, de esta manera estamos haciendo realidad lo que ha planteado nuestro Alcalde Patricio Freire de trabajar con la comunidad en terreno\u201d, se\u00f1al\u00f3 Loreto Olgu\u00edn, Coordinadora del Programa de Promoci\u00f3n de la salud.<\/p>\n<p>&nbsp;<\/p>\n","protected":false},"excerpt":{"rendered":"<p>En el marco del Plan de Promoci\u00f3n de la Salud y a prop\u00f3sito del D\u00eda sin fumar, que promueve ambientes libre de humo del tabaco, los vecinos y especialmente los ni\u00f1os de&#8230;<\/p>\n","protected":false},"author":482,"featured_media":50209,"comment_status":"open","ping_status":"closed","sticky":false,"template":"","format":"standard","meta":{"advanced_seo_description":"","jetpack_seo_html_title":"","jetpack_seo_noindex":false,"_jetpack_memberships_contains_paid_content":false,"footnotes":""},"categories":[15],"tags":[],"class_list":["post-50208","post","type-post","status-publish","format-standard","has-post-thumbnail","hentry","category-comunidad"],"jetpack_featured_media_url":"https:\/\/i0.wp.com\/eltrabajo.cl\/portal\/wp-content\/uploads\/2014\/08\/Mural1.jpg?fit=528%2C303&ssl=1","jetpack_sharing_enabled":true,"jetpack_likes_enabled":true,"jetpack-related-posts":[],"_links":{"self":[{"href":"https:\/\/eltrabajo.cl\/portal\/wp-json\/wp\/v2\/posts\/50208","targetHints":{"allow":["GET"]}}],"collection":[{"href":"https:\/\/eltrabajo.cl\/portal\/wp-json\/wp\/v2\/posts"}],"about":[{"href":"https:\/\/eltrabajo.cl\/portal\/wp-json\/wp\/v2\/types\/post"}],"author":[{"embeddable":true,"href":"https:\/\/eltrabajo.cl\/portal\/wp-json\/wp\/v2\/users\/482"}],"replies":[{"embeddable":true,"href":"https:\/\/eltrabajo.cl\/portal\/wp-json\/wp\/v2\/comments?post=50208"}],"version-history":[{"count":0,"href":"https:\/\/eltrabajo.cl\/portal\/wp-json\/wp\/v2\/posts\/50208\/revisions"}],"wp:featuredmedia":[{"embeddable":true,"href":"https:\/\/eltrabajo.cl\/portal\/wp-json\/wp\/v2\/media\/50209"}],"wp:attachment":[{"href":"https:\/\/eltrabajo.cl\/portal\/wp-json\/wp\/v2\/media?parent=50208"}],"wp:term":[{"taxonomy":"category","embeddable":true,"href":"https:\/\/eltrabajo.cl\/portal\/wp-json\/wp\/v2\/categories?post=50208"},{"taxonomy":"post_tag","embeddable":true,"href":"https:\/\/eltrabajo.cl\/portal\/wp-json\/wp\/v2\/tags?post=50208"}],"curies":[{"name":"wp","href":"https:\/\/api.w.org\/{rel}","templated":true}]}}