{"id":50211,"date":"2014-08-22T13:07:28","date_gmt":"2014-08-22T17:07:28","guid":{"rendered":"http:\/\/www.eltrabajo.cl\/portal\/?p=50211"},"modified":"2014-08-22T13:07:28","modified_gmt":"2014-08-22T17:07:28","slug":"vuelven-los-problemas-para-vecinos-de-jahuel-por-las-mineras","status":"publish","type":"post","link":"https:\/\/eltrabajo.cl\/portal\/vuelven-los-problemas-para-vecinos-de-jahuel-por-las-mineras\/","title":{"rendered":"Vuelven los problemas para vecinos de Jahuel por las mineras"},"content":{"rendered":"<figure id=\"attachment_50212\" aria-describedby=\"caption-attachment-50212\" style=\"width: 529px\" class=\"wp-caption alignnone\"><a href=\"https:\/\/i0.wp.com\/www.eltrabajo.cl\/portal\/wp-content\/uploads\/2014\/08\/Laja-prensa.jpg\"><img data-recalc-dims=\"1\" loading=\"lazy\" decoding=\"async\" class=\"size-full wp-image-50212\" alt=\"Y en el mismo sector pasa la totalidad de la escaza agua de regad\u00edo del todo Jahuel.\" src=\"https:\/\/i0.wp.com\/www.eltrabajo.cl\/portal\/wp-content\/uploads\/2014\/08\/Laja-prensa.jpg?resize=529%2C401\" width=\"529\" height=\"401\" srcset=\"https:\/\/i0.wp.com\/eltrabajo.cl\/portal\/wp-content\/uploads\/2014\/08\/Laja-prensa.jpg?w=529&amp;ssl=1 529w, https:\/\/i0.wp.com\/eltrabajo.cl\/portal\/wp-content\/uploads\/2014\/08\/Laja-prensa.jpg?resize=197%2C150&amp;ssl=1 197w, https:\/\/i0.wp.com\/eltrabajo.cl\/portal\/wp-content\/uploads\/2014\/08\/Laja-prensa.jpg?resize=300%2C227&amp;ssl=1 300w, https:\/\/i0.wp.com\/eltrabajo.cl\/portal\/wp-content\/uploads\/2014\/08\/Laja-prensa.jpg?resize=150%2C113&amp;ssl=1 150w, https:\/\/i0.wp.com\/eltrabajo.cl\/portal\/wp-content\/uploads\/2014\/08\/Laja-prensa.jpg?resize=400%2C303&amp;ssl=1 400w\" sizes=\"auto, (max-width: 529px) 100vw, 529px\" \/><\/a><figcaption id=\"caption-attachment-50212\" class=\"wp-caption-text\">Y en el mismo sector pasa la totalidad de la escaza agua de regad\u00edo del todo Jahuel.<\/figcaption><\/figure>\n<p><strong>SANTA MAR\u00cdA<\/strong>.- La comunidad de Jahuel nuevamente enfrenta la tensi\u00f3n por el posible ingreso de una minera a su sector. Esto despu\u00e9s que se supiera que existe una demanda interpuesta por una sociedad minera para una servidumbre de paso para trabajar Mina Aguas Claras. Y no es para menos, ya que la actitud del propietario de la mina, Jos\u00e9 Ortega, est\u00e1 llevando a que el pueblo jahuelino pierda la paciencia. Ortega, a sabiendas del grave problema h\u00eddrico que enfrenta el sector, se empecina en trabajar esta mina que se encuentra justamente sobre las napas que abastecen las conocidas y valoradas vertientes de Las Cortaderas, cuya agua pura y cristalina de conocidos valores medicinales abastecen el sistema de agua potable del Zaino, Jahuelito, Tabolango y Lo Gald\u00e1mez.<\/p>\n<figure id=\"attachment_50213\" aria-describedby=\"caption-attachment-50213\" style=\"width: 317px\" class=\"wp-caption alignright\"><a href=\"https:\/\/i0.wp.com\/www.eltrabajo.cl\/portal\/wp-content\/uploads\/2014\/08\/Ruben-Munoz.jpg\"><img data-recalc-dims=\"1\" loading=\"lazy\" decoding=\"async\" class=\" wp-image-50213 \" alt=\"Presidente de la comunidad de Campo, Rub\u00e9n Mu\u00f1oz.\" src=\"https:\/\/i0.wp.com\/www.eltrabajo.cl\/portal\/wp-content\/uploads\/2014\/08\/Ruben-Munoz.jpg?resize=317%2C331\" width=\"317\" height=\"331\" srcset=\"https:\/\/i0.wp.com\/eltrabajo.cl\/portal\/wp-content\/uploads\/2014\/08\/Ruben-Munoz.jpg?w=529&amp;ssl=1 529w, https:\/\/i0.wp.com\/eltrabajo.cl\/portal\/wp-content\/uploads\/2014\/08\/Ruben-Munoz.jpg?resize=143%2C150&amp;ssl=1 143w, https:\/\/i0.wp.com\/eltrabajo.cl\/portal\/wp-content\/uploads\/2014\/08\/Ruben-Munoz.jpg?resize=287%2C300&amp;ssl=1 287w, https:\/\/i0.wp.com\/eltrabajo.cl\/portal\/wp-content\/uploads\/2014\/08\/Ruben-Munoz.jpg?resize=400%2C417&amp;ssl=1 400w\" sizes=\"auto, (max-width: 317px) 100vw, 317px\" \/><\/a><figcaption id=\"caption-attachment-50213\" class=\"wp-caption-text\">Presidente de la comunidad de Campo, Rub\u00e9n Mu\u00f1oz.<\/figcaption><\/figure>\n<p>Y en el mismo sector pasa la totalidad de la escaza agua de regad\u00edo del todo Jahuel. Cabe destacar que este \u00faltimo recurso destinado a riego esta tan mermado, que se alcanza a regar apenas un 10% del \u00e1rea antes irrigada. Ya son muchos los peque\u00f1os productores que debieron buscar trabajo apatronado ya que la producci\u00f3n ha deca\u00eddo a niveles insostenibles. Esta es la raz\u00f3n por la cual los jahuelinos no est\u00e1n dispuestos a permitir faenas mineras en su territorio y menos ahora que se encuentra en pleno proceso de declarar Santuario de la Naturaleza un \u00e1rea de 7.050 hect\u00e1reas, incluido el sector donde pretende instalarse a sus faenas la nueva minera.<\/p>\n<p>El Presidente de la comunidad de Campo, Rub\u00e9n Mu\u00f1oz, manifest\u00f3 que se utilizaran todos los recursos para impedir dicha faena pero sobre todo que no puede entender la obstinaci\u00f3n del Sr. Ortega de trabajar una mina que esta sobre napas subterr\u00e1neas y enclavada en pleno caj\u00f3n del paso de las aguas, caj\u00f3n que en ese punto no tiene m\u00e1s de 50 metros de ancho: \u201cNo puedo entender la falta de humanidad del Sr. Ortega, con quien hemos tenido varias reuniones donde le hemos manifestado nuestro rechazo a su faena y nuestra intenci\u00f3n de proteger nuestra agua, Como no va a entender que aqu\u00ed viven familias que dependen totalmente de eses recurso y que , debido a la sequ\u00eda, por primera vez en sus vidas han vivido razonamiento de agua potable y restricci\u00f3n en el riego\u201d. Cabe destacar que la entera comunidad y, la gran mayor\u00eda de la poblaci\u00f3n de Santa Mar\u00eda est\u00e1n de acuerdo en evitar el trabajo de las mineras e incluso consideran una burla a los residentes y a la comuna esta intenci\u00f3n, justo ahora que con gran esfuerzo se trabaja para la declaratoria de Santuario de la Naturaleza. Cabe preguntarse qu\u00e9 responsabilidad le cabr\u00e1 al Sr. Ortega por esta evidente provocaci\u00f3n que lleva a cabo y las consecuentes repercusiones que va a tener \u00e9ntrelos habitantes de Jahuel que no est\u00e1n dispuestos a poner en jaque el escaso y \u00fanico recurso h\u00eddrico que poseen en un \u00e1rea considerada de las m\u00e1s afectada en la regi\u00f3n por la sequ\u00eda. Incluso, en inspecci\u00f3n en terreno se constata la Laguna del Cop\u00edn totalmente seca, las vertientes de La Higuera secas, las vegas del Cop\u00edn sin agua e incluso la Aguada de la Virgen en los Terrenos fronterizos de la Serran\u00eda de Rinconada de Silva sin agua superficial, aguadas que fueron hist\u00f3ricamente fuente de refresco para viajeros y ganado.<\/p>\n<p>Roberto Mercado Aced<\/p>\n","protected":false},"excerpt":{"rendered":"<p>SANTA MAR\u00cdA.- La comunidad de Jahuel nuevamente enfrenta la tensi\u00f3n por el posible ingreso de una minera a su sector. Esto despu\u00e9s que se supiera que existe una demanda interpuesta por una&#8230;<\/p>\n","protected":false},"author":482,"featured_media":50212,"comment_status":"open","ping_status":"closed","sticky":false,"template":"","format":"standard","meta":{"advanced_seo_description":"","jetpack_seo_html_title":"","jetpack_seo_noindex":false,"_jetpack_memberships_contains_paid_content":false,"footnotes":""},"categories":[15],"tags":[],"class_list":["post-50211","post","type-post","status-publish","format-standard","has-post-thumbnail","hentry","category-comunidad"],"jetpack_featured_media_url":"https:\/\/i0.wp.com\/eltrabajo.cl\/portal\/wp-content\/uploads\/2014\/08\/Laja-prensa.jpg?fit=529%2C401&ssl=1","jetpack_sharing_enabled":true,"jetpack_likes_enabled":true,"jetpack-related-posts":[],"_links":{"self":[{"href":"https:\/\/eltrabajo.cl\/portal\/wp-json\/wp\/v2\/posts\/50211","targetHints":{"allow":["GET"]}}],"collection":[{"href":"https:\/\/eltrabajo.cl\/portal\/wp-json\/wp\/v2\/posts"}],"about":[{"href":"https:\/\/eltrabajo.cl\/portal\/wp-json\/wp\/v2\/types\/post"}],"author":[{"embeddable":true,"href":"https:\/\/eltrabajo.cl\/portal\/wp-json\/wp\/v2\/users\/482"}],"replies":[{"embeddable":true,"href":"https:\/\/eltrabajo.cl\/portal\/wp-json\/wp\/v2\/comments?post=50211"}],"version-history":[{"count":0,"href":"https:\/\/eltrabajo.cl\/portal\/wp-json\/wp\/v2\/posts\/50211\/revisions"}],"wp:featuredmedia":[{"embeddable":true,"href":"https:\/\/eltrabajo.cl\/portal\/wp-json\/wp\/v2\/media\/50212"}],"wp:attachment":[{"href":"https:\/\/eltrabajo.cl\/portal\/wp-json\/wp\/v2\/media?parent=50211"}],"wp:term":[{"taxonomy":"category","embeddable":true,"href":"https:\/\/eltrabajo.cl\/portal\/wp-json\/wp\/v2\/categories?post=50211"},{"taxonomy":"post_tag","embeddable":true,"href":"https:\/\/eltrabajo.cl\/portal\/wp-json\/wp\/v2\/tags?post=50211"}],"curies":[{"name":"wp","href":"https:\/\/api.w.org\/{rel}","templated":true}]}}