{"id":50234,"date":"2014-08-22T13:18:08","date_gmt":"2014-08-22T17:18:08","guid":{"rendered":"http:\/\/www.eltrabajo.cl\/portal\/?p=50234"},"modified":"2014-08-22T13:18:08","modified_gmt":"2014-08-22T17:18:08","slug":"perro-labrador-ataco-a-mordiscos-en-su-cara-a-nino-de-5-anos","status":"publish","type":"post","link":"https:\/\/eltrabajo.cl\/portal\/perro-labrador-ataco-a-mordiscos-en-su-cara-a-nino-de-5-anos\/","title":{"rendered":"Perro labrador atac\u00f3 a mordiscos en su cara a ni\u00f1o de 5 a\u00f1os"},"content":{"rendered":"<figure id=\"attachment_50235\" aria-describedby=\"caption-attachment-50235\" style=\"width: 370px\" class=\"wp-caption alignleft\"><a href=\"https:\/\/i0.wp.com\/www.eltrabajo.cl\/portal\/wp-content\/uploads\/2014\/08\/cristofer.jpg\"><img data-recalc-dims=\"1\" loading=\"lazy\" decoding=\"async\" class=\" wp-image-50235 \" alt=\"El ni\u00f1o qued\u00f3 una cicatriz de consideraci\u00f3n en su ojo izquierdo, luego de ser intervenido en el Hospital Gustavo Fricke, junto con erosiones en su mejilla y cuello producto de las mordeduras del perro que lo atac\u00f3.\" src=\"https:\/\/i0.wp.com\/www.eltrabajo.cl\/portal\/wp-content\/uploads\/2014\/08\/cristofer.jpg?resize=370%2C255\" width=\"370\" height=\"255\" srcset=\"https:\/\/i0.wp.com\/eltrabajo.cl\/portal\/wp-content\/uploads\/2014\/08\/cristofer.jpg?w=529&amp;ssl=1 529w, https:\/\/i0.wp.com\/eltrabajo.cl\/portal\/wp-content\/uploads\/2014\/08\/cristofer.jpg?resize=200%2C137&amp;ssl=1 200w, https:\/\/i0.wp.com\/eltrabajo.cl\/portal\/wp-content\/uploads\/2014\/08\/cristofer.jpg?resize=300%2C206&amp;ssl=1 300w, https:\/\/i0.wp.com\/eltrabajo.cl\/portal\/wp-content\/uploads\/2014\/08\/cristofer.jpg?resize=150%2C103&amp;ssl=1 150w, https:\/\/i0.wp.com\/eltrabajo.cl\/portal\/wp-content\/uploads\/2014\/08\/cristofer.jpg?resize=400%2C275&amp;ssl=1 400w\" sizes=\"auto, (max-width: 370px) 100vw, 370px\" \/><\/a><figcaption id=\"caption-attachment-50235\" class=\"wp-caption-text\">El ni\u00f1o qued\u00f3 una cicatriz de consideraci\u00f3n en su ojo izquierdo, luego de ser intervenido en el Hospital Gustavo Fricke, junto con erosiones en su mejilla y cuello producto de las mordeduras del perro que lo atac\u00f3.<\/figcaption><\/figure>\n<p>Con apenas cinco a\u00f1os de edad, el peque\u00f1o Christopher nunca olvidar\u00e1 uno de los mayores traumas que un ni\u00f1o podr\u00eda vivir a temprana edad tras haber sido v\u00edctima del ataque de un descontrolado perro labrador que lo atac\u00f3, mordi\u00e9ndolo en su rostro y cuello mientras jugaba inocentemente con su patineta en el pasaje donde reside.<\/p>\n<figure id=\"attachment_50236\" aria-describedby=\"caption-attachment-50236\" style=\"width: 370px\" class=\"wp-caption alignright\"><a href=\"https:\/\/i0.wp.com\/www.eltrabajo.cl\/portal\/wp-content\/uploads\/2014\/08\/Christopher-y-hermanas-2.jpg\"><img data-recalc-dims=\"1\" loading=\"lazy\" decoding=\"async\" class=\" wp-image-50236 \" alt=\"As\u00ed luc\u00eda el peque\u00f1o Christopher de cinco a\u00f1os de edad junto a sus tres hermanas antes de ser mordido por un perro labrador en Villa Los Lagos de Llay Llay.\" src=\"https:\/\/i0.wp.com\/www.eltrabajo.cl\/portal\/wp-content\/uploads\/2014\/08\/Christopher-y-hermanas-2.jpg?resize=370%2C281\" width=\"370\" height=\"281\" srcset=\"https:\/\/i0.wp.com\/eltrabajo.cl\/portal\/wp-content\/uploads\/2014\/08\/Christopher-y-hermanas-2.jpg?w=529&amp;ssl=1 529w, https:\/\/i0.wp.com\/eltrabajo.cl\/portal\/wp-content\/uploads\/2014\/08\/Christopher-y-hermanas-2.jpg?resize=197%2C150&amp;ssl=1 197w, https:\/\/i0.wp.com\/eltrabajo.cl\/portal\/wp-content\/uploads\/2014\/08\/Christopher-y-hermanas-2.jpg?resize=300%2C227&amp;ssl=1 300w, https:\/\/i0.wp.com\/eltrabajo.cl\/portal\/wp-content\/uploads\/2014\/08\/Christopher-y-hermanas-2.jpg?resize=150%2C113&amp;ssl=1 150w, https:\/\/i0.wp.com\/eltrabajo.cl\/portal\/wp-content\/uploads\/2014\/08\/Christopher-y-hermanas-2.jpg?resize=400%2C303&amp;ssl=1 400w\" sizes=\"auto, (max-width: 370px) 100vw, 370px\" \/><\/a><figcaption id=\"caption-attachment-50236\" class=\"wp-caption-text\">As\u00ed luc\u00eda el peque\u00f1o Christopher de cinco a\u00f1os de edad junto a sus tres hermanas antes de ser mordido por un perro labrador en Villa Los Lagos de Llay Llay.<\/figcaption><\/figure>\n<p><strong>\u00a0EL BRUTAL ATAQUE<\/strong><\/p>\n<p>Pero \u00bfc\u00f3mo pudo suceder esto?, Andrea Aranda, la madre del menor, nos explic\u00f3 que el pasado domingo a eso de las 13:00 horas, cuando Christopher se encontraba jugando tranquilamente con otra ni\u00f1a en Pasaje Chungar\u00e1 de la Villa Los Lagos en la comuna de LLay LLay. En cuesti\u00f3n de segundos el can se solt\u00f3 de su cadena que lo aprisionaba en la casa vecina y sin provocaci\u00f3n alguna salt\u00f3 la reja para enterrar sus colmillos en el cuerpo del peque\u00f1o.<\/p>\n<p>En esos precisos momentos Andrea se encontraba preparando el almuerzo que los reunir\u00eda como familia durante la tarde dominical, pero lamentablemente todo cambi\u00f3 cuando su hija mayor le inform\u00f3 que su hermano ven\u00eda llorando porque lo mordi\u00f3 un perro.<\/p>\n<p>Pero no fue una simple mordedura, Christopher sufri\u00f3 lesiones de consideraci\u00f3n en su ojo izquierdo, rostro y cuello, su madre recuerda el triste episodio cuando observ\u00f3 a su hijo cubierto de sangre, \u00abnunca me imagin\u00e9 que ser\u00eda en la cara, pens\u00e9 en una pierna o su gl\u00fateo, pero cuando lo veo con su carita llena de sangre fue horrible\u00bb, relata.<\/p>\n<p>Ante la brutal escena y la vulnerabilidad que sufr\u00eda el peque\u00f1o, Andrea corri\u00f3 con su hijo en brazos hasta donde un vecino para que los trasladara hasta el Servicio de Urgencias del Hospital de LLay Llay, siendo derivado de inmediato al Hospital San Camilo de San Felipe. Debido a la gravedad de las lesiones, Christopher fue atendido finalmente en el Hospital Gustavo Fricke de la ciudad de Vi\u00f1a del Mar, donde fue intervenido quir\u00fargicamente de las complejas heridas que pudieron ser fatales. Los m\u00e9dicos debieron extraer la piel muerta y suturar las heridas por medio de puntos para regenerar nueva piel.<\/p>\n<p><strong>QUEDAR\u00c1 MARCADO<\/strong><\/p>\n<p>\u00abDespu\u00e9s de esta cirug\u00eda mi hijo deber\u00e1 realizarse otra, porque le deber\u00e1n reconstruir la que ya le hicieron. El doctor nos dijo que quedar\u00eda con una cicatriz y algunas marcas de este lamentable episodio\u00bb, argumenta Andrea.<\/p>\n<p>Por su parte la due\u00f1a del animal se defiende que su mascota nunca hab\u00eda atacado a nadie y no se explica c\u00f3mo pudo escapar de su encierro. Andrea nos adelanta que llegar\u00e1 hasta las \u00faltimas consecuencias, dejando su caso en la fiscal\u00eda por el da\u00f1o f\u00edsico y psicol\u00f3gico.<\/p>\n<p>\u00abMi vecina no me ha apoyado en nada, hasta el d\u00eda de hoy (ayer) ella pidi\u00f3 hablar conmigo, pero lo \u00fanico que conversamos fue que hab\u00eda puesto una denuncia en Carabineros y que asistir\u00eda cuando la fiscal\u00eda tomara conocimiento e inicie una investigaci\u00f3n\u00bb, cuenta Andrea. Finalmente Christopher fue dado de alta la tarde del mi\u00e9rcoles, debiendo permanecer en reposo con medicamentos y ung\u00fcentos para sus heridas, debiendo asistir a controles en el Hospital San Camilo de San Felipe. Adem\u00e1s no podr\u00e1 regresar a su curso de kinder en el Colegio Menesiano hasta el 30 de septiembre, cuidando de no podr\u00e1 correr, saltar y realizar juegos bruscos por su intervenci\u00f3n.<\/p>\n<p>\u00abYo no descuido a mi hijos, esto es algo que no me lo esperaba, mi hijo es travieso, le gusta jugar como todo ni\u00f1o, pero ahora no podemos dejarlo salir por temor, porque el perro contin\u00faa en la casa vecina, a\u00fan siento rabia y pena, \u00bfc\u00f3mo ella que estaba ese d\u00eda ah\u00ed mismo no se dio cuenta que su perro se hab\u00eda escapado?\u00bb, se cuestiona.<\/p>\n<p>La madre de Christopher concluye la entrevista a Diario El Trabajo esperando que la justicia pueda establecer una reparaci\u00f3n l\u00f3gica para ambas partes. Pese a que los costos de las atenciones m\u00e9dicas han sido gratuitas, resalta el trauma psicol\u00f3gico para toda la familia y en especial del menor afectado que cargar\u00e1 con esa cicatriz.<\/p>\n<p>Pablo Salinas Sald\u00edas<\/p>\n<p>&nbsp;<\/p>\n","protected":false},"excerpt":{"rendered":"<p>Con apenas cinco a\u00f1os de edad, el peque\u00f1o Christopher nunca olvidar\u00e1 uno de los mayores traumas que un ni\u00f1o podr\u00eda vivir a temprana edad tras haber sido v\u00edctima del ataque de un&#8230;<\/p>\n","protected":false},"author":482,"featured_media":50235,"comment_status":"open","ping_status":"closed","sticky":false,"template":"","format":"standard","meta":{"advanced_seo_description":"","jetpack_seo_html_title":"","jetpack_seo_noindex":false,"_jetpack_memberships_contains_paid_content":false,"footnotes":""},"categories":[21],"tags":[],"class_list":["post-50234","post","type-post","status-publish","format-standard","has-post-thumbnail","hentry","category-policial"],"jetpack_featured_media_url":"https:\/\/i0.wp.com\/eltrabajo.cl\/portal\/wp-content\/uploads\/2014\/08\/cristofer.jpg?fit=529%2C364&ssl=1","jetpack_sharing_enabled":true,"jetpack_likes_enabled":true,"jetpack-related-posts":[],"_links":{"self":[{"href":"https:\/\/eltrabajo.cl\/portal\/wp-json\/wp\/v2\/posts\/50234","targetHints":{"allow":["GET"]}}],"collection":[{"href":"https:\/\/eltrabajo.cl\/portal\/wp-json\/wp\/v2\/posts"}],"about":[{"href":"https:\/\/eltrabajo.cl\/portal\/wp-json\/wp\/v2\/types\/post"}],"author":[{"embeddable":true,"href":"https:\/\/eltrabajo.cl\/portal\/wp-json\/wp\/v2\/users\/482"}],"replies":[{"embeddable":true,"href":"https:\/\/eltrabajo.cl\/portal\/wp-json\/wp\/v2\/comments?post=50234"}],"version-history":[{"count":0,"href":"https:\/\/eltrabajo.cl\/portal\/wp-json\/wp\/v2\/posts\/50234\/revisions"}],"wp:featuredmedia":[{"embeddable":true,"href":"https:\/\/eltrabajo.cl\/portal\/wp-json\/wp\/v2\/media\/50235"}],"wp:attachment":[{"href":"https:\/\/eltrabajo.cl\/portal\/wp-json\/wp\/v2\/media?parent=50234"}],"wp:term":[{"taxonomy":"category","embeddable":true,"href":"https:\/\/eltrabajo.cl\/portal\/wp-json\/wp\/v2\/categories?post=50234"},{"taxonomy":"post_tag","embeddable":true,"href":"https:\/\/eltrabajo.cl\/portal\/wp-json\/wp\/v2\/tags?post=50234"}],"curies":[{"name":"wp","href":"https:\/\/api.w.org\/{rel}","templated":true}]}}