{"id":50239,"date":"2014-08-22T13:29:47","date_gmt":"2014-08-22T17:29:47","guid":{"rendered":"http:\/\/www.eltrabajo.cl\/portal\/?p=50239"},"modified":"2014-08-22T13:29:47","modified_gmt":"2014-08-22T17:29:47","slug":"un-muerto-y-9-heridos-tras-colision-multiple-en-autopista-los-libertadores","status":"publish","type":"post","link":"https:\/\/eltrabajo.cl\/portal\/un-muerto-y-9-heridos-tras-colision-multiple-en-autopista-los-libertadores\/","title":{"rendered":"Un muerto y 9 heridos tras colisi\u00f3n m\u00faltiple en Autopista Los Libertadores"},"content":{"rendered":"<figure id=\"attachment_50240\" aria-describedby=\"caption-attachment-50240\" style=\"width: 529px\" class=\"wp-caption alignnone\"><a href=\"https:\/\/i0.wp.com\/www.eltrabajo.cl\/portal\/wp-content\/uploads\/2014\/08\/Chaca3.jpg\"><img data-recalc-dims=\"1\" loading=\"lazy\" decoding=\"async\" class=\"size-full wp-image-50240\" alt=\"En la foto se puede apreciar uno de los veh\u00edculos involucrados y el estado en que qued\u00f3.\" src=\"https:\/\/i0.wp.com\/www.eltrabajo.cl\/portal\/wp-content\/uploads\/2014\/08\/Chaca3.jpg?resize=529%2C375\" width=\"529\" height=\"375\" srcset=\"https:\/\/i0.wp.com\/eltrabajo.cl\/portal\/wp-content\/uploads\/2014\/08\/Chaca3.jpg?w=529&amp;ssl=1 529w, https:\/\/i0.wp.com\/eltrabajo.cl\/portal\/wp-content\/uploads\/2014\/08\/Chaca3.jpg?resize=200%2C141&amp;ssl=1 200w, https:\/\/i0.wp.com\/eltrabajo.cl\/portal\/wp-content\/uploads\/2014\/08\/Chaca3.jpg?resize=300%2C212&amp;ssl=1 300w, https:\/\/i0.wp.com\/eltrabajo.cl\/portal\/wp-content\/uploads\/2014\/08\/Chaca3.jpg?resize=150%2C106&amp;ssl=1 150w, https:\/\/i0.wp.com\/eltrabajo.cl\/portal\/wp-content\/uploads\/2014\/08\/Chaca3.jpg?resize=400%2C283&amp;ssl=1 400w\" sizes=\"auto, (max-width: 529px) 100vw, 529px\" \/><\/a><figcaption id=\"caption-attachment-50240\" class=\"wp-caption-text\">En la foto se puede apreciar uno de los veh\u00edculos involucrados y el estado en que qued\u00f3.<\/figcaption><\/figure>\n<p><strong>LOS ANDES.<\/strong>&#8211; Una persona fallecida y otras nueve heridas, dos de ellas de extrema gravedad, dej\u00f3 como resultado una colisi\u00f3n m\u00faltiple en Autopista Los Libertadores, frente al acceso al monumento que recuerda la Batalla de Chacabuco.<\/p>\n<p>El accidente ocurri\u00f3 a las 17:30 horas, a la altura del kil\u00f3metro 46 de la autopista, cuando un cami\u00f3n argentino cargado con sacos de carb\u00f3n que se dirig\u00eda hacia Santiago, habr\u00eda sufrido un desperfecto en el sistema de frenos, impactando primero a una camioneta Mazda, sobre la cual se mont\u00f3 y luego arrastr\u00f3 cerca de 100 metros, para luego colisionar contra otra camioneta y un furg\u00f3n y seguir su loca carrera, para impactar contra otro cami\u00f3n y finalmente volcar.<\/p>\n<p><strong>\u00a0MUERE CONDUCTOR<\/strong><\/p>\n<p>A consecuencia de ello, la camioneta Mazda qued\u00f3 completamente desintegrada, falleciendo en el lugar su conductor. En tanto, la segunda camioneta volc\u00f3 sobre un mont\u00edculo y el furg\u00f3n cay\u00f3 a una peque\u00f1a quebrada de aproximadamente cinco metros.<\/p>\n<p>La emergencia moviliz\u00f3 unidades de los cuerpos de Bomberos de Colina, Rinconada y Los Andes, adem\u00e1s de la Unidad de Seguridad Ciudadana del Municipio de Rinconada, personal de Autopista Los Libertadores y Carabineros de Colina.<\/p>\n<p>Tres de los heridos m\u00e1s graves fueron sacados v\u00eda \u00e1rea por un helic\u00f3ptero de Carabineros y de una empresa privada. Todos los lesionados fueron derivados a la Posta Central, el Hospital San Jos\u00e9 y el Hospital del Instituto de Seguridad del Trabajo en Santiago.<\/p>\n<p>El Comandante de la Prefectura de Carreteras, Teniente Coronel Ram\u00f3n B\u00f3rquez, se\u00f1al\u00f3 que preliminarmente por fallas t\u00e9cnicas el conductor del cami\u00f3n argentino cargado con carb\u00f3n habr\u00eda perdido el control y colision\u00f3 primero a la camioneta Mazda y al resto de los veh\u00edculos, \u00abpero estamos verificando en qu\u00e9 direcci\u00f3n iban estos \u00faltimos, si en el mismo sentido del cami\u00f3n o contra el sentido del mismo y culmina su trayectoria colisionando a otro cami\u00f3n que iban en sentido contrario\u00bb.<\/p>\n<p>El oficial ratific\u00f3 que fueron cinco los veh\u00edculos involucrados e inicialmente una persona fallecida, no obstante existen personas heridas de gravedad, \u00abya que fue un accidente bastante impactante por las condiciones en que quedaron los veh\u00edculos\u00bb.<\/p>\n<p>En tanto, el Comandante del Cuerpo de Bomberos de Colina, Sebasti\u00e1n Ben\u00edtez Ovalle, se\u00f1al\u00f3 que se trat\u00f3 de una colisi\u00f3n m\u00faltiple con gran cantidad de heridos, lo cual dificult\u00f3 las tareas de rescate dada la lejan\u00eda de centros urbanos y por ello se debi\u00f3 solicitar apoyo a la unidad de rescate del Cuerpo de Bomberos de Rinconada y luego de Los Andes. El oficial dijo que al menos uno de los heridos rescatados se encontraba con lesiones de extrema gravedad.<\/p>\n<p>Seg\u00fan se pudo conocer, la persona fallecida tendr\u00eda domicilio en la comuna de Rinconada y su identidad a\u00fan est\u00e1 siendo confirmada. El accidente provoc\u00f3 el corte de la autopista por espacio de casi tres horas, debiendo ser desviados los veh\u00edculos por el camino antiguo de Cuesta Chacabuco.<\/p>\n<div class=\"tiled-gallery type-rectangular tiled-gallery-unresized\" data-original-width=\"640\" data-carousel-extra='null' itemscope itemtype=\"http:\/\/schema.org\/ImageGallery\" > <div class=\"gallery-row\" style=\"width: 640px; height: 296px;\" data-original-width=\"640\" data-original-height=\"296\" > <div class=\"gallery-group images-1\" style=\"width: 436px; height: 296px;\" data-original-width=\"436\" data-original-height=\"296\" > <div class=\"tiled-gallery-item tiled-gallery-item-large\" itemprop=\"associatedMedia\" itemscope itemtype=\"http:\/\/schema.org\/ImageObject\"> <a href=\"https:\/\/eltrabajo.cl\/portal\/un-muerto-y-9-heridos-tras-colision-multiple-en-autopista-los-libertadores\/chaca1\/\" border=\"0\" itemprop=\"url\"> <meta itemprop=\"width\" content=\"432\"> <meta itemprop=\"height\" content=\"292\"> <img decoding=\"async\" class=\"\" data-attachment-id=\"50241\" data-orig-file=\"https:\/\/eltrabajo.cl\/portal\/wp-content\/uploads\/2014\/08\/Chaca1.jpg\" data-orig-size=\"529,358\" data-comments-opened=\"1\" data-image-meta=\"{&quot;aperture&quot;:&quot;0&quot;,&quot;credit&quot;:&quot;&quot;,&quot;camera&quot;:&quot;&quot;,&quot;caption&quot;:&quot;&quot;,&quot;created_timestamp&quot;:&quot;0&quot;,&quot;copyright&quot;:&quot;&quot;,&quot;focal_length&quot;:&quot;0&quot;,&quot;iso&quot;:&quot;0&quot;,&quot;shutter_speed&quot;:&quot;0&quot;,&quot;title&quot;:&quot;&quot;}\" data-image-title=\"Chaca1\" data-image-description=\"&lt;p&gt;La segunda camioneta volc\u00f3 sobre un mont\u00edculo.&lt;\/p&gt; \" data-medium-file=\"https:\/\/i0.wp.com\/eltrabajo.cl\/portal\/wp-content\/uploads\/2014\/08\/Chaca1.jpg?fit=300%2C203&#038;ssl=1\" data-large-file=\"https:\/\/i0.wp.com\/eltrabajo.cl\/portal\/wp-content\/uploads\/2014\/08\/Chaca1.jpg?fit=529%2C358&#038;ssl=1\" src=\"https:\/\/i0.wp.com\/eltrabajo.cl\/portal\/wp-content\/uploads\/2014\/08\/Chaca1.jpg?w=432&#038;h=292&#038;ssl=1\" srcset=\"https:\/\/i0.wp.com\/eltrabajo.cl\/portal\/wp-content\/uploads\/2014\/08\/Chaca1.jpg?w=529&amp;ssl=1 529w, https:\/\/i0.wp.com\/eltrabajo.cl\/portal\/wp-content\/uploads\/2014\/08\/Chaca1.jpg?resize=200%2C135&amp;ssl=1 200w, https:\/\/i0.wp.com\/eltrabajo.cl\/portal\/wp-content\/uploads\/2014\/08\/Chaca1.jpg?resize=300%2C203&amp;ssl=1 300w, https:\/\/i0.wp.com\/eltrabajo.cl\/portal\/wp-content\/uploads\/2014\/08\/Chaca1.jpg?resize=150%2C101&amp;ssl=1 150w, https:\/\/i0.wp.com\/eltrabajo.cl\/portal\/wp-content\/uploads\/2014\/08\/Chaca1.jpg?resize=400%2C270&amp;ssl=1 400w\" width=\"432\" height=\"292\" loading=\"lazy\" data-original-width=\"432\" data-original-height=\"292\" itemprop=\"http:\/\/schema.org\/image\" title=\"Chaca1\" alt=\"La segunda camioneta volc\u00f3 sobre un mont\u00edculo.\" style=\"width: 432px; height: 292px;\" \/> <\/a> <div class=\"tiled-gallery-caption\" itemprop=\"caption description\"> La segunda camioneta volc\u00f3 sobre un mont\u00edculo. <\/div> <\/div> <\/div> <!-- close group --> <div class=\"gallery-group images-2\" style=\"width: 204px; height: 296px;\" data-original-width=\"204\" data-original-height=\"296\" > <div class=\"tiled-gallery-item tiled-gallery-item-small\" itemprop=\"associatedMedia\" itemscope itemtype=\"http:\/\/schema.org\/ImageObject\"> <a href=\"https:\/\/eltrabajo.cl\/portal\/un-muerto-y-9-heridos-tras-colision-multiple-en-autopista-los-libertadores\/chaca2\/\" border=\"0\" itemprop=\"url\"> <meta itemprop=\"width\" content=\"200\"> <meta itemprop=\"height\" content=\"137\"> <img decoding=\"async\" class=\"\" data-attachment-id=\"50242\" data-orig-file=\"https:\/\/eltrabajo.cl\/portal\/wp-content\/uploads\/2014\/08\/Chaca2.jpg\" data-orig-size=\"529,362\" data-comments-opened=\"1\" data-image-meta=\"{&quot;aperture&quot;:&quot;0&quot;,&quot;credit&quot;:&quot;&quot;,&quot;camera&quot;:&quot;&quot;,&quot;caption&quot;:&quot;&quot;,&quot;created_timestamp&quot;:&quot;0&quot;,&quot;copyright&quot;:&quot;&quot;,&quot;focal_length&quot;:&quot;0&quot;,&quot;iso&quot;:&quot;0&quot;,&quot;shutter_speed&quot;:&quot;0&quot;,&quot;title&quot;:&quot;&quot;}\" data-image-title=\"Chaca2\" data-image-description=\"&lt;p&gt;La emergencia moviliz\u00f3 unidades de los cuerpos de Bomberos de Colina, Rinconada y Los Andes.&lt;\/p&gt; \" data-medium-file=\"https:\/\/i0.wp.com\/eltrabajo.cl\/portal\/wp-content\/uploads\/2014\/08\/Chaca2.jpg?fit=300%2C205&#038;ssl=1\" data-large-file=\"https:\/\/i0.wp.com\/eltrabajo.cl\/portal\/wp-content\/uploads\/2014\/08\/Chaca2.jpg?fit=529%2C362&#038;ssl=1\" src=\"https:\/\/i0.wp.com\/eltrabajo.cl\/portal\/wp-content\/uploads\/2014\/08\/Chaca2.jpg?w=200&#038;h=137&#038;ssl=1\" srcset=\"https:\/\/i0.wp.com\/eltrabajo.cl\/portal\/wp-content\/uploads\/2014\/08\/Chaca2.jpg?w=529&amp;ssl=1 529w, https:\/\/i0.wp.com\/eltrabajo.cl\/portal\/wp-content\/uploads\/2014\/08\/Chaca2.jpg?resize=200%2C136&amp;ssl=1 200w, https:\/\/i0.wp.com\/eltrabajo.cl\/portal\/wp-content\/uploads\/2014\/08\/Chaca2.jpg?resize=300%2C205&amp;ssl=1 300w, https:\/\/i0.wp.com\/eltrabajo.cl\/portal\/wp-content\/uploads\/2014\/08\/Chaca2.jpg?resize=150%2C102&amp;ssl=1 150w, https:\/\/i0.wp.com\/eltrabajo.cl\/portal\/wp-content\/uploads\/2014\/08\/Chaca2.jpg?resize=400%2C273&amp;ssl=1 400w\" width=\"200\" height=\"137\" loading=\"lazy\" data-original-width=\"200\" data-original-height=\"137\" itemprop=\"http:\/\/schema.org\/image\" title=\"Chaca2\" alt=\"La emergencia moviliz\u00f3 unidades de los cuerpos de Bomberos de Colina, Rinconada y Los Andes.\" style=\"width: 200px; height: 137px;\" \/> <\/a> <div class=\"tiled-gallery-caption\" itemprop=\"caption description\"> La emergencia moviliz\u00f3 unidades de los cuerpos de Bomberos de Colina, Rinconada y Los Andes. <\/div> <\/div> <div class=\"tiled-gallery-item tiled-gallery-item-small\" itemprop=\"associatedMedia\" itemscope itemtype=\"http:\/\/schema.org\/ImageObject\"> <a href=\"https:\/\/eltrabajo.cl\/portal\/un-muerto-y-9-heridos-tras-colision-multiple-en-autopista-los-libertadores\/chaca4\/\" border=\"0\" itemprop=\"url\"> <meta itemprop=\"width\" content=\"200\"> <meta itemprop=\"height\" content=\"151\"> <img decoding=\"async\" class=\"\" data-attachment-id=\"50243\" data-orig-file=\"https:\/\/eltrabajo.cl\/portal\/wp-content\/uploads\/2014\/08\/Chaca4.jpg\" data-orig-size=\"529,398\" data-comments-opened=\"1\" data-image-meta=\"{&quot;aperture&quot;:&quot;0&quot;,&quot;credit&quot;:&quot;&quot;,&quot;camera&quot;:&quot;&quot;,&quot;caption&quot;:&quot;&quot;,&quot;created_timestamp&quot;:&quot;0&quot;,&quot;copyright&quot;:&quot;&quot;,&quot;focal_length&quot;:&quot;0&quot;,&quot;iso&quot;:&quot;0&quot;,&quot;shutter_speed&quot;:&quot;0&quot;,&quot;title&quot;:&quot;&quot;}\" data-image-title=\"Chaca4\" data-image-description=\"&lt;p&gt;El accidente ocurri\u00f3 a las 17:30 horas, a la altura del kil\u00f3metro 46 de la autopista.&lt;\/p&gt; \" data-medium-file=\"https:\/\/i0.wp.com\/eltrabajo.cl\/portal\/wp-content\/uploads\/2014\/08\/Chaca4.jpg?fit=300%2C225&#038;ssl=1\" data-large-file=\"https:\/\/i0.wp.com\/eltrabajo.cl\/portal\/wp-content\/uploads\/2014\/08\/Chaca4.jpg?fit=529%2C398&#038;ssl=1\" src=\"https:\/\/i0.wp.com\/eltrabajo.cl\/portal\/wp-content\/uploads\/2014\/08\/Chaca4.jpg?w=200&#038;h=151&#038;ssl=1\" srcset=\"https:\/\/i0.wp.com\/eltrabajo.cl\/portal\/wp-content\/uploads\/2014\/08\/Chaca4.jpg?w=529&amp;ssl=1 529w, https:\/\/i0.wp.com\/eltrabajo.cl\/portal\/wp-content\/uploads\/2014\/08\/Chaca4.jpg?resize=200%2C150&amp;ssl=1 200w, https:\/\/i0.wp.com\/eltrabajo.cl\/portal\/wp-content\/uploads\/2014\/08\/Chaca4.jpg?resize=300%2C225&amp;ssl=1 300w, https:\/\/i0.wp.com\/eltrabajo.cl\/portal\/wp-content\/uploads\/2014\/08\/Chaca4.jpg?resize=150%2C112&amp;ssl=1 150w, https:\/\/i0.wp.com\/eltrabajo.cl\/portal\/wp-content\/uploads\/2014\/08\/Chaca4.jpg?resize=400%2C300&amp;ssl=1 400w\" width=\"200\" height=\"151\" loading=\"lazy\" data-original-width=\"200\" data-original-height=\"151\" itemprop=\"http:\/\/schema.org\/image\" title=\"Chaca4\" alt=\"El accidente ocurri\u00f3 a las 17:30 horas, a la altura del kil\u00f3metro 46 de la autopista.\" style=\"width: 200px; height: 151px;\" \/> <\/a> <div class=\"tiled-gallery-caption\" itemprop=\"caption description\"> El accidente ocurri\u00f3 a las 17:30 horas, a la altura del kil\u00f3metro 46 de la autopista. <\/div> <\/div> <\/div> <!-- close group --> <\/div> <!-- close row --> <div class=\"gallery-row\" style=\"width: 640px; height: 472px;\" data-original-width=\"640\" data-original-height=\"472\" > <div class=\"gallery-group images-1\" style=\"width: 640px; height: 472px;\" data-original-width=\"640\" data-original-height=\"472\" > <div class=\"tiled-gallery-item tiled-gallery-item-large\" itemprop=\"associatedMedia\" itemscope itemtype=\"http:\/\/schema.org\/ImageObject\"> <a href=\"https:\/\/eltrabajo.cl\/portal\/un-muerto-y-9-heridos-tras-colision-multiple-en-autopista-los-libertadores\/chaca5\/\" border=\"0\" itemprop=\"url\"> <meta itemprop=\"width\" content=\"636\"> <meta itemprop=\"height\" content=\"468\"> <img decoding=\"async\" class=\"\" data-attachment-id=\"50244\" data-orig-file=\"https:\/\/eltrabajo.cl\/portal\/wp-content\/uploads\/2014\/08\/Chaca5.jpg\" data-orig-size=\"529,389\" data-comments-opened=\"1\" data-image-meta=\"{&quot;aperture&quot;:&quot;0&quot;,&quot;credit&quot;:&quot;&quot;,&quot;camera&quot;:&quot;&quot;,&quot;caption&quot;:&quot;&quot;,&quot;created_timestamp&quot;:&quot;0&quot;,&quot;copyright&quot;:&quot;&quot;,&quot;focal_length&quot;:&quot;0&quot;,&quot;iso&quot;:&quot;0&quot;,&quot;shutter_speed&quot;:&quot;0&quot;,&quot;title&quot;:&quot;&quot;}\" data-image-title=\"Chaca5\" data-image-description=\"&lt;p&gt;A consecuencia de ello, la camioneta Mazda qued\u00f3 completamente desintegrada, falleciendo en el lugar su conductor.&lt;\/p&gt; \" data-medium-file=\"https:\/\/i0.wp.com\/eltrabajo.cl\/portal\/wp-content\/uploads\/2014\/08\/Chaca5.jpg?fit=300%2C220&#038;ssl=1\" data-large-file=\"https:\/\/i0.wp.com\/eltrabajo.cl\/portal\/wp-content\/uploads\/2014\/08\/Chaca5.jpg?fit=529%2C389&#038;ssl=1\" src=\"https:\/\/i0.wp.com\/eltrabajo.cl\/portal\/wp-content\/uploads\/2014\/08\/Chaca5.jpg?w=636&#038;h=468&#038;ssl=1\" srcset=\"https:\/\/i0.wp.com\/eltrabajo.cl\/portal\/wp-content\/uploads\/2014\/08\/Chaca5.jpg?w=529&amp;ssl=1 529w, https:\/\/i0.wp.com\/eltrabajo.cl\/portal\/wp-content\/uploads\/2014\/08\/Chaca5.jpg?resize=200%2C147&amp;ssl=1 200w, https:\/\/i0.wp.com\/eltrabajo.cl\/portal\/wp-content\/uploads\/2014\/08\/Chaca5.jpg?resize=300%2C220&amp;ssl=1 300w, https:\/\/i0.wp.com\/eltrabajo.cl\/portal\/wp-content\/uploads\/2014\/08\/Chaca5.jpg?resize=150%2C110&amp;ssl=1 150w, https:\/\/i0.wp.com\/eltrabajo.cl\/portal\/wp-content\/uploads\/2014\/08\/Chaca5.jpg?resize=400%2C294&amp;ssl=1 400w\" width=\"636\" height=\"468\" loading=\"lazy\" data-original-width=\"636\" data-original-height=\"468\" itemprop=\"http:\/\/schema.org\/image\" title=\"Chaca5\" alt=\"A consecuencia de ello, la camioneta Mazda qued\u00f3 completamente desintegrada, falleciendo en el lugar su conductor.\" style=\"width: 636px; height: 468px;\" \/> <\/a> <div class=\"tiled-gallery-caption\" itemprop=\"caption description\"> A consecuencia de ello, la camioneta Mazda qued\u00f3 completamente desintegrada, falleciendo en el lugar su conductor. <\/div> <\/div> <\/div> <!-- close group --> <\/div> <!-- close row --> <\/div>\n","protected":false},"excerpt":{"rendered":"<p>LOS ANDES.&#8211; Una persona fallecida y otras nueve heridas, dos de ellas de extrema gravedad, dej\u00f3 como resultado una colisi\u00f3n m\u00faltiple en Autopista Los Libertadores, frente al acceso al monumento que recuerda&#8230;<\/p>\n","protected":false},"author":482,"featured_media":50240,"comment_status":"open","ping_status":"closed","sticky":false,"template":"","format":"standard","meta":{"advanced_seo_description":"","jetpack_seo_html_title":"","jetpack_seo_noindex":false,"_jetpack_memberships_contains_paid_content":false,"footnotes":""},"categories":[21],"tags":[],"class_list":["post-50239","post","type-post","status-publish","format-standard","has-post-thumbnail","hentry","category-policial"],"jetpack_featured_media_url":"https:\/\/i0.wp.com\/eltrabajo.cl\/portal\/wp-content\/uploads\/2014\/08\/Chaca3.jpg?fit=529%2C375&ssl=1","jetpack_sharing_enabled":true,"jetpack_likes_enabled":true,"jetpack-related-posts":[],"_links":{"self":[{"href":"https:\/\/eltrabajo.cl\/portal\/wp-json\/wp\/v2\/posts\/50239","targetHints":{"allow":["GET"]}}],"collection":[{"href":"https:\/\/eltrabajo.cl\/portal\/wp-json\/wp\/v2\/posts"}],"about":[{"href":"https:\/\/eltrabajo.cl\/portal\/wp-json\/wp\/v2\/types\/post"}],"author":[{"embeddable":true,"href":"https:\/\/eltrabajo.cl\/portal\/wp-json\/wp\/v2\/users\/482"}],"replies":[{"embeddable":true,"href":"https:\/\/eltrabajo.cl\/portal\/wp-json\/wp\/v2\/comments?post=50239"}],"version-history":[{"count":0,"href":"https:\/\/eltrabajo.cl\/portal\/wp-json\/wp\/v2\/posts\/50239\/revisions"}],"wp:featuredmedia":[{"embeddable":true,"href":"https:\/\/eltrabajo.cl\/portal\/wp-json\/wp\/v2\/media\/50240"}],"wp:attachment":[{"href":"https:\/\/eltrabajo.cl\/portal\/wp-json\/wp\/v2\/media?parent=50239"}],"wp:term":[{"taxonomy":"category","embeddable":true,"href":"https:\/\/eltrabajo.cl\/portal\/wp-json\/wp\/v2\/categories?post=50239"},{"taxonomy":"post_tag","embeddable":true,"href":"https:\/\/eltrabajo.cl\/portal\/wp-json\/wp\/v2\/tags?post=50239"}],"curies":[{"name":"wp","href":"https:\/\/api.w.org\/{rel}","templated":true}]}}