{"id":50252,"date":"2014-08-25T09:35:12","date_gmt":"2014-08-25T13:35:12","guid":{"rendered":"http:\/\/www.eltrabajo.cl\/portal\/?p=50252"},"modified":"2014-08-25T09:35:12","modified_gmt":"2014-08-25T13:35:12","slug":"voleibol-de-escuela-bucalemu-recibio-implementacion-deportiva","status":"publish","type":"post","link":"https:\/\/eltrabajo.cl\/portal\/voleibol-de-escuela-bucalemu-recibio-implementacion-deportiva\/","title":{"rendered":"Voleibol de Escuela Bucalemu recibi\u00f3 implementaci\u00f3n deportiva"},"content":{"rendered":"<figure id=\"attachment_50253\" aria-describedby=\"caption-attachment-50253\" style=\"width: 529px\" class=\"wp-caption alignnone\"><a href=\"https:\/\/i0.wp.com\/www.eltrabajo.cl\/portal\/wp-content\/uploads\/2014\/08\/Boley1.jpg\"><img data-recalc-dims=\"1\" loading=\"lazy\" decoding=\"async\" class=\"size-full wp-image-50253\" alt=\"LAS MEJORES.- La escuela y especialmente el profesor de voleibol vienen trabajando con este grupo de ni\u00f1as desde el a\u00f1o pasado, cuando se form\u00f3 la selecci\u00f3n del establecimiento, demostrando las ni\u00f1as entusiasmo por participar y representar a su escuela.\" src=\"https:\/\/i0.wp.com\/www.eltrabajo.cl\/portal\/wp-content\/uploads\/2014\/08\/Boley1.jpg?resize=529%2C256\" width=\"529\" height=\"256\" srcset=\"https:\/\/i0.wp.com\/eltrabajo.cl\/portal\/wp-content\/uploads\/2014\/08\/Boley1.jpg?w=529&amp;ssl=1 529w, https:\/\/i0.wp.com\/eltrabajo.cl\/portal\/wp-content\/uploads\/2014\/08\/Boley1.jpg?resize=200%2C96&amp;ssl=1 200w, https:\/\/i0.wp.com\/eltrabajo.cl\/portal\/wp-content\/uploads\/2014\/08\/Boley1.jpg?resize=300%2C145&amp;ssl=1 300w, https:\/\/i0.wp.com\/eltrabajo.cl\/portal\/wp-content\/uploads\/2014\/08\/Boley1.jpg?resize=150%2C72&amp;ssl=1 150w, https:\/\/i0.wp.com\/eltrabajo.cl\/portal\/wp-content\/uploads\/2014\/08\/Boley1.jpg?resize=400%2C193&amp;ssl=1 400w\" sizes=\"auto, (max-width: 529px) 100vw, 529px\" \/><\/a><figcaption id=\"caption-attachment-50253\" class=\"wp-caption-text\">LAS MEJORES.- La escuela y especialmente el profesor de voleibol vienen trabajando con este grupo de ni\u00f1as desde el a\u00f1o pasado, cuando se form\u00f3 la selecci\u00f3n del establecimiento, demostrando las ni\u00f1as entusiasmo por participar y representar a su escuela.<\/figcaption><\/figure>\n<p>Implementaci\u00f3n deportiva consistente en balones, poleras, cortavientos y zapatillas especiales para la pr\u00e1ctica del voleibol, recibi\u00f3 el equipo de la Escuela de Bucalemu que practica esa disciplina deportiva. La entrega la realiz\u00f3 el Alcalde Patricio Freire en el marco de un proyecto del IND, junto al Director de Deportes Municipal, Danilo Pe\u00f1a y al Concejal Dante Rodr\u00edguez, quienes visitaron la escuela el viernes reci\u00e9n pasado y se reunieron con la comunidad educativa.<\/p>\n<figure id=\"attachment_50254\" aria-describedby=\"caption-attachment-50254\" style=\"width: 370px\" class=\"wp-caption alignright\"><a href=\"https:\/\/i0.wp.com\/www.eltrabajo.cl\/portal\/wp-content\/uploads\/2014\/08\/Uniformes1.jpg\"><img data-recalc-dims=\"1\" loading=\"lazy\" decoding=\"async\" class=\" wp-image-50254 \" alt=\"Implementaci\u00f3n deportiva consistente en balones, poleras, cortavientos y zapatillas especiales para la pr\u00e1ctica del voleibol, recibi\u00f3 el equipo de la Escuela de Bucalemu que practica esa disciplina deportiva.\" src=\"https:\/\/i0.wp.com\/www.eltrabajo.cl\/portal\/wp-content\/uploads\/2014\/08\/Uniformes1.jpg?resize=370%2C242\" width=\"370\" height=\"242\" srcset=\"https:\/\/i0.wp.com\/eltrabajo.cl\/portal\/wp-content\/uploads\/2014\/08\/Uniformes1.jpg?w=529&amp;ssl=1 529w, https:\/\/i0.wp.com\/eltrabajo.cl\/portal\/wp-content\/uploads\/2014\/08\/Uniformes1.jpg?resize=200%2C130&amp;ssl=1 200w, https:\/\/i0.wp.com\/eltrabajo.cl\/portal\/wp-content\/uploads\/2014\/08\/Uniformes1.jpg?resize=300%2C196&amp;ssl=1 300w, https:\/\/i0.wp.com\/eltrabajo.cl\/portal\/wp-content\/uploads\/2014\/08\/Uniformes1.jpg?resize=150%2C98&amp;ssl=1 150w, https:\/\/i0.wp.com\/eltrabajo.cl\/portal\/wp-content\/uploads\/2014\/08\/Uniformes1.jpg?resize=400%2C261&amp;ssl=1 400w\" sizes=\"auto, (max-width: 370px) 100vw, 370px\" \/><\/a><figcaption id=\"caption-attachment-50254\" class=\"wp-caption-text\">Implementaci\u00f3n deportiva consistente en balones, poleras, cortavientos y zapatillas especiales para la pr\u00e1ctica del voleibol, recibi\u00f3 el equipo de la Escuela de Bucalemu que practica esa disciplina deportiva.<\/figcaption><\/figure>\n<p>La escuela y especialmente el profesor de voleibol vienen trabajando con este grupo de ni\u00f1as desde el a\u00f1o pasado, cuando se form\u00f3 la selecci\u00f3n del establecimiento, demostrando las ni\u00f1as entusiasmo por participar y representar a su escuela. \u201cLas ni\u00f1as quer\u00edan jugar voleibol, se les est\u00e1n entregando los elementos, est\u00e1n entrenando en el gimnasio de Curim\u00f3n y creo que van a salir grandes campeonas y nos van a saber representar en la comuna de San Felipe, estamos potenciando el deporte, sobre todo en los sectores rurales, donde se sacan grandes valores\u201d, dijo el Alcalde Patricio Freire.<\/p>\n<p>Tambi\u00e9n el Director del Departamento de Deportes, Danilo Pe\u00f1a, destac\u00f3 el trabajo que viene realizando este grupo de ni\u00f1as. \u201cGracias al trabajo de la Direcci\u00f3n de la escuela y de su profesor, se ve a las ni\u00f1as jugando voleibol, hoy d\u00eda est\u00e1n entrenando en el gimnasio de Curim\u00f3n tres veces a la semana, ya tuvieron su primer campeonato organizado por la escuela y fue muy buena la convocatoria<\/p>\n<p>La directora del establecimiento, Cecilia Delgado, se\u00f1al\u00f3 el orgullo que significa para la escuela el hecho de contar con este equipo.<\/p>\n<p>\u201cEs un orgullo que las ni\u00f1as puedan participar en este deporte, y puedan recibir el material lo que hace que las ni\u00f1as y los apoderados se incentiven en acompa\u00f1arlas\u201d. Delgado sostuvo que durante el 2011 los ni\u00f1os practicaron b\u00e1squetbol, sin embargo desde el a\u00f1o pasado comenzaron con voleibol con ni\u00f1os muy entusiasmados por aprender este deporte y poder as\u00ed representar a la escuela y a la comuna en alg\u00fan torneo.<\/p>\n<p>&nbsp;<\/p>\n","protected":false},"excerpt":{"rendered":"<p>Implementaci\u00f3n deportiva consistente en balones, poleras, cortavientos y zapatillas especiales para la pr\u00e1ctica del voleibol, recibi\u00f3 el equipo de la Escuela de Bucalemu que practica esa disciplina deportiva. La entrega la realiz\u00f3&#8230;<\/p>\n","protected":false},"author":482,"featured_media":0,"comment_status":"open","ping_status":"closed","sticky":false,"template":"","format":"standard","meta":{"advanced_seo_description":"","jetpack_seo_html_title":"","jetpack_seo_noindex":false,"_jetpack_memberships_contains_paid_content":false,"footnotes":""},"categories":[15],"tags":[],"class_list":["post-50252","post","type-post","status-publish","format-standard","hentry","category-comunidad"],"jetpack_featured_media_url":"","jetpack_sharing_enabled":true,"jetpack_likes_enabled":true,"jetpack-related-posts":[],"_links":{"self":[{"href":"https:\/\/eltrabajo.cl\/portal\/wp-json\/wp\/v2\/posts\/50252","targetHints":{"allow":["GET"]}}],"collection":[{"href":"https:\/\/eltrabajo.cl\/portal\/wp-json\/wp\/v2\/posts"}],"about":[{"href":"https:\/\/eltrabajo.cl\/portal\/wp-json\/wp\/v2\/types\/post"}],"author":[{"embeddable":true,"href":"https:\/\/eltrabajo.cl\/portal\/wp-json\/wp\/v2\/users\/482"}],"replies":[{"embeddable":true,"href":"https:\/\/eltrabajo.cl\/portal\/wp-json\/wp\/v2\/comments?post=50252"}],"version-history":[{"count":0,"href":"https:\/\/eltrabajo.cl\/portal\/wp-json\/wp\/v2\/posts\/50252\/revisions"}],"wp:attachment":[{"href":"https:\/\/eltrabajo.cl\/portal\/wp-json\/wp\/v2\/media?parent=50252"}],"wp:term":[{"taxonomy":"category","embeddable":true,"href":"https:\/\/eltrabajo.cl\/portal\/wp-json\/wp\/v2\/categories?post=50252"},{"taxonomy":"post_tag","embeddable":true,"href":"https:\/\/eltrabajo.cl\/portal\/wp-json\/wp\/v2\/tags?post=50252"}],"curies":[{"name":"wp","href":"https:\/\/api.w.org\/{rel}","templated":true}]}}